{"id":448112,"date":"2025-10-08T18:35:23","date_gmt":"2025-10-08T18:35:23","guid":{"rendered":"https:\/\/www.europesays.com\/fr\/448112\/"},"modified":"2025-10-08T18:35:23","modified_gmt":"2025-10-08T18:35:23","slug":"sandra-thery-nommee-directrice-generale-de-nextmove","status":"publish","type":"post","link":"https:\/\/www.europesays.com\/fr\/448112\/","title":{"rendered":"Sandra Thery nomm\u00e9e directrice g\u00e9n\u00e9rale de NextMove"},"content":{"rendered":"<p melodystyle=\"texte\">Sandra Thery a \u00e9t\u00e9 nomm\u00e9e directrice g\u00e9n\u00e9rale de NextMove, le p\u00f4le de comp\u00e9titivit\u00e9 de la fili\u00e8re automobile en Normandie et \u00cele-de-France. La dirigeante succ\u00e8de \u00e0 Marc Charlet, directeur depuis 2015. Ing\u00e9nieure dipl\u00f4m\u00e9e de Centrale Nantes, Sandra Thery a commenc\u00e9 sa carri\u00e8re chez Michelin, avant de rejoindre le groupe SNCF o\u00f9 elle a peu \u00e0 peu occup\u00e9 la fonction de directrice des donn\u00e9es. Sandra Thery s\u2019est ensuite lanc\u00e9e dans l\u2019entrepreneuriat en fondant en 2018 octave.io, une start-up dans la big data. Deux ans plus tard, la dirigeante a pris la direction de l\u2019ITII Normandie, institut de formation d\u2019ing\u00e9nieurs par apprentissage. Au sujet de sa nouvelle mission, Sandra Thery a d\u00e9clar\u00e9 : \u00ab\u00a0NextMove sera au rendez-vous des ambitions d\u2019une fili\u00e8re durable et comp\u00e9titive, moteur d\u2019un \u00e9cosyst\u00e8me qui valorise les atouts de nos territoires, affirme son rayonnement en Europe et soutient l\u2019attractivit\u00e9 des m\u00e9tiers et des savoir-faire industriels au profit de la comp\u00e9titivit\u00e9 de ses membres\u00a0\u00bb. Cette nomination fait suite \u00e0 celle de <a href=\"https:\/\/www.lejournaldesentreprises.com\/breve\/patrice-hamel-succede-philippe-prevel-la-presidence-de-nextmove-2121204\" target=\"_blank\" data-entity-type=\"node\" data-entity-substitution=\"canonical\" data-entity-uuid=\"ae36306e-de9f-4ad9-853f-2a38bb3729e6\" data-entity-id=\"2121204\" data-entity-bundle=\"breve\" data-internal-href=\"http:\/\/www.lejournaldesentreprises.com\/node\/2121204\" rel=\"noopener\">Patrice Hamel, nomm\u00e9 Pr\u00e9sident de NextMove<\/a> en juin 2025.<\/p>\n","protected":false},"excerpt":{"rendered":"Sandra Thery a \u00e9t\u00e9 nomm\u00e9e directrice g\u00e9n\u00e9rale de NextMove, le p\u00f4le de comp\u00e9titivit\u00e9 de la fili\u00e8re automobile en&hellip;\n","protected":false},"author":2,"featured_media":448113,"comment_status":"","ping_status":"","sticky":false,"template":"","format":"standard","meta":{"footnotes":""},"categories":[1592],"tags":[1111,11,1777,674,1011,27,662,12,626,25],"class_list":{"0":"post-448112","1":"post","2":"type-post","3":"status-publish","4":"format-standard","5":"has-post-thumbnail","7":"category-ile-de-france","8":"tag-actu","9":"tag-actualites","10":"tag-eu","11":"tag-europe","12":"tag-fr","13":"tag-france","14":"tag-ile-de-france","15":"tag-news","16":"tag-paris","17":"tag-republique-francaise"},"share_on_mastodon":{"url":"https:\/\/pubeurope.com\/@fr\/115339993047946256","error":""},"_links":{"self":[{"href":"https:\/\/www.europesays.com\/fr\/wp-json\/wp\/v2\/posts\/448112","targetHints":{"allow":["GET"]}}],"collection":[{"href":"https:\/\/www.europesays.com\/fr\/wp-json\/wp\/v2\/posts"}],"about":[{"href":"https:\/\/www.europesays.com\/fr\/wp-json\/wp\/v2\/types\/post"}],"author":[{"embeddable":true,"href":"https:\/\/www.europesays.com\/fr\/wp-json\/wp\/v2\/users\/2"}],"replies":[{"embeddable":true,"href":"https:\/\/www.europesays.com\/fr\/wp-json\/wp\/v2\/comments?post=448112"}],"version-history":[{"count":0,"href":"https:\/\/www.europesays.com\/fr\/wp-json\/wp\/v2\/posts\/448112\/revisions"}],"wp:featuredmedia":[{"embeddable":true,"href":"https:\/\/www.europesays.com\/fr\/wp-json\/wp\/v2\/media\/448113"}],"wp:attachment":[{"href":"https:\/\/www.europesays.com\/fr\/wp-json\/wp\/v2\/media?parent=448112"}],"wp:term":[{"taxonomy":"category","embeddable":true,"href":"https:\/\/www.europesays.com\/fr\/wp-json\/wp\/v2\/categories?post=448112"},{"taxonomy":"post_tag","embeddable":true,"href":"https:\/\/www.europesays.com\/fr\/wp-json\/wp\/v2\/tags?post=448112"}],"curies":[{"name":"wp","href":"https:\/\/api.w.org\/{rel}","templated":true}]}}