{"id":448114,"date":"2025-10-08T18:36:18","date_gmt":"2025-10-08T18:36:18","guid":{"rendered":"https:\/\/www.europesays.com\/fr\/448114\/"},"modified":"2025-10-08T18:36:18","modified_gmt":"2025-10-08T18:36:18","slug":"les-affaires-courantes-une-zone-grise-qui-pose-de-nombreuses-questions","status":"publish","type":"post","link":"https:\/\/www.europesays.com\/fr\/448114\/","title":{"rendered":"Les affaires courantes, une \u00ab\u00a0zone grise\u00a0\u00bb qui pose de nombreuses questions"},"content":{"rendered":"\n<p class=\"article__paragraph  \">Depuis la dissolution de l\u2019Assembl\u00e9e nationale, le 9\u00a0juin\u00a02024, la France a \u00e9t\u00e9 g\u00e9r\u00e9e pr\u00e8s de cent dix jours par des ministres d\u00e9missionnaires charg\u00e9s d\u2019exp\u00e9dier les affaires courantes. Soit environ un jour sur quatre. Parfois, l\u2019int\u00e9gralit\u00e9 du gouvernement \u00e9tait d\u00e9missionnaire, \u00e0 l\u2019image du gouvernement Attal, \u00e0 l\u2019\u00e9t\u00e9\u00a02024. Le mois de septembre a offert un autre cas de figure, avec un premier ministre de plein droit (S\u00e9bastien Lecornu) accompagn\u00e9 plusieurs semaines durant par des ministres d\u00e9missionnaires de l\u2019\u00e9quipe pr\u00e9c\u00e9dente. Une situation rare qui a permis d\u2019\u00e9prouver les limites des affaires courantes, une pratique mal encadr\u00e9e et pas vraiment pens\u00e9e pour fonctionner dans la dur\u00e9e.<\/p>\n<p>           Que peut faire un gouvernement d\u00e9missionnaire\u00a0?           <\/p>\n<p class=\"article__paragraph  \">\u00ab\u00a0Un gouvernement d\u00e9missionnaire exp\u00e9die les affaires courantes, c\u2019est-\u00e0-dire les affaires quotidiennes, mais aussi les affaires urgentes ou impos\u00e9es par les circonstances. Seules les questions relevant de choix politiques fondamentaux lui sont interdites\u00a0\u00bb, expliquent Aur\u00e9lien Baudu, professeur de droit public \u00e0 l\u2019universit\u00e9 de Lille, et son confr\u00e8re de l\u2019universit\u00e9 Paris Cit\u00e9, Xavier Cabannes, conc\u00e9dant que \u00ab\u00a0la distinction n\u2019est pas ais\u00e9e\u00a0\u00bb.<\/p>\n<p class=\"article__paragraph  \">Car ni la Constitution ni la loi n\u2019indiquent ce qui rel\u00e8ve, ou non, des affaires courantes. C\u2019est au juge administratif d\u2019appr\u00e9cier le respect du principe a posteriori, si un administr\u00e9 s\u2019estimant l\u00e9s\u00e9 le saisit. \u00ab\u00a0Les affaires courantes constituent une zone grise\u00a0\u00bb, r\u00e9sume Julien Boudon, professeur de droit public \u00e0 l\u2019universit\u00e9 Paris-Saclay.<\/p>\n<p>                              Voir en graphiques |  <a href=\"https:\/\/www.lemonde.fr\/les-decodeurs\/article\/2025\/10\/06\/sebastien-lecornu-premier-ministre-le-plus-ephemere-de-la-v-republique-a-la-tete-du-gouvernement-le-plus-court-depuis-plus-d-un-siecle_6644799_4355770.html\" class=\"js-article-read-also catcher--favoris__link\" data-premium=\"\" id=\"article-title-3441014\" rel=\"nofollow noopener\" target=\"_blank\">S\u00e9bastien Lecornu, premier ministre le plus \u00e9ph\u00e9m\u00e8re de la V\u1d49\u00a0R\u00e9publique, \u00e0\u00a0la\u00a0t\u00eate du\u00a0gouvernement le\u00a0plus court depuis plus d\u2019un si\u00e8cle<\/a>    <\/p>\n<p>   Lire plus tard  <\/p>\n<p>                 Qu\u2019a fait S\u00e9bastien Lecornu au mois de septembre\u00a0?           <\/p>\n<p class=\"article__paragraph  \">La lecture du <a href=\"https:\/\/www.legifrance.gouv.fr\/jorf\/jo\" target=\"_blank\" rel=\"noopener nofollow\" title=\"Nouvelle fen\u00eatre\">Journal officiel<\/a> (JO), dans lequel sont publi\u00e9s les textes officiels opposables aux citoyens (lois, d\u00e9crets, arr\u00eat\u00e9s, etc.), permet de se faire une id\u00e9e du type de textes sign\u00e9s durant les vingt-six jours d\u2019affaires courantes entre la d\u00e9mission de Fran\u00e7ois Bayrou, le 9\u00a0septembre, et la nomination du gouvernement Lecornu, le 5\u00a0octobre. \u00ab\u00a0Habituellement, le JO contient environ une moiti\u00e9 de textes politiques, une autre de textes banals mais cruciaux pour le fonctionnement du pays\u00a0\u00bb, rappelle M.\u00a0Boudon. Ces derni\u00e8res semaines, ces JO \u00e9taient, sans surprise, environ deux fois moins longs que de coutume.<\/p>\n<p class=\"reading-mode-only \"><strong>Il vous reste 69.39% de cet article \u00e0 lire. La suite est r\u00e9serv\u00e9e aux abonn\u00e9s.<\/strong><\/p>\n","protected":false},"excerpt":{"rendered":"Depuis la dissolution de l\u2019Assembl\u00e9e nationale, le 9\u00a0juin\u00a02024, la France a \u00e9t\u00e9 g\u00e9r\u00e9e pr\u00e8s de cent dix jours&hellip;\n","protected":false},"author":2,"featured_media":448115,"comment_status":"","ping_status":"","sticky":false,"template":"","format":"standard","meta":{"footnotes":""},"categories":[1888],"tags":[1111,1928,11,1927,1777,674,1011,27,12,1926,626,1925,25],"class_list":{"0":"post-448114","1":"post","2":"type-post","3":"status-publish","4":"format-standard","5":"has-post-thumbnail","7":"category-paris","8":"tag-actu","9":"tag-actu-paris","10":"tag-actualites","11":"tag-actualites-paris","12":"tag-eu","13":"tag-europe","14":"tag-fr","15":"tag-france","16":"tag-news","17":"tag-news-paris","18":"tag-paris","19":"tag-paris-news","20":"tag-republique-francaise"},"share_on_mastodon":{"url":"https:\/\/pubeurope.com\/@fr\/115339997064244176","error":""},"_links":{"self":[{"href":"https:\/\/www.europesays.com\/fr\/wp-json\/wp\/v2\/posts\/448114","targetHints":{"allow":["GET"]}}],"collection":[{"href":"https:\/\/www.europesays.com\/fr\/wp-json\/wp\/v2\/posts"}],"about":[{"href":"https:\/\/www.europesays.com\/fr\/wp-json\/wp\/v2\/types\/post"}],"author":[{"embeddable":true,"href":"https:\/\/www.europesays.com\/fr\/wp-json\/wp\/v2\/users\/2"}],"replies":[{"embeddable":true,"href":"https:\/\/www.europesays.com\/fr\/wp-json\/wp\/v2\/comments?post=448114"}],"version-history":[{"count":0,"href":"https:\/\/www.europesays.com\/fr\/wp-json\/wp\/v2\/posts\/448114\/revisions"}],"wp:featuredmedia":[{"embeddable":true,"href":"https:\/\/www.europesays.com\/fr\/wp-json\/wp\/v2\/media\/448115"}],"wp:attachment":[{"href":"https:\/\/www.europesays.com\/fr\/wp-json\/wp\/v2\/media?parent=448114"}],"wp:term":[{"taxonomy":"category","embeddable":true,"href":"https:\/\/www.europesays.com\/fr\/wp-json\/wp\/v2\/categories?post=448114"},{"taxonomy":"post_tag","embeddable":true,"href":"https:\/\/www.europesays.com\/fr\/wp-json\/wp\/v2\/tags?post=448114"}],"curies":[{"name":"wp","href":"https:\/\/api.w.org\/{rel}","templated":true}]}}