{"id":448116,"date":"2025-10-08T18:37:13","date_gmt":"2025-10-08T18:37:13","guid":{"rendered":"https:\/\/www.europesays.com\/fr\/448116\/"},"modified":"2025-10-08T18:37:13","modified_gmt":"2025-10-08T18:37:13","slug":"une-ex-deputee-macroniste-condamnee-a-huit-mois-de-prison-avec-sursis-pour-son-rodeo-urbain-sous-cocaine","status":"publish","type":"post","link":"https:\/\/www.europesays.com\/fr\/448116\/","title":{"rendered":"Une ex-d\u00e9put\u00e9e macroniste condamn\u00e9e \u00e0 huit mois de prison avec sursis pour son rod\u00e9o urbain sous coca\u00efne"},"content":{"rendered":"<p class=\"mb-4 text-lg md:leading-8 break-words\"><strong>Refus d\u2019obtemp\u00e9rer &#8211; Eva Son-Forget, l\u2019ancienne d\u00e9put\u00e9e LREM des Fran\u00e7ais de l\u2019\u00e9tranger a \u00e9t\u00e9 condamn\u00e9e pour un refus d\u2019obtemp\u00e9rer ayant eu lieu en juin\u00a02024<\/strong><\/p>\n<p class=\"mb-4 text-lg md:leading-8 break-words\">C\u2019est une spirale infernale qui emporte <a href=\"https:\/\/www.20minutes.fr\/politique\/en_marche\/?at_medium=RSS%20feed&amp;at_campaign=ynews&amp;utm_source=yahoo&amp;utm_medium=rss&amp;utm_campaign=news_feed&amp;utm_content=in_article_link\" rel=\"nofollow noopener\" target=\"_blank\" data-ylk=\"slk:Eva Son-Forget;elm:context_link;itc:0;sec:content-canvas\" class=\"link \">Eva Son-Forget<\/a>. L\u2019ancienne d\u00e9put\u00e9e LREM (<a href=\"https:\/\/www.20minutes.fr\/politique\/4121978-20241118-ex-deputee-eva-forget-entame-transition-genre?at_medium=RSS%20feed&amp;at_campaign=ynews&amp;utm_source=yahoo&amp;utm_medium=rss&amp;utm_campaign=news_feed&amp;utm_content=in_article_link\" rel=\"nofollow noopener\" target=\"_blank\" data-ylk=\"slk:\u00e9lue sous le pr\u00e9nom de Joachim, avant d\u2019annoncer sa transition de genre en\u00a02024;elm:context_link;itc:0;sec:content-canvas\" class=\"link \">\u00e9lue sous le pr\u00e9nom de Joachim, avant d\u2019annoncer sa transition de genre en\u00a02024<\/a>) de la 6e circonscription des Fran\u00e7ais de l\u2019\u00e9tranger (Suisse et Liechtenstein) a \u00e9t\u00e9 condamn\u00e9e \u00e0 huit mois d\u2019emprisonnement avec sursis ce mercredi matin par le tribunal correctionnel de <a href=\"https:\/\/www.20minutes.fr\/paris\/?at_medium=RSS%20feed&amp;at_campaign=ynews&amp;utm_source=yahoo&amp;utm_medium=rss&amp;utm_campaign=news_feed&amp;utm_content=in_article_link\" rel=\"nofollow noopener\" target=\"_blank\" data-ylk=\"slk:Paris;elm:context_link;itc:0;sec:content-canvas\" class=\"link \">Paris<\/a>.<\/p>\n<p class=\"mb-4 text-lg md:leading-8 break-words\">Il lui \u00e9tait reproch\u00e9 un rod\u00e9o urbain avec refus d\u2019obtemp\u00e9rer sous coca\u00efne dans le 7e\u00a0arrondissement de Paris en juin\u00a02024. Si aucune amende ne lui est inflig\u00e9e, elle voit son permis de conduire annul\u00e9 avec interdiction de le repasser pendant un an alors que le procureur avait requis dix mois de prison avec sursis, 6.000 euros d\u2019amende et une interdiction de repasser le permis pendant cinq ans.<\/p>\n<p>Ancienne cardiologue devenue sans domicile fixe<\/p>\n<p class=\"mb-4 text-lg md:leading-8 break-words\">Selon le conseil de l\u2019ancienne \u00e9lue, Me Sipan Ohanians interrog\u00e9e par <a href=\"https:\/\/www.leparisien.fr\/faits-divers\/rodeo-urbain-sous-cocaine-a-paris-huit-mois-de-prison-avec-sursis-pour-lex-deputee-eva-son-forget-08-10-2025-5NFEOKANCRCBNORP2MUJWQ3BFI.php?at_medium=RSS%20feed&amp;at_campaign=ynews&amp;utm_source=yahoo&amp;utm_medium=rss&amp;utm_campaign=news_feed&amp;utm_content=in_article_link\" rel=\"nofollow noopener\" target=\"_blank\" data-ylk=\"slk:Le Parisien;elm:context_link;itc:0;sec:content-canvas\" class=\"link \">Le Parisien<\/a>, \u00ab\u00a0cela laisse penser que le tribunal a tenu compte des arguments de la d\u00e9fense et de la situation personnelle singuli\u00e8re de Madame Son-Forget\u00a0\u00bb.<\/p>\n<p class=\"mb-4 text-lg md:leading-8 break-words\">Le 15 juin\u00a02024, la d\u00e9put\u00e9e avait refus\u00e9 d\u2019obtemp\u00e9rer \u00e0 un contr\u00f4le de police avec une fuite de 3,5 kilom\u00e8tres, au cours de laquelle elle avait \u00ab\u00a0embouti la voiture d\u2019un employ\u00e9 du Lutetia, roul\u00e9 \u00e0 contresens, grill\u00e9 de nombreux feux rouges et mordu sur les pistes cyclables\u00a0\u00bb, rappelle le quotidien. 0,7 gramme de coca\u00efne avait \u00e9t\u00e9 trouv\u00e9 sur elle.<\/p>\n<p class=\"mb-4 text-lg md:leading-8 break-words\">Cardiologue r\u00e9put\u00e9e en Suisse avant de se lancer dans la vie politique, l\u2019ex-d\u00e9put\u00e9e est aujourd\u2019hui sans domicile fixe(&#8230;)<\/p>\n<p class=\"mb-4 text-lg md:leading-8 break-words\"><a href=\"https:\/\/www.20minutes.fr\/justice\/4178050-20251008-paris-ex-deputee-macroniste-condamnee-huit-mois-prison-sursis-rodeo-urbain-sous-cocaine?at_medium=RSS%20feed&amp;at_campaign=ynews&amp;utm_source=yahoo&amp;utm_medium=rss&amp;utm_campaign=news_feed&amp;utm_content=read_more_link&quot;\" rel=\"nofollow noopener\" target=\"_blank\" data-ylk=\"slk:Lire la suite sur 20minutes;elm:context_link;itc:0;sec:content-canvas\" class=\"link \">Lire la suite sur 20minutes<\/a><\/p>\n<p>\u00c0 lire aussi :<br \/><a href=\"https:\/\/www.20minutes.fr\/politique\/4122018-20241119-depute-macroniste-karl-olive-condamne-huit-mois-prison-sursis?at_medium=RSS%20feed&amp;at_campaign=ynews&amp;utm_source=yahoo&amp;utm_medium=rss&amp;utm_campaign=news_feed&amp;utm_content=related_content_link\" rel=\"nofollow noopener\" target=\"_blank\" data-ylk=\"slk:Le d\u00e9put\u00e9 macroniste Karl Olive condamn\u00e9 \u00e0 huit mois de prison avec sursis;elm:context_link;itc:0;sec:content-canvas\" class=\"link \">Le d\u00e9put\u00e9 macroniste Karl Olive condamn\u00e9 \u00e0 huit mois de prison avec sursis<\/a><br \/><a href=\"https:\/\/www.20minutes.fr\/justice\/4044408-20230705-harcelement-moral-ex-deputee-lrem-laetitia-avia-condamnee-6-mois-prison-sursis?at_medium=RSS%20feed&amp;at_campaign=ynews&amp;utm_source=yahoo&amp;utm_medium=rss&amp;utm_campaign=news_feed&amp;utm_content=related_content_link\" rel=\"nofollow noopener\" target=\"_blank\" data-ylk=\"slk:Harc\u00e8lement moral\u00a0: L\u2019ex-d\u00e9put\u00e9e LREM Laetitia Avia condamn\u00e9e \u00e0 6 mois de prison avec sursis;elm:context_link;itc:0;sec:content-canvas\" class=\"link \">Harc\u00e8lement moral\u00a0: L\u2019ex-d\u00e9put\u00e9e LREM Laetitia Avia condamn\u00e9e \u00e0 6 mois de prison avec sursis<\/a><\/p>\n","protected":false},"excerpt":{"rendered":"Refus d\u2019obtemp\u00e9rer &#8211; Eva Son-Forget, l\u2019ancienne d\u00e9put\u00e9e LREM des Fran\u00e7ais de l\u2019\u00e9tranger a \u00e9t\u00e9 condamn\u00e9e pour un refus&hellip;\n","protected":false},"author":2,"featured_media":448117,"comment_status":"","ping_status":"","sticky":false,"template":"","format":"standard","meta":{"footnotes":""},"categories":[1888],"tags":[22794,1111,1928,11,1927,34484,1777,674,57382,1011,57381,27,38775,12,1926,626,1925,25],"class_list":{"0":"post-448116","1":"post","2":"type-post","3":"status-publish","4":"format-standard","5":"has-post-thumbnail","7":"category-paris","8":"tag-7e-arrondissement-de-paris","9":"tag-actu","10":"tag-actu-paris","11":"tag-actualites","12":"tag-actualites-paris","13":"tag-controle-de-police","14":"tag-eu","15":"tag-europe","16":"tag-eva-son-forget","17":"tag-fr","18":"tag-francais-de-letranger","19":"tag-france","20":"tag-le-prenom","21":"tag-news","22":"tag-news-paris","23":"tag-paris","24":"tag-paris-news","25":"tag-republique-francaise"},"share_on_mastodon":{"url":"https:\/\/pubeurope.com\/@fr\/115340000938204786","error":""},"_links":{"self":[{"href":"https:\/\/www.europesays.com\/fr\/wp-json\/wp\/v2\/posts\/448116","targetHints":{"allow":["GET"]}}],"collection":[{"href":"https:\/\/www.europesays.com\/fr\/wp-json\/wp\/v2\/posts"}],"about":[{"href":"https:\/\/www.europesays.com\/fr\/wp-json\/wp\/v2\/types\/post"}],"author":[{"embeddable":true,"href":"https:\/\/www.europesays.com\/fr\/wp-json\/wp\/v2\/users\/2"}],"replies":[{"embeddable":true,"href":"https:\/\/www.europesays.com\/fr\/wp-json\/wp\/v2\/comments?post=448116"}],"version-history":[{"count":0,"href":"https:\/\/www.europesays.com\/fr\/wp-json\/wp\/v2\/posts\/448116\/revisions"}],"wp:featuredmedia":[{"embeddable":true,"href":"https:\/\/www.europesays.com\/fr\/wp-json\/wp\/v2\/media\/448117"}],"wp:attachment":[{"href":"https:\/\/www.europesays.com\/fr\/wp-json\/wp\/v2\/media?parent=448116"}],"wp:term":[{"taxonomy":"category","embeddable":true,"href":"https:\/\/www.europesays.com\/fr\/wp-json\/wp\/v2\/categories?post=448116"},{"taxonomy":"post_tag","embeddable":true,"href":"https:\/\/www.europesays.com\/fr\/wp-json\/wp\/v2\/tags?post=448116"}],"curies":[{"name":"wp","href":"https:\/\/api.w.org\/{rel}","templated":true}]}}