{"id":448118,"date":"2025-10-08T18:38:13","date_gmt":"2025-10-08T18:38:13","guid":{"rendered":"https:\/\/www.europesays.com\/fr\/448118\/"},"modified":"2025-10-08T18:38:13","modified_gmt":"2025-10-08T18:38:13","slug":"de-la-politique-au-theatre-quand-le-conseil-de-paris-vire-a-la-mauvaise-comedie-de-boulevard","status":"publish","type":"post","link":"https:\/\/www.europesays.com\/fr\/448118\/","title":{"rendered":"De la politique au th\u00e9\u00e2tre, quand le Conseil de Paris vire \u00e0 la mauvaise com\u00e9die de boulevard"},"content":{"rendered":"<p class=\"paragraph text_align_left lp-f-body-02\">\u00ab Merci monsieur le pr\u00e9fet qui \u00e9tiez au spectacle\u2026 \u00bb Les questions d\u2019actualit\u00e9 s\u2019ach\u00e8vent au <a href=\"https:\/\/www.leparisien.fr\/paris-75\/conseil-de-paris-a-six-mois-des-municipales-les-debats-promettent-detre-electriques-06-10-2025-5KJSJ35D2JD63PAFTHYJOQYJZQ.php\" target=\"_blank\" rel=\"noreferrer nofollow noopener\">Conseil de Paris<\/a> ce mercredi apr\u00e8s-midi et la maire (PS) de Paris, s\u2019en tire avec cette pirouette un brin g\u00ean\u00e9e. Il faut dire que l\u2019\u00e9dile vient de pr\u00e9sider deux heures de d\u00e9bats pour le moins singuliers\u2026 qui ont souvent vir\u00e9 \u00e0 la com\u00e9die de boulevard.<\/p>\n<p class=\"paragraph text_align_left lp-f-body-02\">L\u2019auditoire avait pourtant \u00e9t\u00e9 pr\u00e9venu : depuis la reprise des travaux de l\u2019assembl\u00e9e d\u00e9lib\u00e9rante, mardi, tous les acteurs de ce (mauvais) spectacle avaient d\u00e9j\u00e0 annonc\u00e9 que les \u00e9changes seraient houleux lors de ces fameuses questions d\u2019actualit\u00e9. La preuve ? Les spectateurs et collaborateurs \u00e9taient pr\u00e9sents en plus grand nombre que d\u2019ordinaire dans l\u2019h\u00e9micycle.<\/p>\n","protected":false},"excerpt":{"rendered":"\u00ab Merci monsieur le pr\u00e9fet qui \u00e9tiez au spectacle\u2026 \u00bb Les questions d\u2019actualit\u00e9 s\u2019ach\u00e8vent au Conseil de Paris&hellip;\n","protected":false},"author":2,"featured_media":448119,"comment_status":"","ping_status":"","sticky":false,"template":"","format":"standard","meta":{"footnotes":""},"categories":[1888],"tags":[11,1777,674,1011,27,1944,12,626,316,25],"class_list":{"0":"post-448118","1":"post","2":"type-post","3":"status-publish","4":"format-standard","5":"has-post-thumbnail","7":"category-paris","8":"tag-actualites","9":"tag-eu","10":"tag-europe","11":"tag-fr","12":"tag-france","13":"tag-ma-ville","14":"tag-news","15":"tag-paris","16":"tag-politique","17":"tag-republique-francaise"},"share_on_mastodon":{"url":"https:\/\/pubeurope.com\/@fr\/115340004833032687","error":""},"_links":{"self":[{"href":"https:\/\/www.europesays.com\/fr\/wp-json\/wp\/v2\/posts\/448118","targetHints":{"allow":["GET"]}}],"collection":[{"href":"https:\/\/www.europesays.com\/fr\/wp-json\/wp\/v2\/posts"}],"about":[{"href":"https:\/\/www.europesays.com\/fr\/wp-json\/wp\/v2\/types\/post"}],"author":[{"embeddable":true,"href":"https:\/\/www.europesays.com\/fr\/wp-json\/wp\/v2\/users\/2"}],"replies":[{"embeddable":true,"href":"https:\/\/www.europesays.com\/fr\/wp-json\/wp\/v2\/comments?post=448118"}],"version-history":[{"count":0,"href":"https:\/\/www.europesays.com\/fr\/wp-json\/wp\/v2\/posts\/448118\/revisions"}],"wp:featuredmedia":[{"embeddable":true,"href":"https:\/\/www.europesays.com\/fr\/wp-json\/wp\/v2\/media\/448119"}],"wp:attachment":[{"href":"https:\/\/www.europesays.com\/fr\/wp-json\/wp\/v2\/media?parent=448118"}],"wp:term":[{"taxonomy":"category","embeddable":true,"href":"https:\/\/www.europesays.com\/fr\/wp-json\/wp\/v2\/categories?post=448118"},{"taxonomy":"post_tag","embeddable":true,"href":"https:\/\/www.europesays.com\/fr\/wp-json\/wp\/v2\/tags?post=448118"}],"curies":[{"name":"wp","href":"https:\/\/api.w.org\/{rel}","templated":true}]}}