{"id":448126,"date":"2025-10-08T18:42:10","date_gmt":"2025-10-08T18:42:10","guid":{"rendered":"https:\/\/www.europesays.com\/fr\/448126\/"},"modified":"2025-10-08T18:42:10","modified_gmt":"2025-10-08T18:42:10","slug":"le-trafic-aerien-aux-etats-unis-touche-par-le-blocage-budgetaire-actualites","status":"publish","type":"post","link":"https:\/\/www.europesays.com\/fr\/448126\/","title":{"rendered":"Le trafic a\u00e9rien aux Etats-Unis touch\u00e9 par le blocage budg\u00e9taire : Actualit\u00e9s"},"content":{"rendered":"<p class=\"lead \">Des retards et annulations de vol allant crescendo sont redout\u00e9s aux Etats-Unis en raison du blocage budg\u00e9taire qui paralyse depuis une semaine une partie de l&rsquo;Etat f\u00e9d\u00e9ral, alors que le Congr\u00e8s n&rsquo;est toujours pas parvenu mercredi \u00e0 sortir de l&rsquo;impasse.<\/p>\n<p class=\"lead \">Le S\u00e9nat a rejet\u00e9 pour la sixi\u00e8me fois un texte r\u00e9publicain qui propose une simple prolongation du budget actuel jusque fin novembre, de m\u00eame qu&rsquo;un texte d\u00e9mocrate qui pr\u00e9voit de maintenir certaines d\u00e9penses de sant\u00e9.<\/p>\n<p class=\"lead \">Une semaine apr\u00e8s le d\u00e9but de ce \u00ab\u00a0shutdown\u00a0\u00bb qui a mis des centaines de milliers de fonctionnaires au ch\u00f4mage technique, l&rsquo;inqui\u00e9tude grandit de voir s&rsquo;allonger les files d&rsquo;attente dans les a\u00e9roports en raison d&rsquo;un absent\u00e9isme croissant des contr\u00f4leurs a\u00e9riens et des agents de s\u00e9curit\u00e9 des transports.<\/p>\n<p class=\"lead \">Les contr\u00f4leurs a\u00e9riens sont consid\u00e9r\u00e9s comme ayant une mission \u00ab\u00a0essentielle\u00a0\u00bb de service public et ne sont pas mis au ch\u00f4mage technique durant un \u00ab\u00a0shutdown\u00a0\u00bb. <\/p>\n<p class=\"lead \">Mais puisqu&rsquo;\u00e0 l&rsquo;instar de l&rsquo;ensemble des fonctionnaires f\u00e9d\u00e9raux, ils ne sont pas pay\u00e9s tant que la paralysie dure, certains pr\u00e9f\u00e8rent se faire porter p\u00e2le plut\u00f4t que de travailler sans salaire.<\/p>\n<p class=\"lead \">Le ministre des Transports de Donald Trump, Sean Duffy, a d\u00e9clar\u00e9 \u00e0 la presse lundi qu&rsquo;une \u00ab\u00a0l\u00e9g\u00e8re\u00a0\u00bb augmentation du nombre de contr\u00f4leurs a\u00e9riens en arr\u00eat maladie avait d\u00e9j\u00e0 \u00e9t\u00e9 constat\u00e9e.<\/p>\n<p class=\"lead \">\u00ab\u00a0Notre priorit\u00e9 c&rsquo;est la s\u00e9curit\u00e9\u00a0\u00bb, a-t-il affirm\u00e9 depuis l&rsquo;a\u00e9roport de Newark, en banlieue de New York.<\/p>\n<p class=\"lead \">\u00ab\u00a0Et donc, si nous avons des arr\u00eats maladie suppl\u00e9mentaires, nous r\u00e9duirons le flux jusqu&rsquo;\u00e0 un rythme coh\u00e9rent avec la s\u00e9curit\u00e9 des Am\u00e9ricains\u00a0\u00bb, a ajout\u00e9 le ministre.<\/p>\n<p class=\"lead \">&#8211; \u00ab\u00a0Sur le reculoir\u00a0\u00bb &#8211;<\/p>\n<p class=\"lead \">Des probl\u00e8mes de manque de personnel touchent d\u00e9j\u00e0 pr\u00e8s d&rsquo;une douzaine d&rsquo;a\u00e9roports \u00e0 travers le pays, notamment \u00e0 Chicago et Boston, selon la FAA, le r\u00e9gulateur am\u00e9ricain de l&rsquo;aviation civile.<\/p>\n<p class=\"lead \">\u00ab\u00a0Comme le ministre Duffy l&rsquo;a dit, il y a une augmentation des p\u00e9nuries de personnel \u00e0 travers le syst\u00e8me\u00a0\u00bb de transport a\u00e9rien, a d\u00e9clar\u00e9 l&rsquo;agence dans un communiqu\u00e9.<\/p>\n<p class=\"lead \">\u00ab\u00a0Quand cela se produit, la FAA ralentit le trafic \u00e0 destination de certains a\u00e9roports pour s&rsquo;assurer de la s\u00e9curit\u00e9 des op\u00e9rations\u00a0\u00bb, a-t-elle pr\u00e9cis\u00e9.<\/p>\n<p class=\"lead \">Depuis le d\u00e9but de l&rsquo;impasse budg\u00e9taire au Congr\u00e8s, chaque camp se retranche sur ses positions, et aucune issue n&rsquo;est en vue pour le moment.<\/p>\n<p class=\"lead \">Certains fonctionnaires f\u00e9d\u00e9raux vont manquer leur premier salaire vendredi, et la pression monte sur les \u00e9lus pour mettre fin \u00e0 la crise.<\/p>\n<p class=\"lead \">Le chef de la minorit\u00e9 d\u00e9mocrate au S\u00e9nat, Chuck Schumer, a estim\u00e9 mercredi devant la presse que les r\u00e9publicains \u00e9taient \u00ab\u00a0sur le reculoir\u00a0\u00bb. Le s\u00e9nateur new-yorkais a point\u00e9 en direction des nombreux sondages qui montrent selon lui un manque de soutien envers les arguments de la majorit\u00e9 pr\u00e9sidentielle.<\/p>\n<p class=\"lead \">Donald Trump continue en parall\u00e8le de lancer des menaces de cons\u00e9quences graves si l&rsquo;opposition ne c\u00e8de pas. Il a ainsi affirm\u00e9 mardi que les fonctionnaires f\u00e9d\u00e9raux mis au ch\u00f4mage technique ne recevraient pas automatiquement leurs arri\u00e9r\u00e9s de salaire, malgr\u00e9 une loi en ce sens adopt\u00e9e lors de son premier mandat.<\/p>\n<p class=\"lead \">Une prise de position \u00e0 laquelle se sont oppos\u00e9s de nombreux responsables, jusque dans sa majorit\u00e9.<\/p>\n<p class=\"lead \">Mercredi, c&rsquo;est au tour de plus d&rsquo;1,3 million de militaires de ne pas toucher leur solde comme pr\u00e9vu, une \u00e9ch\u00e9ance marquante dans un pays o\u00f9 ceux-ci ont une place particuli\u00e8re dans l&rsquo;esprit du grand public.<\/p>\n<p class=\"small font-weight-bold text-gray3 \"> publi\u00e9 le 8 octobre \u00e0 20h37, AFP<\/p>\n<p>                             Partager<\/p>\n","protected":false},"excerpt":{"rendered":"Des retards et annulations de vol allant crescendo sont redout\u00e9s aux Etats-Unis en raison du blocage budg\u00e9taire qui&hellip;\n","protected":false},"author":2,"featured_media":448127,"comment_status":"","ping_status":"","sticky":false,"template":"","format":"standard","meta":{"footnotes":""},"categories":[1589],"tags":[13790,11,1003,73,1866,590,12,1050,316,1864,1865,1863,308],"class_list":{"0":"post-448126","1":"post","2":"type-post","3":"status-publish","4":"format-standard","5":"has-post-thumbnail","7":"category-etats-unis","8":"tag-conomie","9":"tag-actualites","10":"tag-budget","11":"tag-etats-unis","12":"tag-etats-unis-damerique","13":"tag-finance","14":"tag-news","15":"tag-parlement","16":"tag-politique","17":"tag-united-states","18":"tag-united-states-of-america","19":"tag-us","20":"tag-usa"},"share_on_mastodon":{"url":"https:\/\/pubeurope.com\/@fr\/115340020619534706","error":""},"_links":{"self":[{"href":"https:\/\/www.europesays.com\/fr\/wp-json\/wp\/v2\/posts\/448126","targetHints":{"allow":["GET"]}}],"collection":[{"href":"https:\/\/www.europesays.com\/fr\/wp-json\/wp\/v2\/posts"}],"about":[{"href":"https:\/\/www.europesays.com\/fr\/wp-json\/wp\/v2\/types\/post"}],"author":[{"embeddable":true,"href":"https:\/\/www.europesays.com\/fr\/wp-json\/wp\/v2\/users\/2"}],"replies":[{"embeddable":true,"href":"https:\/\/www.europesays.com\/fr\/wp-json\/wp\/v2\/comments?post=448126"}],"version-history":[{"count":0,"href":"https:\/\/www.europesays.com\/fr\/wp-json\/wp\/v2\/posts\/448126\/revisions"}],"wp:featuredmedia":[{"embeddable":true,"href":"https:\/\/www.europesays.com\/fr\/wp-json\/wp\/v2\/media\/448127"}],"wp:attachment":[{"href":"https:\/\/www.europesays.com\/fr\/wp-json\/wp\/v2\/media?parent=448126"}],"wp:term":[{"taxonomy":"category","embeddable":true,"href":"https:\/\/www.europesays.com\/fr\/wp-json\/wp\/v2\/categories?post=448126"},{"taxonomy":"post_tag","embeddable":true,"href":"https:\/\/www.europesays.com\/fr\/wp-json\/wp\/v2\/tags?post=448126"}],"curies":[{"name":"wp","href":"https:\/\/api.w.org\/{rel}","templated":true}]}}