{"id":448128,"date":"2025-10-08T18:43:09","date_gmt":"2025-10-08T18:43:09","guid":{"rendered":"https:\/\/www.europesays.com\/fr\/448128\/"},"modified":"2025-10-08T18:43:09","modified_gmt":"2025-10-08T18:43:09","slug":"labandon-dun-proces-pour-espionnage-au-profit-de-la-chine-secoue-la-presse-britannique","status":"publish","type":"post","link":"https:\/\/www.europesays.com\/fr\/448128\/","title":{"rendered":"L\u2019abandon d\u2019un proc\u00e8s pour espionnage au profit de la Chine secoue la presse britannique"},"content":{"rendered":"\n<p>Le Premier ministre britannique, Keir Starmer, \u201cdoit s\u2019expliquer imm\u00e9diatement\u201d, <a href=\"https:\/\/www.telegraph.co.uk\/opinion\/2025\/10\/07\/china-spy-case-jarvis-security-secret-china-starmer\/\" target=\"_blank\" rel=\"noopener\">tonne <strong>The Daily Telegraph<\/strong><\/a><strong>.<\/strong> Le quotidien conservateur ne d\u00e9col\u00e8re pas depuis la r\u00e9v\u00e9lation, au d\u00e9but du mois, d\u2019un singulier imbroglio judiciaire.<\/p>\n<p><a href=\"https:\/\/www.courrierinternational.com\/article\/renseignements-la-revelation-de-soupcons-d-espionnage-chinois-en-marge-du-g20-agite-le-royaume-uni\" target=\"_blank\" rel=\"noopener\">Arr\u00eat\u00e9s en\u00a02023\u00a0en raison de soup\u00e7ons d\u2019espionnage pour le compte de la Chine<\/a>, deux chercheurs rattach\u00e9s au Parlement britannique devaient \u00eatre jug\u00e9s \u00e0 partir du 15\u00a0septembre dernier. Seulement, les poursuites ont \u00e9t\u00e9 abandonn\u00e9es de mani\u00e8re soudaine, peu avant l\u2019ouverture du proc\u00e8s. En cause, \u201cla d\u00e9cision prise en haut lieu de ne pas consid\u00e9rer la Chine comme une menace \u2018envers la s\u00e9curit\u00e9 nationale du Royaume-Uni\u2019, une condition indispensable en vertu de l\u2019Official Secrets Act de\u00a01911\u201d, d\u00e9taille le journal londonien. \u201cUne personne est d\u00e9clar\u00e9e coupable, selon ce texte de loi, si elle a agi de mani\u00e8re pr\u00e9judiciable pour la s\u00e9curit\u00e9 de l\u2019\u00c9tat et a transmis des informations qui sont susceptibles d\u2019\u00eatre \u2018directement ou indirectement utiles \u00e0 l\u2019ennemi\u2019\u201d, <a class=\"ithalc\" data-ithal=\"lien_externe\" data-ithalc=\"[nav_article]\" target=\"_blank\" href=\"https:\/\/www.theguardian.com\/world\/2025\/oct\/07\/china-spies-case-was-dropped-after-government-failed-to-provide-evidence-of-beijing-threat\" rel=\"noopener\">compl\u00e8te <strong>The Guardian<\/strong><\/a><strong>.<\/strong><\/p>\n<p>Les faits pr\u00e9sum\u00e9s, d\u00e9crits par le journal de gauche, semblent \u00e0 premi\u00e8re vue tomber dans le p\u00e9rim\u00e8tre de la l\u00e9gislation\u00a0: les deux trentenaires, l\u2019un install\u00e9 \u00e0 Westminster et l\u2019autre en Chine, auraient partag\u00e9 des \u00e9l\u00e9ments dont le destinataire final serait<strong> <\/strong>Cai Qi, num\u00e9ro cinq du r\u00e9gime<\/p>\n","protected":false},"excerpt":{"rendered":"Le Premier ministre britannique, Keir Starmer, \u201cdoit s\u2019expliquer imm\u00e9diatement\u201d, tonne The Daily Telegraph. Le quotidien conservateur ne d\u00e9col\u00e8re&hellip;\n","protected":false},"author":2,"featured_media":448129,"comment_status":"","ping_status":"","sticky":false,"template":"","format":"standard","meta":{"footnotes":""},"categories":[1588],"tags":[11,4777,1777,674,1892,303,2581,12,7487,473,1853,1851,1850,1852],"class_list":{"0":"post-448128","1":"post","2":"type-post","3":"status-publish","4":"format-standard","5":"has-post-thumbnail","7":"category-royaume-uni","8":"tag-actualites","9":"tag-espionnage","10":"tag-eu","11":"tag-europe","12":"tag-gu00e9opolitique","13":"tag-justice","14":"tag-keir-starmer","15":"tag-news","16":"tag-parti-travailliste-royaume-uni","17":"tag-royaume-uni","18":"tag-royaume-uni-de-grande-bretagne-et-dirlande-du-nord","19":"tag-uk","20":"tag-united-kingdom","21":"tag-united-kingdom-of-great-britain-and-northern-ireland"},"share_on_mastodon":{"url":"https:\/\/pubeurope.com\/@fr\/115340024584750068","error":""},"_links":{"self":[{"href":"https:\/\/www.europesays.com\/fr\/wp-json\/wp\/v2\/posts\/448128","targetHints":{"allow":["GET"]}}],"collection":[{"href":"https:\/\/www.europesays.com\/fr\/wp-json\/wp\/v2\/posts"}],"about":[{"href":"https:\/\/www.europesays.com\/fr\/wp-json\/wp\/v2\/types\/post"}],"author":[{"embeddable":true,"href":"https:\/\/www.europesays.com\/fr\/wp-json\/wp\/v2\/users\/2"}],"replies":[{"embeddable":true,"href":"https:\/\/www.europesays.com\/fr\/wp-json\/wp\/v2\/comments?post=448128"}],"version-history":[{"count":0,"href":"https:\/\/www.europesays.com\/fr\/wp-json\/wp\/v2\/posts\/448128\/revisions"}],"wp:featuredmedia":[{"embeddable":true,"href":"https:\/\/www.europesays.com\/fr\/wp-json\/wp\/v2\/media\/448129"}],"wp:attachment":[{"href":"https:\/\/www.europesays.com\/fr\/wp-json\/wp\/v2\/media?parent=448128"}],"wp:term":[{"taxonomy":"category","embeddable":true,"href":"https:\/\/www.europesays.com\/fr\/wp-json\/wp\/v2\/categories?post=448128"},{"taxonomy":"post_tag","embeddable":true,"href":"https:\/\/www.europesays.com\/fr\/wp-json\/wp\/v2\/tags?post=448128"}],"curies":[{"name":"wp","href":"https:\/\/api.w.org\/{rel}","templated":true}]}}