{"id":448139,"date":"2025-10-08T18:49:12","date_gmt":"2025-10-08T18:49:12","guid":{"rendered":"https:\/\/www.europesays.com\/fr\/448139\/"},"modified":"2025-10-08T18:49:12","modified_gmt":"2025-10-08T18:49:12","slug":"la-promesse-dun-premier-ministre-sous-48h-et-dautres-annonces","status":"publish","type":"post","link":"https:\/\/www.europesays.com\/fr\/448139\/","title":{"rendered":"la promesse d'\u00a0\u00bbun Premier ministre sous 48h\u00a0\u00bb et d&rsquo;autres annonces"},"content":{"rendered":"<p class=\"app_entry_lead\">\n<p>                    <a title=\"\u00a0\u00a9\u00a0SIPA\" href=\"https:\/\/www.europesays.com\/fr\/wp-content\/uploads\/2025\/10\/81224890.jpg\" class=\"fancy\"><\/p>\n<p>                            <img loading=\"lazy\" decoding=\"async\" src=\"https:\/\/www.europesays.com\/fr\/wp-content\/uploads\/2025\/10\/81224890.jpg\" alt=\"S\u00e9bastien Lecornu au 20h\u00a0: la promesse d'&quot;un Premier ministre sous 48h&quot; et d'autres annonces\" width=\"1500\" height=\"999\"\/><\/p>\n<p>                    <\/a><\/p>\n<p>                Ce mercredi 8\u00a0octobre, le Premier ministre d\u00e9missionnaire a tir\u00e9 le bilan de ses consultations pour constituer un nouveau gouvernement. C&rsquo;est d\u00e9sormais \u00e0 Emmanuel Macron de trancher.<\/p>\n<p>L&rsquo;essentiel<\/p>\n<ul>&#13;<\/p>\n<li><a href=\"https:\/\/www.linternaute.com\/sebastien-lecornu\/\" title=\"S\u00e9bastien Lecornu\" target=\"_blank\" rel=\"noopener\">S\u00e9bastien Lecornu<\/a> s&rsquo;est exprim\u00e9 au JT de France 2 ce mercredi soir. Voici ces principales annonces :<\/li>\n<p>&#13;<\/p>\n<li><strong>Sur le risque de dissolution<\/strong> &#8211;\u00a0\u00ab\u00a0Il y a une majorit\u00e9 absolue \u00e0 l&rsquo;Assembl\u00e9e qui refuse la dissolution\u00a0\u00bb a affirm\u00e9 le Premier ministre d\u00e9missionnaire, qui s&rsquo;est\u00a0r\u00e9jouit qu&rsquo;une majorit\u00e9 de d\u00e9put\u00e9s soient\u00a0d&rsquo;accord pour adopter \u00ab\u00a0un budget avant la fin de l&rsquo;ann\u00e9e\u00a0\u00bb.<\/li>\n<p>&#13;<\/p>\n<li><strong>Sur la composition du futur gouvernement <\/strong>&#8211; \u00ab\u00a0Je pense que la situation permet au pr\u00e9sident de la R\u00e9publique de nommer un Premier ministre dans les 48 prochaines heures\u00a0\u00bb<\/li>\n<p>&#13;<\/p>\n<li>Un Premier ministre de gauche ? \u00ab\u00a0Vous avez toujours 210 d\u00e9put\u00e9s (du centre et de droite)\u00a0qui veulent la stabilit\u00e9,\u00a0quelque chose qui peut converger. [&#8230;] Et puis vous avez aussi la gauche, qui revendique Matignon. La d\u00e9cision appartient au pr\u00e9sident de la R\u00e9publique. [&#8230;] Tout le monde devra faire un boug\u00e9 pour s&rsquo;entendre\u00a0\u00bb.<\/li>\n<p>&#13;<\/p>\n<li>\u00ab\u00a0Nommer un Premier ministre, engager les r\u00e9flexions sur les ministres, ce sont les pr\u00e9rogatives du pr\u00e9sident de la R\u00e9publique\u00a0\u00bb.<\/li>\n<p>&#13;<\/p>\n<li><strong>Sur les chantiers du futur Premier ministre<\/strong> &#8211; \u00ab\u00a0L&rsquo;\u00e9quipe qui prendra les responsabilit\u00e9s devra \u00eatre totalement d\u00e9connect\u00e9e des ambitions pr\u00e9sidentielles pour 2027\u00a0\u00bb<\/li>\n<p>&#13;<\/p>\n<li>\u00ab\u00a0Les priorit\u00e9s ce sont le budget et l&rsquo;avenir de la Nouvelle-Cal\u00e9donie\u00a0\u00bb.<\/li>\n<p>&#13;<\/p>\n<li><strong>Sur la r\u00e9forme des retraites<\/strong> &#8211; \u00ab\u00a0Je vois bien qu&rsquo;il faudra trouv\u00e9 un chemin pour ouvrir le d\u00e9bat sur la suspension de la r\u00e9forme des retraites. C&rsquo;est un nouveau gouvernement qui devra se\u00a0charger de lancer ce d\u00e9bat au Parlement\u00a0\u00bb.\u00a0\u00ab\u00a0De toutes fa\u00e7ons, ce d\u00e9bat il aura lieu lors de la campagne pr\u00e9sidentielle\u00a0\u00bb.<\/li>\n<p>&#13;<\/p>\n<li><strong>Sur le budget 2025 <\/strong>&#8211; \u00ab\u00a0J&rsquo;ai veill\u00e9 \u00e0 proposer\u00a0un premier budget. Il n&rsquo;est pas parfait, c&rsquo;est un d\u00e9part pour initier le d\u00e9bat\u00a0\u00bb. \u00ab\u00a0J\u2019avais imagin\u00e9 que si des imp\u00f4ts augmentaient, d\u2019autres devaient diminuer\u00a0\u00bb.<\/li>\n<p>&#13;<\/p>\n<li><strong>Sur les appels \u00e0 la d\u00e9mission d&rsquo;Emmanuel Macron <\/strong>&#8211;\u00a0\u00a0\u00ab\u00a0En tant que toujours ministre en charge des arm\u00e9es, je peux vous t\u00e9moigner que ce n\u2019est pas le moment de changer de pr\u00e9sident de la R\u00e9publique\u00a0\u00bb<\/li>\n<p>&#13;<\/p>\n<li><strong>Apr\u00e8s cette intervention de S\u00e9bastien Lecornu, que fera Emmanuel Macron ?<\/strong> Le pr\u00e9sident\u00a0ne devrait pas prendre la parole et attendre au moins jeudi, peut-\u00eatre vendredi,\u00a0pour nommer un nouveau Premier ministre, a fait savoir l&rsquo;entourage du pr\u00e9sident puis S\u00e9bastien Lecornu.\u00a0<\/li>\n<p>&#13;\n<\/ul>\n<p>\u00a0<\/p>\n<\/p>\n<p>En direct<\/p>\n<p><a name=\"post1759949047\"\/>20:44 &#8211; Un budget pour 2026 pr\u00e9vu dans peu de temps ?<\/p>\n<p>\u00ab\u00a0Il y aura beaucoup \u00e0 d\u00e9battre\u00a0\u00bb, assure S\u00e9bastien Lecornu face \u00e0 la journaliste L\u00e9a Salam\u00e9 au JT de France 2. \u00ab\u00a0Toutes les forces politiques, hors LFI et Rassemblement national, m&rsquo;ont dit qu&rsquo;on ne pouvait pas prendre le risque de ne pas avoir de budget au 31 d\u00e9cembre parce que les cons\u00e9quences pour la France et les Fran\u00e7ais seraient dramatiques\u00a0\u00bb, a t-il aussi\u00a0 expliqu\u00e9.<\/p>\n<p><a name=\"post1759948677\"\/>20:37 &#8211; Bient\u00f4t un Premier ministre de gauche?<\/p>\n<p>S\u00e9bastien Lecornu assure que \u00ab\u00a0c&rsquo;est au chef de l&rsquo;\u00c9tat de mener les ultimes n\u00e9gociations\u00a0\u00bb, notamment sur une personnalit\u00e9 de gauche \u00e0 Matignon. \u00ab\u00a0C&rsquo;est au chef de l&rsquo;\u00c9tat de mener les ultimes n\u00e9gociations\u00a0\u00bb pour nommer un nouveau Premier ministre, assure S\u00e9bastien Lecornu. Il se dit plut\u00f4t \u201coptimiste\u00a0\u00bb. Le Premier ministre d\u00e9missionnaire avance que \u00ab\u00a0ce qu&rsquo;il nous manque c&rsquo;est le dernier m\u00e8tre\u00a0\u00bb dans ces n\u00e9gociations et \u00ab\u00a0la capacit\u00e9 \u00e0 b\u00e2tir des compromis dans l&rsquo;H\u00e9micycle.\u00a0\u00bb, continue t-il.<\/p>\n<p><a name=\"post1759948189\"\/>20:29 &#8211; \u00ab\u00a0Une majorit\u00e9 absolue refuse une dissolution\u00a0\u00bb<\/p>\n<p>\u00ab\u00a0Une majorit\u00e9 absolue refuse une dissolution\u00a0\u00bb, selon S\u00e9bastien Lecornu, qui assure que \u00ab\u00a0beaucoup de personnalit\u00e9s politiques, connaissant leur circonscription, savent tr\u00e8s bien que [de nouvelles l\u00e9gislatives]\u00a0am\u00e8neraient \u00e0 la m\u00eame situation\u00a0\u00bb. Le Premier ministre d\u00e9missionnaire indique qu'\u00a0\u00bbune majorit\u00e9 de partis et de formation est pr\u00eate \u00e0 s&rsquo;accorder sur un budget commun\u00a0\u00bb. \u00ab\u00a0Je sens qu&rsquo;un chemin est possible\u00a0\u00bb, a-t-il conclu.<\/p>\n<p><a name=\"post1759948054\"\/>20:27 &#8211; Un prochain ministre dans les prochaines 48 heures ? <\/p>\n<p>Le Premier ministre d\u00e9missionnaire S\u00e9bastien Lecornu a men\u00e9, ces derni\u00e8res 48 heures, des n\u00e9gociations avec des formations politiques. Selon lui, toutes s&rsquo;accordent\u00a0\u00ab\u00a0sur un budget commun et des formations politiques de l&rsquo;opposition qui veulent aussi cette stabilit\u00e9 [&#8230;], mais ils mettent des conditions. Il a r\u00e9affirm\u00e9 \u201cqu\u2019un chemin est possible\u201d.<\/p>\n<p>Il ajoute \u00e9galement \u00e0 propos d&rsquo;un nouveau Premier ministre : \u00ab\u00a0J&rsquo;ai dit au pr\u00e9sident de la R\u00e9publique que les perspectives de dissolution s&rsquo;\u00e9loignaient et que je pense que la situation permet, pour lui, de nommer un Premier ministre dans les 48 prochaines heures\u00a0\u00bb, a-t-il poursuivit au JT de 20h de France 2.<\/p>\n<p><a name=\"post1759947761\"\/>20:22 &#8211; S\u00e9bastien Lecornu ne souhaite pas poursuivre sa mission de Premier ministre <\/p>\n<p>S\u00e9bastien Lecornu, Premier ministre d\u00e9missionnaire a abord\u00e9 la question d\u2019une nouvelle nomination en tant que Premier ministre lors du journal de France 2 \u00e0 20h. Il a plusieurs fois insist\u00e9 sur le fait qu\u2019il ne reviendrait pas aux manettes du gouvernement. \u201cJe consid\u00e8re que ma mission est termin\u00e9e\u201d, a-t-il d\u00e9clar\u00e9 d\u00e8s les premi\u00e8res minutes de l\u2019interview, malgr\u00e9 son \u00ab\u00a0c\u00f4t\u00e9 moine soldat\u00a0\u00bb qui l&rsquo;a pouss\u00e9 \u00e0 accepter de travailler \u00e0 la mission qu&rsquo;Emmanuel Macron lui a confi\u00e9e lundi. Il a ajout\u00e9 \u201cne pas courir derri\u00e8re le job\u201d. Enfin, il a expliqu\u00e9 que la situation politique actuelle \u201cn\u2019est pas facile\u201d.<\/p>\n<p><a name=\"post1759946949\"\/>20:09 &#8211; Pas de dissolution annonc\u00e9e ce soir ?<\/p>\n<p>Apr\u00e8s avoir \u00e9chang\u00e9 avec Emmanuel Macron, le Premier ministre d\u00e9missionnaire serait convaincu qu&rsquo;une dissolution de l&rsquo;Assembl\u00e9e ne \u00ab\u00a0serait pas n\u00e9cessaire\u00a0\u00bb, selon France Info qui cite l&rsquo;entourage du pr\u00e9sident de la R\u00e9publique.<\/p>\n<p><a name=\"post1759946469\"\/>20:01 &#8211; L&rsquo;intervention de S\u00e9bastien Lecornu est imminente<\/p>\n<p>Dans quelques minutes, le Premier ministre d\u00e9missionnaire sera interrog\u00e9 sur le plateau de France 2. Retrouvez ici m\u00eame les annonces principales en direct.<\/p>\n<p><a name=\"post1759945913\"\/>19:51 &#8211; S\u00e9bastien Lecornu s&rsquo;exprimera \u00e0 20 heures<\/p>\n<p>Apr\u00e8s de \u00ab\u00a0ultimes n\u00e9gociations\u00a0\u00bb pour mieux identifier d&rsquo;\u00e9ventuels compromis gouvernementaux et apr\u00e8s un peu plus d&rsquo;une heure de discussions avec Emmanuel Macron, le Premier ministre d\u00e9missionnaire doit s&rsquo;exprimer ce mercredi soir au JT de France 2. S\u00e9bastien Lecornu est attendu au 20 Heures de la cha\u00eene de t\u00e9l\u00e9vision publique pour partager ses conclusions avec les Fran\u00e7ais. Pour l\u2019heure, le chef de l&rsquo;\u00c9tat n&rsquo;a pas pr\u00e9vu de s&rsquo;exprimer. S\u00e9bastien Lecornu est-il parvenu \u00e0 remplir la mission de 48 heures qui lui a \u00e9t\u00e9 confi\u00e9e par le chef de l\u2019\u00c9tat ?<\/p>\n<p><a name=\"post1759944554\"\/>19:29 &#8211; Une prise de parole d&rsquo;Emmanuel Macron apr\u00e8s celle de S\u00e9bastien Lecornu ?<\/p>\n<p>Ce mercredi soir, la prise de parole de S\u00e9bastien Lecornu est la seule pr\u00e9vue \u00e0 l&rsquo;agenda de l&rsquo;ex\u00e9cutif. Emmanuel Macron n&rsquo;a pas pr\u00e9vu de s&rsquo;exprime dans la foul\u00e9e et n&rsquo;a pas fait conna\u00eetre de date pour un \u00e9ventuel discours \u00e0 venir. Si plus t\u00f4t dans la journ\u00e9e, RTL disait avoir identifi\u00e9 trois cr\u00e9neaux possible pour un discours du pr\u00e9sidentiel de la R\u00e9publique &#8211; ce mercredi, vendredi ou dimanche -, l&rsquo;Elys\u00e9e n&rsquo;a rien confirm\u00e9 ou infirm\u00e9. Une prise de parole pr\u00e9sidentielle semble toutefois tout simplement \u00e9cart\u00e9e, notamment si la prochaine \u00e9tape est la nomination d&rsquo;un Premier ministre qui pourrait se faire par voie de communiqu\u00e9 comme lors de la nomination de S\u00e9bastien Lecornu.<\/p>\n<p><a name=\"post1759943563\"\/>19:12 &#8211; La suspension de la r\u00e9forme des retraites confirm\u00e9e ?<\/p>\n<p>Alors que la proposition de suspendre la r\u00e9forme des retraites a \u00e9t\u00e9 formul\u00e9e par Elisabeth Borne dans le Parisien\u00a0et pas S\u00e9bastien Lecornu lors de son rendez-vous avec Rapha\u00ebl Glucksmann hier, le PS a dit ne pas avoir eu d'\u00a0\u00bbassurance\u00a0\u00bb concernant cette mesure lors de son entretien avec le Premier ministre d\u00e9missionnaire ce mercredi. \u00ab\u00a0Le Premier ministre n\u2019a ferm\u00e9 aucune porte sur le pouvoir d\u2019achat, la justice fiscale et le d\u00e9bat sur les retraites o\u00f9 il a pris acte de la d\u00e9claration de Borne, mais nous ne savons pas s\u2019il mettra cela dans la maquette qu\u2019il pr\u00e9sentera ce soir au\u00a0pr\u00e9sident de la R\u00e9publique\u00a0et qu\u2019il pr\u00e9sente comme une voie de passage\u00a0\u00bb a pr\u00e9cis\u00e9 un participant \u00e0 la r\u00e9union au Parisien.<\/p>\n<p>S\u00e9bastien Lecornu pourrait donc pr\u00e9ciser la position du bloc central ou du moins sa r\u00e9action et la possibilit\u00e9 d&rsquo;\u00e9ventuels compromis sur ces sujets en vue de trouver un accord de gouvernement ou de non-censure avec les forces politiques.<\/p>\n<p><a name=\"post1759942546\"\/>18:55 &#8211; Lecornu a-t-il trouv\u00e9 un accord de gouvernement ou un pacte de non-censure ?<\/p>\n<p>Apr\u00e8s avoir pr\u00e9sent\u00e9 ses conclusions au chef de l&rsquo;Etat, S\u00e9bastien Lecornu devrait expliquer ce qui est ressorti de ses \u00e9changes avec les forces politiques aux Fran\u00e7ais lors de son passage au 20 Heures de France 2. Il pourrait indiquer si oui ou non il a trouv\u00e9 une voie de passage pour un gouvernement gr\u00e2ce \u00e0\u00a0un accord de gouvernement ou un accord de non-censure, et si oui avec quelles forces. Il se pourrait que les n\u00e9gociations aient ouvert un chemin sans aboutir \u00e0 des accords concrets, reste \u00e0 savoir alors quelle serait la r\u00e9action de l&rsquo;ex\u00e9cutif : poursuivre les \u00e9changes ou y mettre un terme, auquel cas il ne resterait que deux options avec la dissolution de l&rsquo;Assembl\u00e9e nationale ou la d\u00e9mission d&rsquo;Emmanuel Macron. Ces deux sc\u00e9narios souhaitant \u00eatre \u00e9vit\u00e9s.<\/p>\n<p><a name=\"post1759941100\"\/>18:31 &#8211; Lecornu s&rsquo;entretien avec Macron avant son entretien sur France 2<\/p>\n<p>S\u00e9bastien Lecornu est arriv\u00e9 \u00e0 l&rsquo;Elys\u00e9e peu apr\u00e8s 18 heures pour rendre compte des conclusions de ses 48 heures de n\u00e9gociations avec les forces politiques \u00e0 Emmanuel Macron. Le chef de l&rsquo;Etat l&rsquo;avait charg\u00e9 lundi, apr\u00e8s avoir accept\u00e9 sa d\u00e9mission, de mener \u00ab\u00a0d\u2019ici \u00e0 mercredi soir d\u2019ultimes n\u00e9gociations\u00a0\u00bb\u00a0sur une \u00ab\u00a0plateforme d\u2019action\u00a0et de stabilit\u00e9\u00a0\u00bb\u00a0pour d\u00e9terminer \u00ab\u00a0si cela est possible ou non, pour que [le chef de l&rsquo;Etat] puisse en tirer toutes les conclusions qui s\u2019imposent\u00a0\u00bb. Emmanuel Macron avait assur\u00e9 \u00ab\u00a0prendre ses responsabilit\u00e9s\u00a0\u00bb en cas d&rsquo;\u00e9chec des n\u00e9gociations.<\/p>\n<p><a name=\"post1759936607\"\/>17:16 &#8211; S\u00e9bastien Lecornu renomm\u00e9 Premier ministre ? C&rsquo;est d\u00e9menti<\/p>\n<p>Plusieurs m\u00e9dias ont relay\u00e9 une \u00e9tonnant hypoth\u00e8se :\u00a0S\u00e9bastien Lecornu pourrait \u00eatre\u00a0reconduit dans ses fonctions en \u00e9change d\u2019un accord de non-censure obtenue avec une suspension de la r\u00e9forme des retraites. Cette id\u00e9e a \u00e9t\u00e9\u00a0d\u00e9mentie\u00a0par l\u2019entourage de S\u00e9bastien Lecornu aupr\u00e8s de\u00a0l\u2019AFP.<\/p>\n<p><a name=\"post1759935850\"\/>17:04 &#8211; Pas d&rsquo;annonce sur le successeur de S\u00e9bastien Lecornu ce soir au 20h<\/p>\n<p>Emmanuel Macron ne compte pas\u00a0prendre la parole ni publier de communiqu\u00e9 ce soir.\u00a0\u00ab\u00a0On tient beaucoup \u00e0 la m\u00e9thode\u00a0: S\u00e9bastien Lecornu va d\u2019abord rendre compte au pr\u00e9sident, puis aux Fran\u00e7ais au 20\u00a0heures,\u00a0de ce \u00e0 quoi il a abouti ou pas\u00a0\u00bb, a expliqu\u00e9 un proche du chef de l\u2019Etat \u00e0 l&rsquo;AFP. La d\u00e9cision du pr\u00e9sident n&rsquo;interviendra pas ce soir.\u00a0Si un\u00a0nouveau Premier ministre est nomm\u00e9, il ne le sera pas avant ce\u00a0jeudi. Emmanuel Macron n&rsquo;exclurait cependant pas\u00a0une nouvelle m\u00e9diation ou m\u00eame une dissolution de l\u2019Assembl\u00e9e nationale.<\/p>\n<p><a name=\"post1759931587\"\/>15:53 &#8211; La \u00ab\u00a0seule expression de l&rsquo;ex\u00e9cutif\u00a0\u00bb ce soir sera celle de S\u00e9bastien Lecornu<\/p>\n<p>La\u00a0\u00ab\u00a0seule expression de l&rsquo;ex\u00e9cutif\u00a0\u00bb, ce mercredi\u00a08 septembre, dans la soir\u00e9e, sera celle de S\u00e9bastien Lecornu, a appris franceinfo aupr\u00e8s de l&rsquo;entourage d&rsquo;Emmanuel Macron. Le Premier ministre d\u00e9missionnaire s&rsquo;expliquera donc au\u00a020 heures de France 2, au nom du duo du couple ex\u00e9cutif, en concertation avec le chef de l&rsquo;Etat.<\/p>\n<p><a class=\"app_edito_btn\" href=\"https:\/\/www.linternaute.com\/actualite\/politique\/8968835-discours-de-lecornu-depuis-matignon-un-point-d-etape-ce-mercredi-8-octobre\/\" id=\"jLiveMore\" data-sort-time=\"1759931586\" target=\"_blank\" rel=\"noopener\">LIRE PLUS<\/a><\/p>\n<p>En savoir plus<\/p>\n<p>Le Premier ministre qui a d\u00e9missionn\u00e9 ce lundi est encore \u00e0 Matignon, et s&rsquo;affaire encore comme s&rsquo;il \u00e9tait aux mannettes. En r\u00e9alit\u00e9, son travail du moment n&rsquo;est pas consacr\u00e9 \u00e0 gouverner le pays mais \u00e0 trouver qui pourra le faire \u00e0 sa place et sur quelle ligne politique. Sa mission, confi\u00e9e lundi par Emmanuel Macron :\u00a0obtenir des forces politiques du bloc central et de l&rsquo;opposition un accord sur \u00ab\u00a0une plateforme d&rsquo;action\u00a0\u00bb suffisamment large pour constituer une un gouvernement qui \u00e9chappera \u00e0 la censure.<\/p>\n<p>Ce mercredi, \u00e0 9h30, S\u00e9bastien Lecornu a d\u00e9j\u00e0 fait un premier discours depuis Matignon pour faire \u00ab\u00a0un point d&rsquo;\u00e9tape\u00a0\u00bb. Il a clairement indiqu\u00e9 que l&rsquo;horizon de la dissolution \u00e9tait en train de s&rsquo;\u00e9loigner. \u00ab\u00a0J\u2019ai de bonnes raisons de vous dire que parmi les bonnes nouvelles, l\u2019ensemble des consultations que j\u2019ai pu avoir avec la pr\u00e9sidente de l\u2019Assembl\u00e9e nationale, Mme Braun-Pivet, et avec le pr\u00e9sident du S\u00e9nat, G\u00e9rard Larcher, avec l\u2019ensemble des formations politiques de l\u2019UDI, de LIOT, des R\u00e9publicains, de Place publique, du MoDem, d\u2019Horizon, de Renaissance et d\u2019autres, qu\u2019il y a une volont\u00e9 d\u2019avoir pour la France un budget avant le 31\u00a0d\u00e9cembre de cette ann\u00e9e\u00a0\u00bb, a-t-il d\u00e9clar\u00e9, ajoutant : \u00ab\u00a0Cette volont\u00e9 cr\u00e9e un mouvement et une convergence, \u00e9videmment, qui \u00e9loigne les perspectives de dissolution\u00a0\u00bb, a-t-il dit.<\/p>\n<\/p>\n<p>Cette\u00a0d\u00e9claration publique est intervenue\u00a0avant la\u00a0r\u00e9ception\u00a0les socialistes, puis les \u00e9cologistes \u00e0 Matignon dans le cadre des consultations de la derni\u00e8re chance. S\u00e9bastien Lecornu avait alors\u00a0 mis la gauche au centre du jeu, et consid\u00e9r\u00e9 que les \u00ab\u00a0concessions\u00a0demand\u00e9es aux autres forces politiques\u00a0\u00bb pourraient \u00eatre la cl\u00e9 pour\u00a0\u00ab\u00a0garantir la stabilit\u00e9 du pays\u00a0\u00bb.<\/p>\n<p>Rappelons que le pr\u00e9sident de la R\u00e9publique a indiqu\u00e9 lundi\u00a0qu&rsquo;il \u00ab\u00a0prendra\u00a0ses responsabilit\u00e9s\u00a0\u00bb si mercredi\u00a0soir il n&rsquo;y avait pas d&rsquo;accord pour une gouvernance stabilis\u00e9e du pays. Une formule interpr\u00e9t\u00e9e comme l&rsquo;annonce d&rsquo;une nouvelle dissolution. Mardi soir, S\u00e9bastien Lecornu a fait savoir qu&rsquo;il avait fait \u00e9valuer par le minist\u00e8re de l&rsquo;Education nationale la suspension de la r\u00e9forme des retraites. L&rsquo;ancienne Premi\u00e8re ministre, Elisabeth Borne, qui a port\u00e9 la r\u00e9forme, s&rsquo;est dite ouverte \u00e0 ce qu&rsquo;elle soit suspendue pour trouver un accord de gouvernement avec la gauche.<\/p>\n","protected":false},"excerpt":{"rendered":"Ce mercredi 8\u00a0octobre, le Premier ministre d\u00e9missionnaire a tir\u00e9 le bilan de ses consultations pour constituer un nouveau&hellip;\n","protected":false},"author":2,"featured_media":448140,"comment_status":"","ping_status":"","sticky":false,"template":"","format":"standard","meta":{"footnotes":""},"categories":[4],"tags":[11,57384,51761,10199,51763,1011,27,12,51767,316,25],"class_list":{"0":"post-448139","1":"post","2":"type-post","3":"status-publish","4":"format-standard","5":"has-post-thumbnail","7":"category-france","8":"tag-actualites","9":"tag-cms-linternaute-8968835","10":"tag-controller-content","11":"tag-crise-politique","12":"tag-format-papier","13":"tag-fr","14":"tag-france","15":"tag-news","16":"tag-parallaxeinfeed","17":"tag-politique","18":"tag-republique-francaise"},"share_on_mastodon":{"url":"https:\/\/pubeurope.com\/@fr\/115340048247671704","error":""},"_links":{"self":[{"href":"https:\/\/www.europesays.com\/fr\/wp-json\/wp\/v2\/posts\/448139","targetHints":{"allow":["GET"]}}],"collection":[{"href":"https:\/\/www.europesays.com\/fr\/wp-json\/wp\/v2\/posts"}],"about":[{"href":"https:\/\/www.europesays.com\/fr\/wp-json\/wp\/v2\/types\/post"}],"author":[{"embeddable":true,"href":"https:\/\/www.europesays.com\/fr\/wp-json\/wp\/v2\/users\/2"}],"replies":[{"embeddable":true,"href":"https:\/\/www.europesays.com\/fr\/wp-json\/wp\/v2\/comments?post=448139"}],"version-history":[{"count":0,"href":"https:\/\/www.europesays.com\/fr\/wp-json\/wp\/v2\/posts\/448139\/revisions"}],"wp:featuredmedia":[{"embeddable":true,"href":"https:\/\/www.europesays.com\/fr\/wp-json\/wp\/v2\/media\/448140"}],"wp:attachment":[{"href":"https:\/\/www.europesays.com\/fr\/wp-json\/wp\/v2\/media?parent=448139"}],"wp:term":[{"taxonomy":"category","embeddable":true,"href":"https:\/\/www.europesays.com\/fr\/wp-json\/wp\/v2\/categories?post=448139"},{"taxonomy":"post_tag","embeddable":true,"href":"https:\/\/www.europesays.com\/fr\/wp-json\/wp\/v2\/tags?post=448139"}],"curies":[{"name":"wp","href":"https:\/\/api.w.org\/{rel}","templated":true}]}}