{"id":448153,"date":"2025-10-08T18:58:12","date_gmt":"2025-10-08T18:58:12","guid":{"rendered":"https:\/\/www.europesays.com\/fr\/448153\/"},"modified":"2025-10-08T18:58:12","modified_gmt":"2025-10-08T18:58:12","slug":"la-jeune-selection-tricolore-soffre-un-festival-offensif-contre-lazerbaidjan","status":"publish","type":"post","link":"https:\/\/www.europesays.com\/fr\/448153\/","title":{"rendered":"la jeune s\u00e9lection tricolore s&rsquo;offre un festival offensif contre l&rsquo;Azerba\u00efdjan"},"content":{"rendered":"<p>Zapping Foot National Coupe de France : Calais, Quevilly, El-Biar, &#8230; les plus grands exploits de la comp\u00e9tition<\/p>\n<p>L&rsquo;\u00c9quipe de France U17 a parfaitement d\u00e9but\u00e9 sa campagne de qualifications pour l&rsquo;Euro 2026 en infligeant une correction sans appel \u00e0 l&rsquo;Azerba\u00efdjan (8-0), ce mercredi \u00e0 Capbreton. Les joueurs de Jos\u00e9 Alcocer ont d&#8217;embl\u00e9e affich\u00e9 leurs ambitions, ne laissant aucun r\u00e9pit \u00e0 leur adversaire. Si le verrou a tenu un peu plus d&rsquo;une demi-heure, la machine bleue s&rsquo;est ensuite irr\u00e9m\u00e9diablement emball\u00e9e. C&rsquo;est Loan Merriefield qui a ouvert le bal \u00e0 la 28e minute, un but qui a provoqu\u00e9 l&rsquo;explosion de la d\u00e9fense az\u00e9rie, encaissant trois autres r\u00e9alisations (par Dago, Gadou et Traor\u00e9) avant la pause (4-0).<\/p>\n<p><strong>Un festival offensif scell\u00e9 par un coaching payant<\/strong><\/p>\n<p>Au retour des vestiaires, l&rsquo;intensit\u00e9 fran\u00e7aise n&rsquo;a pas faibli. Le s\u00e9lectionneur a parfaitement g\u00e9r\u00e9 son effectif, notamment en lan\u00e7ant Aymen Amaaouch au milieu de terrain. Ce coaching s&rsquo;est r\u00e9v\u00e9l\u00e9 imm\u00e9diatement payant, puisque le jeune Toulousain a inscrit le cinqui\u00e8me but tricolore dix minutes apr\u00e8s son entr\u00e9e en jeu (5-0, 57e). La situation a tourn\u00e9 au cauchemar pour l&rsquo;Azerba\u00efdjan avec l&rsquo;expulsion de son capitaine, Sattar Tahirzade, \u00e0 vingt-cinq minutes du terme. En sup\u00e9riorit\u00e9 num\u00e9rique, les Bleuets en ont profit\u00e9 pour alourdir le score gr\u00e2ce \u00e0 un doubl\u00e9 d&rsquo;Aly Traor\u00e9 (64e), puis des r\u00e9alisations de Christ Batola et un second but d&rsquo;Amaaouch, signant un doubl\u00e9 lui aussi pour sceller cette victoire spectaculaire.<\/p>\n<p><strong>La Roumanie en ligne mire pour confirmer<\/strong><\/p>\n<p>Forts de ce succ\u00e8s retentissant, les U17 fran\u00e7ais peuvent pr\u00e9parent sereinement la rencontre contre la Roumanie ce samedi (15h) pour le compte de la deuxi\u00e8me journ\u00e9e. Pour rappel, l&rsquo;objectif de ce premier tour est clair : se classer parmi les deux premi\u00e8res \u00e9quipes du groupe afin d&rsquo;acc\u00e9der au Tour \u00c9lite du printemps. Ce tour final permettra de se disputer les sept places qualificatives pour la phase de groupes du championnat d&rsquo;Europe 2026 de la cat\u00e9gorie.<\/p>\n<p>Partagez cette info avec vos amis et vos proches en cliquant ici<br \/>Pour r\u00e9sumer<\/p>\n<p>L&rsquo;\u00e9quipe de France U17 s&rsquo;est largement impos\u00e9e contre l&rsquo;Azerba\u00efdjan, ce mercredi 8 octobre 2025 \u00e0 Capbreton, lors de la premi\u00e8re journ\u00e9e du premier tour de qualifications \u00e0 l&rsquo;Euro 2026 annonce la F\u00e9d\u00e9ration Fran\u00e7aise de Football (FFF).<\/p>\n<p> <img decoding=\"async\" width=\"76\" height=\"76\" loading=\"lazy\" src=\"https:\/\/static.wui.fr\/images_v3\/avatar-footnational.png\" alt=\"Aris Djennadi\"\/><\/p>\n","protected":false},"excerpt":{"rendered":"Zapping Foot National Coupe de France : Calais, Quevilly, El-Biar, &#8230; les plus grands exploits de la comp\u00e9tition&hellip;\n","protected":false},"author":2,"featured_media":448154,"comment_status":"","ping_status":"","sticky":false,"template":"","format":"standard","meta":{"footnotes":""},"categories":[1410],"tags":[63,1011,27,60],"class_list":{"0":"post-448153","1":"post","2":"type-post","3":"status-publish","4":"format-standard","5":"has-post-thumbnail","7":"category-football","8":"tag-football","9":"tag-fr","10":"tag-france","11":"tag-sports"},"share_on_mastodon":{"url":"https:\/\/pubeurope.com\/@fr\/115340084521004439","error":""},"_links":{"self":[{"href":"https:\/\/www.europesays.com\/fr\/wp-json\/wp\/v2\/posts\/448153","targetHints":{"allow":["GET"]}}],"collection":[{"href":"https:\/\/www.europesays.com\/fr\/wp-json\/wp\/v2\/posts"}],"about":[{"href":"https:\/\/www.europesays.com\/fr\/wp-json\/wp\/v2\/types\/post"}],"author":[{"embeddable":true,"href":"https:\/\/www.europesays.com\/fr\/wp-json\/wp\/v2\/users\/2"}],"replies":[{"embeddable":true,"href":"https:\/\/www.europesays.com\/fr\/wp-json\/wp\/v2\/comments?post=448153"}],"version-history":[{"count":0,"href":"https:\/\/www.europesays.com\/fr\/wp-json\/wp\/v2\/posts\/448153\/revisions"}],"wp:featuredmedia":[{"embeddable":true,"href":"https:\/\/www.europesays.com\/fr\/wp-json\/wp\/v2\/media\/448154"}],"wp:attachment":[{"href":"https:\/\/www.europesays.com\/fr\/wp-json\/wp\/v2\/media?parent=448153"}],"wp:term":[{"taxonomy":"category","embeddable":true,"href":"https:\/\/www.europesays.com\/fr\/wp-json\/wp\/v2\/categories?post=448153"},{"taxonomy":"post_tag","embeddable":true,"href":"https:\/\/www.europesays.com\/fr\/wp-json\/wp\/v2\/tags?post=448153"}],"curies":[{"name":"wp","href":"https:\/\/api.w.org\/{rel}","templated":true}]}}