{"id":448155,"date":"2025-10-08T18:59:11","date_gmt":"2025-10-08T18:59:11","guid":{"rendered":"https:\/\/www.europesays.com\/fr\/448155\/"},"modified":"2025-10-08T18:59:11","modified_gmt":"2025-10-08T18:59:11","slug":"coup-dur-pour-beatrice-et-eugenie-sarah-ferguson-leur-fait-perdre-beaucoup-dargent","status":"publish","type":"post","link":"https:\/\/www.europesays.com\/fr\/448155\/","title":{"rendered":"Coup dur pour Beatrice et Eugenie, Sarah Ferguson leur fait perdre beaucoup d\u2019argent"},"content":{"rendered":"<p>Un \u00ab\u00a0investissement\u00a0\u00bb pour ses filles.\u00a0C\u2019est ainsi qu\u2019au d\u00e9but de l\u2019\u00e9t\u00e9 2022 <a target=\"_blank\" href=\"https:\/\/www.pointdevue.fr\/grand-angle\/biographies\/sarah-ferguson\" rel=\"nofollow noopener\">Sarah Ferguson<\/a> pr\u00e9sentait sa toute nouvelle acquisition. Pour 4,25 millions de livres sterling, la m\u00e8re des princesses <a target=\"_blank\" href=\"https:\/\/www.pointdevue.fr\/grand-angle\/biographies\/princesse-beatrice\" rel=\"nofollow noopener\">Beatrice<\/a> et <a target=\"_blank\" href=\"https:\/\/www.pointdevue.fr\/grand-angle\/biographies\/eugenie-dyork\" rel=\"nofollow noopener\">Eugenie<\/a> \u00e9tait devenue l\u2019heureuse propri\u00e9taire d\u2019une <strong>petite maison du tr\u00e8s chic quartier de Belgravia, dans le centre cossu de Londres<\/strong>. Une r\u00e9sidence que, <a target=\"_blank\" href=\"https:\/\/www.pointdevue.fr\/royal\/royaume-uni\/sarah-duchesse-dyork-finis-les-problemes-dargent\" rel=\"nofollow noopener\">malgr\u00e9 ses \u00e9ternels probl\u00e8mes d\u2019argent,<\/a> Sarah avait achet\u00e9e cash \u00e0 <a target=\"_blank\" href=\"https:\/\/www.pointdevue.fr\/grand-angle\/biographies\/hugh-grosvenor\" rel=\"nofollow noopener\">Hugh Grosvenor<\/a>, duc de Westminster, celle-ci faisant jusqu\u2019alors partie du Grosvenor Estate.<\/p>\n<p>De lourdes pertes financi\u00e8res<\/p>\n<p>Mais Fergie n\u2019a jamais achet\u00e9e cette villa pour y vivre\u00a0: l\u2019ex-\u00e9pouse du <a target=\"_blank\" href=\"https:\/\/www.pointdevue.fr\/grand-angle\/biographies\/prince-andrew\" rel=\"nofollow noopener\">prince Andrew<\/a> partage depuis des ann\u00e9es le m\u00eame toit que son ex-mari <a target=\"_blank\" href=\"https:\/\/www.pointdevue.fr\/royal\/royaume-uni\/fergie-et-le-prince-andrew-autorises-a-rester-a-royal-lodge-pour-le-moment\" rel=\"nofollow noopener\">au somptueux Royal Lodge<\/a>, sur le domaine du grand parc de Windsor. Un accord dans lequel chacun trouve son compte. Sarah avait donc pr\u00e9sent\u00e9 cet achat londonien comme <strong>un placement pour l\u2019avenir de leurs filles<\/strong>, et mis la propri\u00e9t\u00e9 en location. Pourtant, trois ans plus tard \u00e0 peine, <strong>Fergie a d\u00e9j\u00e0 revendu cette maison<\/strong> dans une op\u00e9ration qui lui a \u00e9trangement fait <strong>perdre de l\u2019argent<\/strong>. Beaucoup d\u2019argent.\u00a0<\/p>\n<p>Comme le rapporte le <a target=\"_blank\" href=\"https:\/\/www.thetimes.com\/uk\/royal-family\/article\/sarah-ferguson-sold-london-townhouse-loss-h89l6smd0\" rel=\"nofollow noopener\">Times<\/a>, les documents publics attestant de la transaction immobili\u00e8re montrent que Sarah, duchesse d\u2019York, a c\u00e9d\u00e9 cette maison fin ao\u00fbt 2025 pour <strong>3,85 millions de livres. Soit 10% de moins que ce qu\u2019elle l\u2019avait achet\u00e9e<\/strong>. Pourquoi avoir vendu\u00a0? Les experts du secteur reconnaissent une crise de l\u2019immobilier londonien ces cinq derni\u00e8res ann\u00e9es, pouvant expliquer une d\u00e9valuation. Le porte-parole de Fergie, James Henderson, assure pourtant qu\u2019elle \u00ab\u00a0ne cherchait pas \u00e0 vendre, mais le locataire lui a propos\u00e9 d\u2019acheter et il lui a sembl\u00e9 que c\u2019\u00e9tait le bon moment.\u00a0\u00bb \u00a0Avant d\u2019assurer \u00e0 nouveau\u00a0: \u00ab\u00a0Il s\u2019agissait d\u2019un investissement pour ses filles, l\u2019argent sera donc r\u00e9investi en cons\u00e9quence.\u00a0\u00bb En attendant, c\u2019est <strong>pr\u00e8s d\u2019un demi-million d\u2019euros qui s\u2019est \u00e9vapor\u00e9 de leur h\u00e9ritage<\/strong>&#8230;<\/p>\n<p>Les York s\u2019accrochent au Royal Lodge<\/p>\n<p>Si la transaction a \u00e9t\u00e9 conclue dans l&rsquo;\u00e9t\u00e9, de <a target=\"_blank\" href=\"https:\/\/www.pointdevue.fr\/royal\/royaume-uni\/prince-andrew-et-sarah-ferguson-les-cercles-de-lenfer\" rel=\"nofollow noopener\">nouvelles temp\u00eates se sont depuis abattues sur les York<\/a>. <strong>L\u00e2ch\u00e9e par bon nombre d\u2019associations caritatives<\/strong> suite \u00e0 la r\u00e9v\u00e9lation le mois dernier d\u2019<a target=\"_blank\" href=\"https:\/\/www.pointdevue.fr\/royal\/royaume-uni\/sarah-ferguson-de-plus-en-plus-seule-apres-les-nouvelles-revelations-sur-laffaire-epstein\" rel=\"nofollow noopener\">un email envoy\u00e9 au criminel sexuel Jeffrey Epstein<\/a>, les soutiens de Fergie se r\u00e9duisent comme peau de chagrin. Le roi <a target=\"_blank\" href=\"https:\/\/www.pointdevue.fr\/grand-angle\/biographies\/charles-iii\" rel=\"nofollow noopener\">Charles III<\/a> aurait ainsi demand\u00e9 \u00e0 son fr\u00e8re et son ex belle-s\u0153ur de se faire le plus discrets possibles \u00e0 l\u2019avenir, et m\u00eame <strong>de <\/strong><a target=\"_blank\" href=\"https:\/\/www.pointdevue.fr\/royal\/royaume-uni\/le-prince-andrew-et-sarah-ferguson-prives-de-noel-a-sandringham\" rel=\"nofollow noopener\"><strong>renoncer \u00e0 venir passer No\u00ebl \u00e0 Sandringham<\/strong><\/a><strong> en famille<\/strong>.<\/p>\n<p>Le monarque pourrait-il secr\u00e8tement souhaiter voir Andrew et Fergie s&rsquo;exiler au fin fonds des Highlands \u00e9cossais ? S&rsquo;il a <a target=\"_blank\" href=\"https:\/\/www.pointdevue.fr\/royal\/royaume-uni\/royal-lodge-andrew-quand-partiras-tu\" rel=\"nofollow noopener\">tout fait pour les pousser \u00e0 quitter Royal Lodge<\/a> pour une r\u00e9sidence plus modeste, et surtout plus retir\u00e9e, ses efforts restent vains. Pour l\u2019heure, <strong>Andrew a d\u00e9montr\u00e9 \u00e0 l&rsquo;administration que son bail \u00e9tait en r\u00e8gle<\/strong> pour encore de nombreuses ann\u00e9es, et qu&rsquo;il avait, comme les termes du contrat l&rsquo;exigent, <strong>les moyens d&rsquo;entretenir cette demeure<\/strong>. Or sa maigre retraite, apr\u00e8s une courte carri\u00e8re dans l\u2019arm\u00e9e, ne saurait suffire \u00e0 couvrir ce genre de frais\u2026 Le gouffre financier qu&rsquo;est leur sanctuaire de Royal Lodge serait-il une autre explication \u00e0 la vente \u00e0 perte de cette maison \u00e0 Belgravia ? Seuls les York le savent.<\/p>\n<p>Lire aussi &gt;&gt; <a target=\"_blank\" href=\"https:\/\/www.pointdevue.fr\/royal\/royaume-uni\/beatrice-et-eugenie-devastees-par-la-disgrace-de-leur-mere-sarah-ferguson\" rel=\"nofollow noopener\">Beatrice et Eugenie \u00ab\u00a0d\u00e9vast\u00e9es\u00a0\u00bb par la disgr\u00e2ce de leur m\u00e8re, Sarah Ferguson<\/a><\/p>\n","protected":false},"excerpt":{"rendered":"Un \u00ab\u00a0investissement\u00a0\u00bb pour ses filles.\u00a0C\u2019est ainsi qu\u2019au d\u00e9but de l\u2019\u00e9t\u00e9 2022 Sarah Ferguson pr\u00e9sentait sa toute nouvelle acquisition.&hellip;\n","protected":false},"author":2,"featured_media":448156,"comment_status":"","ping_status":"","sticky":false,"template":"","format":"standard","meta":{"footnotes":""},"categories":[1359],"tags":[58,59,1011,27,973],"class_list":{"0":"post-448155","1":"post","2":"type-post","3":"status-publish","4":"format-standard","5":"has-post-thumbnail","7":"category-people","8":"tag-divertissement","9":"tag-entertainment","10":"tag-fr","11":"tag-france","12":"tag-people"},"share_on_mastodon":{"url":"https:\/\/pubeurope.com\/@fr\/115340087388228332","error":""},"_links":{"self":[{"href":"https:\/\/www.europesays.com\/fr\/wp-json\/wp\/v2\/posts\/448155","targetHints":{"allow":["GET"]}}],"collection":[{"href":"https:\/\/www.europesays.com\/fr\/wp-json\/wp\/v2\/posts"}],"about":[{"href":"https:\/\/www.europesays.com\/fr\/wp-json\/wp\/v2\/types\/post"}],"author":[{"embeddable":true,"href":"https:\/\/www.europesays.com\/fr\/wp-json\/wp\/v2\/users\/2"}],"replies":[{"embeddable":true,"href":"https:\/\/www.europesays.com\/fr\/wp-json\/wp\/v2\/comments?post=448155"}],"version-history":[{"count":0,"href":"https:\/\/www.europesays.com\/fr\/wp-json\/wp\/v2\/posts\/448155\/revisions"}],"wp:featuredmedia":[{"embeddable":true,"href":"https:\/\/www.europesays.com\/fr\/wp-json\/wp\/v2\/media\/448156"}],"wp:attachment":[{"href":"https:\/\/www.europesays.com\/fr\/wp-json\/wp\/v2\/media?parent=448155"}],"wp:term":[{"taxonomy":"category","embeddable":true,"href":"https:\/\/www.europesays.com\/fr\/wp-json\/wp\/v2\/categories?post=448155"},{"taxonomy":"post_tag","embeddable":true,"href":"https:\/\/www.europesays.com\/fr\/wp-json\/wp\/v2\/tags?post=448155"}],"curies":[{"name":"wp","href":"https:\/\/api.w.org\/{rel}","templated":true}]}}