{"id":448157,"date":"2025-10-08T19:00:12","date_gmt":"2025-10-08T19:00:12","guid":{"rendered":"https:\/\/www.europesays.com\/fr\/448157\/"},"modified":"2025-10-08T19:00:12","modified_gmt":"2025-10-08T19:00:12","slug":"dessinateur-humoriste-sculpteur-philippe-geluck-les-neufs-vies-du-pere-de-la-bande-dessinee-le-chat","status":"publish","type":"post","link":"https:\/\/www.europesays.com\/fr\/448157\/","title":{"rendered":"Dessinateur, humoriste, sculpteur&#8230; Philippe Geluck, les neufs vies du p\u00e8re de la bande dessin\u00e9e Le Chat"},"content":{"rendered":"<p><strong>PORTRAIT <\/strong>&#8211; Alors qu\u2019il publie son vingt-cinqui\u00e8me album du Chat et que ses sculptures de bronze sont expos\u00e9es, depuis 2021, en France et en Europe, le dessinateur esp\u00e8re voir aboutir son projet de mus\u00e9e \u00e0 Bruxelles.<\/p>\n<p class=\"fig-paragraph\">Dr\u00f4le de communion. Quatre mois avant d\u2019appara\u00eetre, d\u00e9but octobre, au parc de la T\u00eate-d\u2019Or, \u00e0 Lyon,\u00a0<a href=\"http:\/\/www.lefigaro.fr\/lyon\/lyon-15-statues-du-chat-de-philippe-geluck-exposees-a-partir-d-octobre-au-parc-de-la-tete-d-or-20250926\" data-fig-type=\"NewsFlash\" data-gtm-custom-categorie=\"navigation\" data-gtm-custom-action=\"crossclick\" data-gtm-custom-label=\"Contextuel\" data-gtm-event=\"customEventSPE\" data-fig-domain=\"LEFIGARO\" rel=\"nofollow noopener\" target=\"_blank\">Philippe Geluck<\/a>\u00a0faisait irruption au pied des remparts de la vieille ville de Gu\u00e9rande, en Loire-Atlantique. Une grappe d\u2019\u00e9coliers \u00e0 casquettes orange s\u2019\u00e9tait agglutin\u00e9e devant d\u2019\u00e9tranges effigies de chats \u00e0 la peau de bronze. Face \u00e0 eux, mi-guide, mi-pr\u00eatre, le jeune septuag\u00e9naire s\u2019est pr\u00eat\u00e9 au jeu, officiant avec malice, pr\u00eachant l\u2019humour et la bonne humeur \u00e0 ce parterre de jeunes fid\u00e8les. Non pas que les enfants aient reconnu le dessinateur belge &#8211; ni qu\u2019ils soient d\u00e9j\u00e0 des lecteurs z\u00e9l\u00e9s de son Chat, f\u00e9lin rondouillard et philosophe de l\u2019absurde croqu\u00e9 depuis plus de quarante ans par le Bruxellois.<\/p>\n<p class=\"fig-paragraph\">Mais difficile de ne pas esquisser un sourire devant ce placide matou de bande dessin\u00e9e aux yeux grands ouverts, au pif \u00e9minent et \u00e0 la bonhomie de pacha moderne, fa\u00e7on costard-cravate. D\u2019autant que ce patapouf b\u00e9n\u00e9ficie de statues monumentales. Ces visions saugrenues ont fait mouche. L\u2019adh\u00e9sion\u2026<\/p>\n<p class=\"fig-premium-paywall__infos\">\n        Cet article est r\u00e9serv\u00e9 aux abonn\u00e9s.        Il vous reste 84% \u00e0 d\u00e9couvrir.\n    <\/p>\n<p>                <img  data- alt=\"Le Figaro\" class=\"fig-img--complete fig-img\"\/><\/p>\n<p class=\"fig-premium-paywall__title\">J-100, Le Figaro f\u00eate ses 200 ans<\/p>\n<p class=\"fig-premium-paywall__subtitle\">Offre anniversaire : 2\u20ac\/mois pendant 200 semaines<\/p>\n<p class=\"fig-premium-paywall__connect\">\n                D\u00e9j\u00e0 abonn\u00e9\u00a0?                <a class=\"fig-premium-paywall__connect-link\" href=\"https:\/\/connect.lefigaro.fr\/login?client=horizon_web&amp;type=main&amp;redirect_uri=https%3A%2F%2Fwww.lefigaro.fr%2Fnantes%2Fdessinateur-humoriste-sculpteur-philippe-geluck-les-neufs-vies-du-pere-de-la-bande-dessinee-le-chat-20251008\" data-js-gtm=\"{&quot;customCategorie&quot;: &quot;conversion&quot;, &quot;customAction&quot;: &quot;before_Landing_Connexion_paywall_auto&quot;, &quot;customLabel&quot;: &quot;bGVmaWdhcm8uZnJfXzFmMGEzOWRmLTdiMDUtNjg2Mi1hZDhiLTc3OGYzYjVlNzZkNV9fQXJ0aWNsZQ==_Dessinateur, humoriste, sculpteur... Philippe Geluck, les neufs vies du p\u00e8re de la bande dessin\u00e9e Le Chat_290&quot;, &quot;customIDSPE&quot;: &quot;bGVmaWdhcm8uZnJfXzFmMGEzOWRmLTdiMDUtNjg2Mi1hZDhiLTc3OGYzYjVlNzZkNV9fQXJ0aWNsZQ==&quot;, &quot;event&quot;: &quot;customEventSPE&quot;}\" rel=\"nofollow noopener\" target=\"_blank\"><br \/>\n                    Connectez-vous<br \/>\n                <\/a>\n            <\/p>\n","protected":false},"excerpt":{"rendered":"PORTRAIT &#8211; Alors qu\u2019il publie son vingt-cinqui\u00e8me album du Chat et que ses sculptures de bronze sont expos\u00e9es,&hellip;\n","protected":false},"author":2,"featured_media":448158,"comment_status":"","ping_status":"","sticky":false,"template":"","format":"standard","meta":{"footnotes":""},"categories":[1358],"tags":[1348,1384,1385,1386,58,59,1011,27,57385,54830,9026],"class_list":{"0":"post-448157","1":"post","2":"type-post","3":"status-publish","4":"format-standard","5":"has-post-thumbnail","7":"category-arts-et-design","8":"tag-arts","9":"tag-arts-and-design","10":"tag-arts-et-design","11":"tag-design","12":"tag-divertissement","13":"tag-entertainment","14":"tag-fr","15":"tag-france","16":"tag-le-chat","17":"tag-philippe-geluck","18":"tag-portrait"},"share_on_mastodon":{"url":"https:\/\/pubeurope.com\/@fr\/115340091351311732","error":""},"_links":{"self":[{"href":"https:\/\/www.europesays.com\/fr\/wp-json\/wp\/v2\/posts\/448157","targetHints":{"allow":["GET"]}}],"collection":[{"href":"https:\/\/www.europesays.com\/fr\/wp-json\/wp\/v2\/posts"}],"about":[{"href":"https:\/\/www.europesays.com\/fr\/wp-json\/wp\/v2\/types\/post"}],"author":[{"embeddable":true,"href":"https:\/\/www.europesays.com\/fr\/wp-json\/wp\/v2\/users\/2"}],"replies":[{"embeddable":true,"href":"https:\/\/www.europesays.com\/fr\/wp-json\/wp\/v2\/comments?post=448157"}],"version-history":[{"count":0,"href":"https:\/\/www.europesays.com\/fr\/wp-json\/wp\/v2\/posts\/448157\/revisions"}],"wp:featuredmedia":[{"embeddable":true,"href":"https:\/\/www.europesays.com\/fr\/wp-json\/wp\/v2\/media\/448158"}],"wp:attachment":[{"href":"https:\/\/www.europesays.com\/fr\/wp-json\/wp\/v2\/media?parent=448157"}],"wp:term":[{"taxonomy":"category","embeddable":true,"href":"https:\/\/www.europesays.com\/fr\/wp-json\/wp\/v2\/categories?post=448157"},{"taxonomy":"post_tag","embeddable":true,"href":"https:\/\/www.europesays.com\/fr\/wp-json\/wp\/v2\/tags?post=448157"}],"curies":[{"name":"wp","href":"https:\/\/api.w.org\/{rel}","templated":true}]}}