{"id":448163,"date":"2025-10-08T19:03:10","date_gmt":"2025-10-08T19:03:10","guid":{"rendered":"https:\/\/www.europesays.com\/fr\/448163\/"},"modified":"2025-10-08T19:03:10","modified_gmt":"2025-10-08T19:03:10","slug":"vanessa-paradis-une-survivante-de-la-chanson","status":"publish","type":"post","link":"https:\/\/www.europesays.com\/fr\/448163\/","title":{"rendered":"Vanessa Paradis, une survivante de la chanson"},"content":{"rendered":"<p><strong>RENCONTRE &#8211;<\/strong> Alors qu\u2019\u00c9tienne Daho est le principal parolier et compositeur du Retour des beaux jours, l\u2019artiste aux 38\u00a0ans de carri\u00e8re ne le consid\u00e8re pas comme le parrain de ce huiti\u00e8me album. Une collaboration pourtant r\u00e9ussie.<\/p>\n<p class=\"fig-paragraph\">Le\u00a0Retour des beaux jours est le titre d\u2019une chanson \u00e9crite par\u00a0<a href=\"https:\/\/www.lefigaro.fr\/musique\/etienne-daho-l-inspiration-permanente-20230511\" data-fig-type=\"Article\" data-gtm-custom-categorie=\"navigation\" data-gtm-custom-action=\"crossclick\" data-gtm-custom-label=\"Contextuel\" data-gtm-event=\"customEventSPE\" data-fig-domain=\"LEFIGARO\" target=\"_blank\" rel=\"noopener\">\u00c9tienne Daho<\/a>\u00a0pour\u00a0<a href=\"http:\/\/www.lefigaro.fr\/musique\/le-nuc-plus-ultra-special-albums-live-une-nouveaute-du-groupe-the-national-et-une-reedition-pour-vanessa-paradis-20241221\" data-fig-type=\"Article\" data-gtm-custom-categorie=\"navigation\" data-gtm-custom-action=\"crossclick\" data-gtm-custom-label=\"Contextuel\" data-gtm-event=\"customEventSPE\" data-fig-domain=\"LEFIGARO\" target=\"_blank\" rel=\"noopener\">Vanessa Paradis<\/a>\u00a0et celui du nouvel album de la chanteuse. \u00ab\u00a0C\u2019est un titre qui me rassure, qui me donne envie. Cela peut \u00eatre un constat, un souhait, une pri\u00e8re, ou tout \u00e7a \u00e0 la fois. En tout cas, \u00e7a \u00e9voque quelque chose de bon\u00a0\u00bb, explique l\u2019artiste, dans la suite d\u2019un h\u00f4tel chic du 8e\u00a0arrondissement parisien. Ce nouveau disque lumineux est son premier depuis le nettement plus sombre Les\u00a0Sources, en 2018. \u00ab\u00a0On m\u2019a dit \u00e7a, mais l\u2019album parlait \u00e9norm\u00e9ment d\u2019amour, se d\u00e9fend la chanteuse. Je ne le trouvais pas sp\u00e9cialement plus sombre. Peut-\u00eatre que celui-ci a des musiques plus enjou\u00e9es.\u00a0\u00bb<\/p>\n<p class=\"fig-paragraph\">Une interview avec Vanessa Paradis n\u2019a jamais rien d\u2019une promenade de sant\u00e9. Celle-ci ne fait pas exception. Malgr\u00e9 notre familiarit\u00e9 avec l\u2019artiste &#8211; nous nous sommes connus sur les bancs du lyc\u00e9e\u00a0-, celle-ci est d\u2019une m\u00e9fiance \u00e0 toute \u00e9preuve \u00e0 chaque rencontre avec la presse. Avant l\u2019\u00e9t\u00e9, l\u2019hebdomadaire Paris\u00a0Match<\/p>\n<p class=\"fig-premium-paywall__infos\">\n        Cet article est r\u00e9serv\u00e9 aux abonn\u00e9s.        Il vous reste 87% \u00e0 d\u00e9couvrir.\n    <\/p>\n<p>                <img  data- alt=\"Le Figaro\" class=\"fig-img--complete fig-img\"\/><\/p>\n<p class=\"fig-premium-paywall__title\">J-100, Le Figaro f\u00eate ses 200 ans<\/p>\n<p class=\"fig-premium-paywall__subtitle\">Offre anniversaire : 2\u20ac\/mois pendant 200 semaines<\/p>\n<p class=\"fig-premium-paywall__connect\">\n                D\u00e9j\u00e0 abonn\u00e9\u00a0?                <a class=\"fig-premium-paywall__connect-link\" href=\"https:\/\/connect.lefigaro.fr\/login?client=horizon_web&amp;type=main&amp;redirect_uri=https%3A%2F%2Fwww.lefigaro.fr%2Fmusique%2Fle-capitaine-de-mon-disque-c-est-moi-vanessa-paradis-une-survivante-de-la-chanson-20251008\" data-js-gtm=\"{&quot;customCategorie&quot;: &quot;conversion&quot;, &quot;customAction&quot;: &quot;before_Landing_Connexion_paywall_auto&quot;, &quot;customLabel&quot;: &quot;bGVmaWdhcm8uZnJfXzFmMGEyOWI0LWE4YzAtNjc3ZS04ZTdiLTY1ZGQzMmFmYzVjZl9fQXJ0aWNsZQ==_\u00abLe capitaine de mon disque, c\u2019est moi\u00bb\u00a0: Vanessa Paradis, une survivante de la chanson_315&quot;, &quot;customIDSPE&quot;: &quot;bGVmaWdhcm8uZnJfXzFmMGEyOWI0LWE4YzAtNjc3ZS04ZTdiLTY1ZGQzMmFmYzVjZl9fQXJ0aWNsZQ==&quot;, &quot;event&quot;: &quot;customEventSPE&quot;}\" target=\"_blank\" rel=\"noopener\"><br \/>\n                    Connectez-vous<br \/>\n                <\/a>\n            <\/p>\n","protected":false},"excerpt":{"rendered":"RENCONTRE &#8211; Alors qu\u2019\u00c9tienne Daho est le principal parolier et compositeur du Retour des beaux jours, l\u2019artiste aux&hellip;\n","protected":false},"author":2,"featured_media":448164,"comment_status":"","ping_status":"","sticky":false,"template":"","format":"standard","meta":{"footnotes":""},"categories":[1355],"tags":[7036,58,59,26021,1011,27,57386,35843,57387,9715,1361,873,14840,15548,10245],"class_list":{"0":"post-448163","1":"post","2":"type-post","3":"status-publish","4":"format-standard","5":"has-post-thumbnail","7":"category-musique","8":"tag-benjamin-biolay","9":"tag-divertissement","10":"tag-entertainment","11":"tag-etienne-daho","12":"tag-fr","13":"tag-france","14":"tag-jacques-demy","15":"tag-jerome-commandeur","16":"tag-kate-bush","17":"tag-lenny-kravitz","18":"tag-music","19":"tag-musique","20":"tag-samuel-benchetrit","21":"tag-serge-gainsbourg","22":"tag-vanessa-paradis"},"share_on_mastodon":{"url":"https:\/\/pubeurope.com\/@fr\/115340103457022013","error":""},"_links":{"self":[{"href":"https:\/\/www.europesays.com\/fr\/wp-json\/wp\/v2\/posts\/448163","targetHints":{"allow":["GET"]}}],"collection":[{"href":"https:\/\/www.europesays.com\/fr\/wp-json\/wp\/v2\/posts"}],"about":[{"href":"https:\/\/www.europesays.com\/fr\/wp-json\/wp\/v2\/types\/post"}],"author":[{"embeddable":true,"href":"https:\/\/www.europesays.com\/fr\/wp-json\/wp\/v2\/users\/2"}],"replies":[{"embeddable":true,"href":"https:\/\/www.europesays.com\/fr\/wp-json\/wp\/v2\/comments?post=448163"}],"version-history":[{"count":0,"href":"https:\/\/www.europesays.com\/fr\/wp-json\/wp\/v2\/posts\/448163\/revisions"}],"wp:featuredmedia":[{"embeddable":true,"href":"https:\/\/www.europesays.com\/fr\/wp-json\/wp\/v2\/media\/448164"}],"wp:attachment":[{"href":"https:\/\/www.europesays.com\/fr\/wp-json\/wp\/v2\/media?parent=448163"}],"wp:term":[{"taxonomy":"category","embeddable":true,"href":"https:\/\/www.europesays.com\/fr\/wp-json\/wp\/v2\/categories?post=448163"},{"taxonomy":"post_tag","embeddable":true,"href":"https:\/\/www.europesays.com\/fr\/wp-json\/wp\/v2\/tags?post=448163"}],"curies":[{"name":"wp","href":"https:\/\/api.w.org\/{rel}","templated":true}]}}