{"id":448185,"date":"2025-10-08T19:15:16","date_gmt":"2025-10-08T19:15:16","guid":{"rendered":"https:\/\/www.europesays.com\/fr\/448185\/"},"modified":"2025-10-08T19:15:16","modified_gmt":"2025-10-08T19:15:16","slug":"une-sortie-chocolatee-au-jardin-botanique","status":"publish","type":"post","link":"https:\/\/www.europesays.com\/fr\/448185\/","title":{"rendered":"une sortie chocolat\u00e9e au jardin botanique"},"content":{"rendered":"<p>Les \u00e9l\u00e8ves de CE2 de l\u2019\u00e9cole Ren\u00e9 Thibault ont visit\u00e9 le jardin botanique de Villers-l\u00e8s-Nancy, d\u00e9couvrant le cacao, le vanillier et le piment, li\u00e9s au chocolat. L\u2019exposition \u00ab\u00a0Les Mordus du chocolat\u00a0\u00bb a abord\u00e9 ses enjeux environnementaux et sociaux. Apr\u00e8s avoir explor\u00e9 les serres et les arbres du jardin, les enfants ont particip\u00e9 \u00e0 un atelier de fabrication de p\u00e2te \u00e0 tartiner. Cette sortie servira de base pour la semaine du go\u00fbt en classe, o\u00f9 les \u00e9l\u00e8ves travailleront sur les saveurs.<\/p>\n","protected":false},"excerpt":{"rendered":"Les \u00e9l\u00e8ves de CE2 de l\u2019\u00e9cole Ren\u00e9 Thibault ont visit\u00e9 le jardin botanique de Villers-l\u00e8s-Nancy, d\u00e9couvrant le cacao,&hellip;\n","protected":false},"author":2,"featured_media":448186,"comment_status":"","ping_status":"","sticky":false,"template":"","format":"standard","meta":{"footnotes":""},"categories":[9635],"tags":[1111,11,19709,13561,1704,1057,1777,674,1011,27,775,10425,1702,12,25],"class_list":{"0":"post-448185","1":"post","2":"type-post","3":"status-publish","4":"format-standard","5":"has-post-thumbnail","7":"category-nancy","8":"tag-actu","9":"tag-actualites","10":"tag-bouxieres-aux-dames","11":"tag-cc-du-bassin-de-pompey-54b2","12":"tag-edition-nancy-et-agglomeration","13":"tag-education","14":"tag-eu","15":"tag-europe","16":"tag-fr","17":"tag-france","18":"tag-grand-est","19":"tag-maternelle-elementaire","20":"tag-nancy","21":"tag-news","22":"tag-republique-francaise"},"share_on_mastodon":{"url":"https:\/\/pubeurope.com\/@fr\/115340150466273766","error":""},"_links":{"self":[{"href":"https:\/\/www.europesays.com\/fr\/wp-json\/wp\/v2\/posts\/448185","targetHints":{"allow":["GET"]}}],"collection":[{"href":"https:\/\/www.europesays.com\/fr\/wp-json\/wp\/v2\/posts"}],"about":[{"href":"https:\/\/www.europesays.com\/fr\/wp-json\/wp\/v2\/types\/post"}],"author":[{"embeddable":true,"href":"https:\/\/www.europesays.com\/fr\/wp-json\/wp\/v2\/users\/2"}],"replies":[{"embeddable":true,"href":"https:\/\/www.europesays.com\/fr\/wp-json\/wp\/v2\/comments?post=448185"}],"version-history":[{"count":0,"href":"https:\/\/www.europesays.com\/fr\/wp-json\/wp\/v2\/posts\/448185\/revisions"}],"wp:featuredmedia":[{"embeddable":true,"href":"https:\/\/www.europesays.com\/fr\/wp-json\/wp\/v2\/media\/448186"}],"wp:attachment":[{"href":"https:\/\/www.europesays.com\/fr\/wp-json\/wp\/v2\/media?parent=448185"}],"wp:term":[{"taxonomy":"category","embeddable":true,"href":"https:\/\/www.europesays.com\/fr\/wp-json\/wp\/v2\/categories?post=448185"},{"taxonomy":"post_tag","embeddable":true,"href":"https:\/\/www.europesays.com\/fr\/wp-json\/wp\/v2\/tags?post=448185"}],"curies":[{"name":"wp","href":"https:\/\/api.w.org\/{rel}","templated":true}]}}