{"id":448197,"date":"2025-10-08T19:22:10","date_gmt":"2025-10-08T19:22:10","guid":{"rendered":"https:\/\/www.europesays.com\/fr\/448197\/"},"modified":"2025-10-08T19:22:10","modified_gmt":"2025-10-08T19:22:10","slug":"le-stationnement-gratuit-pour-les-soignants-pres-de-rouen-cette-ville-veut-franchir-le-pas","status":"publish","type":"post","link":"https:\/\/www.europesays.com\/fr\/448197\/","title":{"rendered":"Le stationnement gratuit pour les soignants ? Pr\u00e8s de Rouen, cette ville veut franchir le pas"},"content":{"rendered":"<p>            Par<br \/>\n        <strong><br \/>\n            <a href=\"https:\/\/actu.fr\/auteur\/aurelien-delavaud\" title=\"Consulter tous les articles de Aur\u00e9lien Delavaud\" target=\"_blank\" rel=\"noopener\">Aur\u00e9lien Delavaud<\/a><br \/>\n        <\/strong><\/p>\n<p>        Publi\u00e9 le<\/p>\n<p>            8 oct. 2025 \u00e0 20h10        <\/p>\n<p>La mesure devrait b\u00e9n\u00e9ficier aux <b>patients<\/b>, qui pourront \u00eatre pris en charge plus facilement. Mais elle devrait surtout plaire \u00e0 tous les <b>professionnels de sant\u00e9<\/b>, infirmier, m\u00e9decin ou autres kin\u00e9s, qui sont amen\u00e9s \u00e0 se d\u00e9placer et \u00e0 intervenir \u00e0 domicile. La ville d\u2019<a href=\"https:\/\/actu.fr\/normandie\/elbeuf_76231\" target=\"_blank\" rel=\"noopener\">Elbeuf (Seine-Maritime)<\/a> veut rendre le <b>stationnement gratuit<\/b> pour tous ces soignants, sur le territoire de la commune. Une proposition qui sera d\u00e9battue lors du conseil municipal du jeudi 9 octobre 2025.<\/p>\n<p>Neuf professions concern\u00e9es<\/p>\n<p class=\" wall-content\">Concr\u00e8tement, si la d\u00e9lib\u00e9ration est adopt\u00e9e, les professionnels de sant\u00e9 devront placer une <b>vignette sp\u00e9ciale<\/b> sur leur pare-brise, apr\u00e8s en avoir fait la demande aupr\u00e8s de Rouen Normandie stationnement (RNS), l\u2019organisme qui g\u00e8re les <b>parkings<\/b>, le stationnement et les paiements \u00e0 l\u2019\u00e9chelle de la M\u00e9tropole Rouen Normandie.<\/p>\n<p class=\" wall-content\">\u00ab\u00a0Ce sera compl\u00e8tement <b>gratuit<\/b>\u00ab\u00a0, assure Djoud\u00e9 Merabet, le maire d\u2019Elbeuf. Les professionnels devront toutefois montrer patte blanche, en fournissant des documents pour prouver qu\u2019ils sont bien activit\u00e9 et qu\u2019ils sont install\u00e9s dans les environs d\u2019Elbeuf.<\/p>\n<p class=\" wall-content\">En tout, ce sont <b>neuf professions m\u00e9dicales<\/b> qui sont concern\u00e9es :<\/p>\n<ul class=\" wall-content\">\n<li>m\u00e9decin g\u00e9n\u00e9raliste<\/li>\n<li>infirmier<\/li>\n<li>aide-soignant<\/li>\n<li>auxiliaire de vie<\/li>\n<li>orthophoniste<\/li>\n<li>p\u00e9diatre<\/li>\n<li>kin\u00e9sith\u00e9rapeute<\/li>\n<li>sage-femme<\/li>\n<li>ergoth\u00e9rapeute<\/li>\n<\/ul>\n<p>Vers moins de stationnement sauvage ?<\/p>\n<p class=\" wall-content\">Pour rendre ce service le plus efficace possible pour les patients elbeuviens, la mesure sera <b>\u00e9largie aux soignants des communes voisines<\/b> amen\u00e9s \u00e0 intervenir \u00e0 Elbeuf. \u00ab\u00a0Par exemple, il y a des habitants qui ont une infirmi\u00e8re qui vient de La Londe ou de Caudebec\u00a0\u00bb, justifie l\u2019\u00e9lu, qui compte sur la confiance pour \u00e9viter les abus en dehors des horaires de travail.\u00a0<\/p>\n<p class=\" wall-content\">En plus de la plus-value esp\u00e9r\u00e9e pour les Elbeuviens, Djoud\u00e9 Merabet esp\u00e8re \u00e9viter les quelques probl\u00e8mes pos\u00e9s par le <b>stationnement sauvage<\/b> de certains qui ne trouvent pas ou ne prennent pas le temps de chercher une place : \u00ab\u00a0Ce sera valable uniquement pour le stationnement de surface, sur des places. Pas sur les trottoirs !\u00a0\u00bb\u00a0<\/p>\n<p class=\" wall-content\">Personnalisez votre actualit\u00e9 en ajoutant vos villes et m\u00e9dias en favori avec <a href=\"https:\/\/moncompte.actu.fr\" title=\"D\u00e9couvez Mon Actu\" rel=\"nofollow noopener\" data-trk=\"{&quot;cta&quot;:{&quot;action&quot;:&quot;https:\\\/\\\/moncompte.actu.fr&quot;,&quot;category&quot;:&quot;mon compte&quot;,&quot;from&quot;:&quot;article footer&quot;,&quot;name&quot;:&quot;Mon actu&quot;,&quot;type&quot;:&quot;cta&quot;}}\" target=\"_blank\">Mon Actu<\/a>.<\/p>\n","protected":false},"excerpt":{"rendered":"Par Aur\u00e9lien Delavaud Publi\u00e9 le 8 oct. 2025 \u00e0 20h10 La mesure devrait b\u00e9n\u00e9ficier aux patients, qui pourront&hellip;\n","protected":false},"author":2,"featured_media":448198,"comment_status":"","ping_status":"","sticky":false,"template":"","format":"standard","meta":{"footnotes":""},"categories":[9587],"tags":[1111,11,3542,1777,674,1011,27,12,5161,25,9590,71,104,6173],"class_list":{"0":"post-448197","1":"post","2":"type-post","3":"status-publish","4":"format-standard","5":"has-post-thumbnail","7":"category-rouen","8":"tag-actu","9":"tag-actualites","10":"tag-circulation","11":"tag-eu","12":"tag-europe","13":"tag-fr","14":"tag-france","15":"tag-news","16":"tag-normandie","17":"tag-republique-francaise","18":"tag-rouen","19":"tag-sante","20":"tag-societe","21":"tag-stationnement"},"share_on_mastodon":{"url":"https:\/\/pubeurope.com\/@fr\/115340177723643779","error":""},"_links":{"self":[{"href":"https:\/\/www.europesays.com\/fr\/wp-json\/wp\/v2\/posts\/448197","targetHints":{"allow":["GET"]}}],"collection":[{"href":"https:\/\/www.europesays.com\/fr\/wp-json\/wp\/v2\/posts"}],"about":[{"href":"https:\/\/www.europesays.com\/fr\/wp-json\/wp\/v2\/types\/post"}],"author":[{"embeddable":true,"href":"https:\/\/www.europesays.com\/fr\/wp-json\/wp\/v2\/users\/2"}],"replies":[{"embeddable":true,"href":"https:\/\/www.europesays.com\/fr\/wp-json\/wp\/v2\/comments?post=448197"}],"version-history":[{"count":0,"href":"https:\/\/www.europesays.com\/fr\/wp-json\/wp\/v2\/posts\/448197\/revisions"}],"wp:featuredmedia":[{"embeddable":true,"href":"https:\/\/www.europesays.com\/fr\/wp-json\/wp\/v2\/media\/448198"}],"wp:attachment":[{"href":"https:\/\/www.europesays.com\/fr\/wp-json\/wp\/v2\/media?parent=448197"}],"wp:term":[{"taxonomy":"category","embeddable":true,"href":"https:\/\/www.europesays.com\/fr\/wp-json\/wp\/v2\/categories?post=448197"},{"taxonomy":"post_tag","embeddable":true,"href":"https:\/\/www.europesays.com\/fr\/wp-json\/wp\/v2\/tags?post=448197"}],"curies":[{"name":"wp","href":"https:\/\/api.w.org\/{rel}","templated":true}]}}