{"id":448214,"date":"2025-10-08T19:34:34","date_gmt":"2025-10-08T19:34:34","guid":{"rendered":"https:\/\/www.europesays.com\/fr\/448214\/"},"modified":"2025-10-08T19:34:34","modified_gmt":"2025-10-08T19:34:34","slug":"pascal-praud-salaire-avantages-ce-quil-gagnait-avec-le-fc-nantes","status":"publish","type":"post","link":"https:\/\/www.europesays.com\/fr\/448214\/","title":{"rendered":"Pascal Praud. Salaire, avantages, ce qu&rsquo;il gagnait avec le FC Nantes"},"content":{"rendered":"<p><img fetchpriority=\"high\" decoding=\"async\" width=\"620\" height=\"413\" src=\"https:\/\/www.europesays.com\/fr\/wp-content\/uploads\/2025\/10\/Pascal-Praud-1-620x413.jpg\" alt=\"\" class=\"wp-image-381205\"  \/>De TF1 au FC Nantes, Pascal Praud dit avoir \u00ab\u00a0doubl\u00e9 [son] salaire\u00a0\u00bb. \u2013 @Wikipedia<\/p>\n<p>Une parenth\u00e8se de deux ans, qu\u2019il reconna\u00eet bien volontiers comme rat\u00e9e sur son CV professionnel. Pascal Praud a la lucidit\u00e9 d\u2019admettre dans l\u2019excellent portrait bross\u00e9 par S\u00e9bastien Tarrago dans <a href=\"https:\/\/www.lequipe.fr\/Medias\/Article\/Grand-recit--tu-ne-vas-trouver-personne-pour-dire-du-bien-de-moi-quand-pascal-praud-etait-dirigeant-du-fc-nantes\/1599806\" target=\"_blank\" rel=\"noopener\">L\u2019Equipe Magazine<\/a>, qu\u2019il n\u2019\u00e9tait pas fait pour le job. Et son bilan plaide pour lui. Eph\u00e9m\u00e8re directeur g\u00e9n\u00e9ral du <a href=\"https:\/\/sportune.20minutes.fr\/fc-nantes\" target=\"_blank\" rel=\"noopener\">FC Nantes<\/a> de 2008 \u00e0 2010, l\u2019animateur a plus perdu son temps que son argent.<\/p>\n<p>Pr\u00e8s de 20 000 euros mensuels et des avantages en nature<\/p>\n<p>C\u2019est lui-m\u00eame qui en parle dans les colonnes du magazine, en kiosque ce mercredi : \u00ab\u00a0\u00c0 TF1, j\u2019\u00e9tais sur une voie de garage (\u2026) Je gagne tr\u00e8s bien ma vie, je me souviens que mon dernier salaire, c\u2019\u00e9tait 9 000 euros. Mais j\u2019ai envie de bouger. Je vais voir Nonce Paolini (le directeur g\u00e9n\u00e9ral de la cha\u00eene) et je lui dis : \u00ab J\u2019ai une proposition du FC Nantes, mais je ne partirai que si vous me donnez un ch\u00e8que. \u00bb Il a appr\u00e9ci\u00e9, je crois, que je lui dise la v\u00e9rit\u00e9, et je suis effectivement parti avec un gros ch\u00e8que, puisque j\u2019avais 20 ans de bo\u00eete. \u00c0 Nantes, je multiplie mon salaire par deux, j\u2019ai un appartement de fonction, une voiture. Cela prouve qu\u2019il ne faut jamais faire les choses pour l\u2019argent.\u00a0\u00bb<\/p>\n<p>Le propri\u00e9taire du FC Nantes n\u2019en garde pas de rancune<\/p>\n<p>En deux ans, il se serait mis \u00e0 dos des supporters, des m\u00e9dias locaux, certains de ses propres collaborateurs, Antoine Kombouar\u00e9 alors coach de Valenciennes\u2026 M\u00eame s\u2019il se trouve dans le sujet des acteurs pour le d\u00e9fendre, d\u2019entra\u00eeneurs qu\u2019il a c\u00f4toy\u00e9 \u00e0 son ancien patron et toujours propri\u00e9taire du <a href=\"https:\/\/sportune.20minutes.fr\/fc-nantes\" target=\"_blank\" rel=\"noopener\">FC Nantes<\/a>, Waldemar Kita, qui n\u2019a aucune rancune de ce casting rat\u00e9 et dit m\u00eame garder des liens avec lui.<\/p>\n","protected":false},"excerpt":{"rendered":"De TF1 au FC Nantes, Pascal Praud dit avoir \u00ab\u00a0doubl\u00e9 [son] salaire\u00a0\u00bb. \u2013 @Wikipedia Une parenth\u00e8se de deux&hellip;\n","protected":false},"author":2,"featured_media":448215,"comment_status":"","ping_status":"","sticky":false,"template":"","format":"standard","meta":{"footnotes":""},"categories":[2818],"tags":[1111,11,1777,674,462,1011,27,766,12,2636,25],"class_list":{"0":"post-448214","1":"post","2":"type-post","3":"status-publish","4":"format-standard","5":"has-post-thumbnail","7":"category-nantes","8":"tag-actu","9":"tag-actualites","10":"tag-eu","11":"tag-europe","12":"tag-fc-nantes","13":"tag-fr","14":"tag-france","15":"tag-nantes","16":"tag-news","17":"tag-pays-de-la-loire","18":"tag-republique-francaise"},"share_on_mastodon":{"url":"https:\/\/pubeurope.com\/@fr\/115340225803608896","error":""},"_links":{"self":[{"href":"https:\/\/www.europesays.com\/fr\/wp-json\/wp\/v2\/posts\/448214","targetHints":{"allow":["GET"]}}],"collection":[{"href":"https:\/\/www.europesays.com\/fr\/wp-json\/wp\/v2\/posts"}],"about":[{"href":"https:\/\/www.europesays.com\/fr\/wp-json\/wp\/v2\/types\/post"}],"author":[{"embeddable":true,"href":"https:\/\/www.europesays.com\/fr\/wp-json\/wp\/v2\/users\/2"}],"replies":[{"embeddable":true,"href":"https:\/\/www.europesays.com\/fr\/wp-json\/wp\/v2\/comments?post=448214"}],"version-history":[{"count":0,"href":"https:\/\/www.europesays.com\/fr\/wp-json\/wp\/v2\/posts\/448214\/revisions"}],"wp:featuredmedia":[{"embeddable":true,"href":"https:\/\/www.europesays.com\/fr\/wp-json\/wp\/v2\/media\/448215"}],"wp:attachment":[{"href":"https:\/\/www.europesays.com\/fr\/wp-json\/wp\/v2\/media?parent=448214"}],"wp:term":[{"taxonomy":"category","embeddable":true,"href":"https:\/\/www.europesays.com\/fr\/wp-json\/wp\/v2\/categories?post=448214"},{"taxonomy":"post_tag","embeddable":true,"href":"https:\/\/www.europesays.com\/fr\/wp-json\/wp\/v2\/tags?post=448214"}],"curies":[{"name":"wp","href":"https:\/\/api.w.org\/{rel}","templated":true}]}}