{"id":448216,"date":"2025-10-08T19:35:11","date_gmt":"2025-10-08T19:35:11","guid":{"rendered":"https:\/\/www.europesays.com\/fr\/448216\/"},"modified":"2025-10-08T19:35:11","modified_gmt":"2025-10-08T19:35:11","slug":"en-images-une-nouvelle-exposition-plonge-les-bassins-des-lumieres-dans-les-profondeurs-des-oceans","status":"publish","type":"post","link":"https:\/\/www.europesays.com\/fr\/448216\/","title":{"rendered":"EN IMAGES. Une nouvelle exposition plonge les Bassins des Lumi\u00e8res dans les profondeurs des oc\u00e9ans"},"content":{"rendered":"<p>            Par<br \/>\n        <strong><br \/>\n            <a href=\"https:\/\/actu.fr\/auteur\/sports33\" title=\"Consulter tous les articles de Nicolas Gosselin\" rel=\"nofollow noopener\" target=\"_blank\">Nicolas Gosselin<\/a><br \/>\n        <\/strong><\/p>\n<p>        Publi\u00e9 le<\/p>\n<p>            8 oct. 2025 \u00e0 17h34        <\/p>\n<p>Avec l\u2019arriv\u00e9e des <a href=\"https:\/\/actu.fr\/tag\/vacances-scolaires\" rel=\"nofollow noopener\" target=\"_blank\">vacances scolaires<\/a>\u00a0de la Toussaint, les <strong>Bassins des Lumi\u00e8res<\/strong> se parent d\u2019une <a href=\"https:\/\/actu.fr\/bordeaux\/loisirs-culture\/expo\" rel=\"nofollow noopener\" target=\"_blank\">nouvelle exposition<\/a>. D\u00e8s le 18 octobre 2025, le lieu propose une <strong>immersion dans les profondeurs des oc\u00e9ans<\/strong> gr\u00e2ce \u00e0 une plong\u00e9e sous-marine grandeur nature, au milieu d\u2019une centaine d\u2019esp\u00e8ces animales et v\u00e9g\u00e9tales.<\/p>\n<p class=\" wall-content\">Cette exposition intitul\u00e9e \u00ab\u00a0Oc\u00e9an : immersion dans le monde sous-marin\u00a0\u00bb est con\u00e7ue comme <strong>une odyss\u00e9e sensorielle et po\u00e9tique<\/strong>.<\/p>\n<p class=\" wall-content\">\n<p class=\" wall-content\">\u00ab\u00a0Les visiteurs croisent des <strong>mammif\u00e8res marins monumentaux<\/strong>, d\u00e9couvrent <strong>des poissons rares des abysses<\/strong>, se retrouvent face \u00e0 face avec un<strong> grand requin blanc<\/strong> et s\u2019\u00e9merveillent devant des<strong> bancs de<\/strong> <strong>poissons virevoltants<\/strong>. Bient\u00f4t, ils nagent aux c\u00f4t\u00e9s de baleines bleues g\u00e9antes, d\u2019orques puissantes et de cachalots majestueux\u00a0\u00bb, pr\u00e9sente Culturespaces, qui g\u00e8re les Bassins des Lumi\u00e8res.<\/p>\n<p>Une ambiance sonore<\/p>\n<p class=\" wall-content\">Cr\u00e9atures de l\u2019ombre et des abysses, pr\u00e9dateurs en surface, l\u2019univers color\u00e9 des tropiques ou les mondes polaires et le chant des baleines\u2026 La plong\u00e9e dans ce monde sous-marin en met plein les yeux aux petits et aux grands.<\/p>\n<p class=\" wall-content\">En outre, cette claque visuelle est accompagn\u00e9e d\u2019une bande sonore soigneusement orchestr\u00e9e pour plonger pleinement le visiteur dans l\u2019ambiance des profondeurs.<\/p>\n<p class=\" wall-content\"><a href=\"https:\/\/www.instagram.com\/p\/DPjYv_uCKvB\/embed\" title=\"Ouvrir le lien sur Instagram\" rel=\"nofollow noopener\" target=\"_blank\">Visualiser le contenu sur Instagram<\/a><\/p>\n<p class=\" wall-content\">On retrouve les sons naturels de l\u2019oc\u00e9an \u2014 le cliquetis des dauphins, le cri des mouettes, le ressac des vagues ou encore le souffle du vent \u2014 mais aussi des musiques de films embl\u00e9matiques comme les premi\u00e8res notes de Goldfinger, c\u00e9l\u00e8bre th\u00e8me du James Bond de 1964, qui accompagnent l\u2019apparition d\u2019une pieuvre g\u00e9ante sur les murs de la base.<\/p>\n<p>Tarifs et horaires disponibles sur <a href=\"https:\/\/www.bassins-lumieres.com\/fr?srsltid=AfmBOoroFY6c4yeykoHoJ_9w4KJbne7PW7ke-GM8fpN6fkJxkI7HIjdL\" rel=\"nofollow noopener\" target=\"_blank\">le site des Bassins des Lumi\u00e8res<\/a>.<\/p>\n<p class=\" wall-content\">Personnalisez votre actualit\u00e9 en ajoutant vos villes et m\u00e9dias en favori avec <a href=\"https:\/\/moncompte.actu.fr\" title=\"D\u00e9couvez Mon Actu\" rel=\"nofollow noopener\" data-trk=\"{&quot;cta&quot;:{&quot;action&quot;:&quot;https:\\\/\\\/moncompte.actu.fr&quot;,&quot;category&quot;:&quot;mon compte&quot;,&quot;from&quot;:&quot;article footer&quot;,&quot;name&quot;:&quot;Mon actu&quot;,&quot;type&quot;:&quot;cta&quot;}}\" target=\"_blank\">Mon Actu<\/a>.<\/p>\n<p>                    <script async src=\"\/\/www.instagram.com\/embed.js\"><\/script><\/p>\n","protected":false},"excerpt":{"rendered":"Par Nicolas Gosselin Publi\u00e9 le 8 oct. 2025 \u00e0 17h34 Avec l\u2019arriv\u00e9e des vacances scolaires\u00a0de la Toussaint, les&hellip;\n","protected":false},"author":2,"featured_media":448217,"comment_status":"","ping_status":"","sticky":false,"template":"","format":"standard","meta":{"footnotes":""},"categories":[2817],"tags":[1111,11,1997,1777,674,1349,1011,27,1652,12,2219,25],"class_list":{"0":"post-448216","1":"post","2":"type-post","3":"status-publish","4":"format-standard","5":"has-post-thumbnail","7":"category-bordeaux","8":"tag-actu","9":"tag-actualites","10":"tag-bordeaux","11":"tag-eu","12":"tag-europe","13":"tag-expositions","14":"tag-fr","15":"tag-france","16":"tag-loisirs-culture","17":"tag-news","18":"tag-nouvelle-aquitaine","19":"tag-republique-francaise"},"share_on_mastodon":{"url":"https:\/\/pubeurope.com\/@fr\/115340228956107998","error":""},"_links":{"self":[{"href":"https:\/\/www.europesays.com\/fr\/wp-json\/wp\/v2\/posts\/448216","targetHints":{"allow":["GET"]}}],"collection":[{"href":"https:\/\/www.europesays.com\/fr\/wp-json\/wp\/v2\/posts"}],"about":[{"href":"https:\/\/www.europesays.com\/fr\/wp-json\/wp\/v2\/types\/post"}],"author":[{"embeddable":true,"href":"https:\/\/www.europesays.com\/fr\/wp-json\/wp\/v2\/users\/2"}],"replies":[{"embeddable":true,"href":"https:\/\/www.europesays.com\/fr\/wp-json\/wp\/v2\/comments?post=448216"}],"version-history":[{"count":0,"href":"https:\/\/www.europesays.com\/fr\/wp-json\/wp\/v2\/posts\/448216\/revisions"}],"wp:featuredmedia":[{"embeddable":true,"href":"https:\/\/www.europesays.com\/fr\/wp-json\/wp\/v2\/media\/448217"}],"wp:attachment":[{"href":"https:\/\/www.europesays.com\/fr\/wp-json\/wp\/v2\/media?parent=448216"}],"wp:term":[{"taxonomy":"category","embeddable":true,"href":"https:\/\/www.europesays.com\/fr\/wp-json\/wp\/v2\/categories?post=448216"},{"taxonomy":"post_tag","embeddable":true,"href":"https:\/\/www.europesays.com\/fr\/wp-json\/wp\/v2\/tags?post=448216"}],"curies":[{"name":"wp","href":"https:\/\/api.w.org\/{rel}","templated":true}]}}