{"id":448220,"date":"2025-10-08T19:37:15","date_gmt":"2025-10-08T19:37:15","guid":{"rendered":"https:\/\/www.europesays.com\/fr\/448220\/"},"modified":"2025-10-08T19:37:15","modified_gmt":"2025-10-08T19:37:15","slug":"un-chantier-pharaonique-dans-le-futur-epicentre-du-reseau","status":"publish","type":"post","link":"https:\/\/www.europesays.com\/fr\/448220\/","title":{"rendered":"un chantier pharaonique dans le futur \u00e9picentre du r\u00e9seau"},"content":{"rendered":"<p>            Par<br \/>\n        <strong><br \/>\n            <a href=\"https:\/\/actu.fr\/auteur\/guillaume-laurens\" title=\"Consulter tous les articles de Guillaume Laurens\" target=\"_blank\" rel=\"noopener\">Guillaume Laurens<\/a><br \/>\n        <\/strong><\/p>\n<p>        Publi\u00e9 le<\/p>\n<p>            8 oct. 2025 \u00e0 19h17        <\/p>\n<p>C\u2019est l\u2019un des chantiers les plus spectaculaires, mais aussi l\u2019un des plus attendus, parmi les 42 qui se d\u00e9roulent simultan\u00e9ment aux quatre coins de <strong><a href=\"https:\/\/actu.fr\/toulouse\/\" target=\"_blank\" rel=\"noopener\">Toulouse<\/a><\/strong>, pour la cr\u00e9ation de<a href=\"https:\/\/actu.fr\/tag\/ligne-c-du-metro-de-toulouse\" target=\"_blank\" rel=\"noopener\"> la ligne C du m\u00e9tro\u2026<\/a> Dans la future <strong>station Matabiau-Gare, <\/strong>la seule du r\u00e9seau o\u00f9 se croiseront les lignes A et C, et qui permettra aussi de desservir la gare SNCF, la future LGV, ainsi que <a href=\"https:\/\/actu.fr\/occitanie\/toulouse_31555\/toulouse-elle-trone-dans-le-quartier-depuis-un-demi-siecle-la-demolition-de-la-tour-d-argent-est-lancee_63149220.html\" target=\"_blank\" rel=\"noopener\">la nouvelle Halle des Mobilit\u00e9s<\/a>, les travaux\u00a0ont sacr\u00e9ment avanc\u00e9 avec <strong>l\u2019arriv\u00e9e spectaculaire d\u2019un tunnelier<\/strong> il y a quelques jours. Reportage en immersion et en images.<\/p>\n<p>    <a href=\"https:\/\/www.facebook.com\/plugins\/video.php?height=476&amp;href=https%3A%2F%2Fwww.facebook.com%2Freel%2F1741358826363264%2F&amp;show_text=false&amp;width=350&amp;t=0\" title=\"Ouvrie le lien\" target=\"_blank\" rel=\"noopener\">Cliquez ici pour visualiser le contenu<\/a><\/p>\n<p>Un tunnelier en maintenance \u00e0 Matabiau-Gare<\/p>\n<p class=\" wall-content\">Un an apr\u00e8s <a href=\"https:\/\/actu.fr\/occitanie\/toulouse_31555\/travaux-de-la-ligne-c-du-metro-le-troisieme-tunnelier-a-ete-revele-a-toulouse_61599666.html\" target=\"_blank\" rel=\"noopener\">son grand d\u00e9part de la station Raisin,<\/a> puis son passage au printemps dernier \u00e0 Bonnefoy o\u00f9 il a trouv\u00e9 sur son chemin des <strong>poches de sable,<\/strong> ce qui<a href=\"https:\/\/actu.fr\/occitanie\/toulouse_31555\/toulouse-le-tunnelier-de-la-ligne-c-fissure-les-murs-de-3-maisons-a-bonnefoy-tisseo-reconnait-une-anomalie_62541002.html\" target=\"_blank\" rel=\"noopener\"> a entra\u00een\u00e9 des d\u00e9g\u00e2ts sur plusieurs habitations<\/a>, le <strong>tunnelier <\/strong>baptis\u00e9 <strong>Marie-Th\u00e9r\u00e8se de Villeneuve-Arifat<\/strong> a perc\u00e9, vendredi 3 octobre, la station Matabiau.<\/p>\n<p class=\" wall-content\">Stationn\u00e9 \u00e0 deux pas de la gare, il fait depuis quelques jours l\u2019objet de <strong>travaux, <\/strong>car \u00ab on fait toujours la maintenance des tunneliers quand ils sont en station \u00bb, avance <strong>Julien Isnard<\/strong>, adjoint au directeur de projet chez Tiss\u00e9o Ing\u00e9nierie.<\/p>\n<p class=\" wall-content\">\u00ab\u00a0Les \u00e9quipes profitent d\u2019avoir <strong>la lumi\u00e8re du jour<\/strong> \u00e0 la station Matabiau pour faire un gros contr\u00f4le technique\u00a0\u00bb, d\u00e9taille <strong>Vincent Derachinois<\/strong>, responsable du g\u00e9nie civil sur les stations qui vont de Raisin \u00e0 Fran\u00e7ois Verdier. \u00ab\u00a0C\u2019est l\u2019occasion de l\u2019approvisionner en pi\u00e8ces de rechange, de faire un check \u00e9lectrique et m\u00e9canique de la machine\u00a0\u00bb.<\/p>\n<p>    <img   decoding=\"async\" loading=\"lazy\" src=\"https:\/\/www.europesays.com\/fr\/wp-content\/uploads\/2025\/10\/tunnelier-matabiau-gare-ligne-c-metro-toulouse-gl-3-960x640.jpg\" alt=\"\" width=\"960\" height=\"640\"\/><br \/>\n    \u00ab\u00a0Les \u00e9quipes profitent d\u2019avoir la lumi\u00e8re du jour \u00e0 la station Matabiau pour faire un gros contr\u00f4le technique\u00a0\u00bb, dit-on sur le chantier (\u00a9G.L. \/ Actu Toulouse)Vid\u00e9os : en ce moment sur ActuUne station de 52 m\u00e8tres par 30<\/p>\n<p class=\" wall-content\">Ce tunnelier impressionnant est donc momentan\u00e9ment \u00e0 l\u2019arr\u00eat dans la future station de m\u00e9tro, une <strong>gigantesque bo\u00eete<\/strong> de<strong> 52 m\u00e8tres<\/strong> de long par <strong>30 de large<\/strong>, o\u00f9 les travaux de gros \u0153uvre seront bient\u00f4t termin\u00e9s, comme pour la plupart des stations de la ligne C, et o\u00f9 l\u2019on devine d\u00e9j\u00e0 le passage des <strong>futurs escaliers m\u00e9caniques<\/strong>.<\/p>\n<p>Votre r\u00e9gion, votre actu !<\/p>\n<p>Recevez chaque jour les infos qui comptent pour vous.<\/p>\n<p>\t<a href=\"https:\/\/actu.fr\/newsletter\" class=\"ac-btn ac-btn--corner ac-btn--medium ac-btn--blue800\" target=\"_blank\" rel=\"noopener\">S&rsquo;incrire<\/a><\/p>\n<p class=\" wall-content\">Comme les quatre autres tunneliers de la ligne C, Marie-Th\u00e9r\u00e8se de Villeneuve-Arifat <strong>creuse 24 heures sur 24,<\/strong> sans jamais remonter \u00e0 la surface. \u00ab\u00a0Entre 10 et 15 personnes se trouvent en permanence \u00e0 l\u2019int\u00e9rieur\u00a0\u00bb o\u00f9 \u00ab\u00a0les \u00e9quipes se relaient\u00a0\u00bb, d\u00e9veloppe Vincent Derachinois.\u00a0<\/p>\n<p class=\" wall-content\">Rappelons que ces engins ne font pas que creuser : apr\u00e8s leur passage, \u00ab\u2009le <strong>tunnel<\/strong> est enti\u00e8rement termin\u00e9, avec son <strong>rev\u00eatement d\u00e9finitif\u2009\u00bb<\/strong>, ajoute Julien Isnard.<\/p>\n<p>    <img   decoding=\"async\" loading=\"lazy\" src=\"https:\/\/www.europesays.com\/fr\/wp-content\/uploads\/2025\/10\/tunnelier-matabiau-gare-ligne-c-metro-toulouse-gl-5-960x640.jpg\" alt=\"Apr\u00e8s le passage des tunneliers, \" width=\"960\" height=\"640\"\/><br \/>\n    Ils ne font pas que creuser : apr\u00e8s le passage des tunneliers, \u00ab\u00a0le tunnel est enti\u00e8rement termin\u00e9\u00a0\u00bb (\u00a9G.L. \/ Actu Toulouse)Bient\u00f4t \u00e0 Fran\u00e7ois-Verdier, station la plus profonde du r\u00e9seau<\/p>\n<p class=\" wall-content\">Marie-Th\u00e9r\u00e8se de Villeneuve-Arifat repartira \u00ab\u00a0d\u2019ici la semaine prochaine\u00a0\u00bb pour de nouveaux horizons, poursuit Vincent Derachinois.\u00a0Apr\u00e8s \u00eatre pass\u00e9 <strong>sous les voies ferr\u00e9es<\/strong> et sous <strong>la rue Riquet<\/strong>, le tunnelier prendra la direction de sa prochaine halte, qu\u2019il devrait atteindre \u00ab fin 2025 ou d\u00e9but 2026 \u00bb :\u00a0la <strong>station Fran\u00e7ois Verdier,<\/strong> situ\u00e9e \u00e0 1 200 m\u00e8tres de l\u00e0 et qui sera <strong>la plus profonde<\/strong> de tout le r\u00e9seau Tiss\u00e9o.<\/p>\n<p class=\" wall-content\">Car si \u00e0 Matabiau, le m\u00e9tro passera d\u00e9j\u00e0 <strong>entre 30 et 32\u00a0m\u00e8tres<\/strong> de profondeur, \u00e0 Fran\u00e7ois Verdier, il sera <strong>entre 35 et 38 m\u00e8tres<\/strong> du sol, puisqu\u2019il passera \u00ab sous la ligne B et le parking Carnot \u00bb. Ce qui en fera la station la plus profonde de la ligne, mais aussi de tout le r\u00e9seau Tiss\u00e9o. Le tunnelier se rendra ensuite vers le <strong>puits de secours Saint-Sauveur<\/strong>, o\u00f9 il sera d\u00e9mont\u00e9.<\/p>\n<p>    <img   decoding=\"async\" loading=\"lazy\" src=\"https:\/\/www.europesays.com\/fr\/wp-content\/uploads\/2025\/10\/tunnelier-matabiau-gare-ligne-c-metro-toulouse-gl-6-960x640.jpg\" alt=\"La station Matabiau Gare sera l'une des plus profondes du r\u00e9seau... derri\u00e8re Fran\u00e7ois Verdier, future destination du tunnelier\" width=\"960\" height=\"640\"\/><br \/>\n    La station Matabiau Gare sera l\u2019une des plus profondes du r\u00e9seau\u2026 derri\u00e8re Fran\u00e7ois Verdier, future destination du tunnelier (\u00a9G.L. \/ Actu Toulouse)Le futur \u00e9picentre de la ligne C du m\u00e9tro<\/p>\n<p class=\" wall-content\">La station Matabiau-Gare \u2014 qui s\u2019appellera ainsi sur la ligne C, mais aussi sur la ligne A, dont <a href=\"https:\/\/actu.fr\/occitanie\/toulouse_31555\/toulouse-lignes-a-et-b-du-metro-une-station-va-changer-de-nom-trois-autres-pourraient-suivre_59512433.html\" target=\"_blank\" rel=\"noopener\">l\u2019actuelle station Marengo-SNCF sera renomm\u00e9e \u2014, <\/a>aura un <strong>r\u00f4le tr\u00e8s particulier<\/strong> dans le futur r\u00e9seau de transports en commun de Toulouse. Parce qu\u2019elle sera l\u2019unique station permettant de <strong>passer directement de la ligne C \u00e0 la ligne A<\/strong> du m\u00e9tro, et parce qu\u2019elle a vocation \u00e0 \u00eatre <strong>l\u2019\u00e9picentre de la troisi\u00e8me ligne\u2026<\/strong> et des mobilit\u00e9s en g\u00e9n\u00e9ral dans la Ville rose.<\/p>\n<p>    <img   decoding=\"async\" loading=\"lazy\" src=\"https:\/\/www.europesays.com\/fr\/wp-content\/uploads\/2025\/10\/tunnelier-matabiau-gare-ligne-c-metro-toulouse-gl-960x640.jpg\" alt=\"La gigantesque station Matabiau-Gare permettra de relier les principaux transports en commun lourds de la Ville rose\" width=\"960\" height=\"640\"\/><br \/>\n    La gigantesque station Matabiau-Gare permettra de relier les principaux transports en commun lourds de la Ville rose (\u00a9G.L. \/ Actu Toulouse)Des tunnels vers la ligne A et la Halle des mobilit\u00e9s<\/p>\n<p class=\" wall-content\">Outre les deux lignes de m\u00e9tro, le <strong>quartier Matabiau<\/strong> va \u00eatre <strong>transfigur\u00e9<\/strong> avec l\u2019arriv\u00e9e de <a href=\"https:\/\/actu.fr\/tag\/lgv-bordeaux-toulouse\" target=\"_blank\" rel=\"noopener\">la <strong>LGV Bordeaux-Toulouse<\/strong><\/a>, qui doit mettre la future 3e ville de France \u00e0 3h10 de Paris \u00e0 horizon 2032. Depuis cette station en cours de cr\u00e9ation, <strong>un premier<\/strong> <strong>tunnel<\/strong> passera sous les voies ferr\u00e9es et desservira la station de la ligne A, <strong>un autre<\/strong> rejoindra la nouvelle Halle des mobilit\u00e9s. Au final, les usagers transiteront entre m\u00e9tro, train du quotidien et autres TGV \u00ab\u00a0sans remonter \u00e0 la surface\u00a0\u00bb.<\/p>\n<p class=\" wall-content\">Selon les projections de Tiss\u00e9o, avec<strong>\u00a036 000 voyageurs\u00a0par jour<\/strong> au maximum, Matabiau Gare sera de (tr\u00e8s) loin <strong>la station plus fr\u00e9quent\u00e9e<\/strong> de la ligne, devant Fran\u00e7ois Verdier (22 400) et La Vache (16 300), qui croiseront, elles, la ligne B. La mise en service de la ligne C reste annonc\u00e9e pour <strong>fin 2028.<\/strong><\/p>\n<p class=\" wall-content\">Personnalisez votre actualit\u00e9 en ajoutant vos villes et m\u00e9dias en favori avec <a href=\"https:\/\/moncompte.actu.fr\" title=\"D\u00e9couvez Mon Actu\" rel=\"nofollow noopener\" data-trk=\"{&quot;cta&quot;:{&quot;action&quot;:&quot;https:\\\/\\\/moncompte.actu.fr&quot;,&quot;category&quot;:&quot;mon compte&quot;,&quot;from&quot;:&quot;article footer&quot;,&quot;name&quot;:&quot;Mon actu&quot;,&quot;type&quot;:&quot;cta&quot;}}\" target=\"_blank\">Mon Actu<\/a>.<\/p>\n","protected":false},"excerpt":{"rendered":"Par Guillaume Laurens Publi\u00e9 le 8 oct. 2025 \u00e0 19h17 C\u2019est l\u2019un des chantiers les plus spectaculaires, mais&hellip;\n","protected":false},"author":2,"featured_media":448221,"comment_status":"","ping_status":"","sticky":false,"template":"","format":"standard","meta":{"footnotes":""},"categories":[2816],"tags":[1111,11,1777,674,1011,27,5224,10596,12,2680,25,104,5400,2312],"class_list":{"0":"post-448220","1":"post","2":"type-post","3":"status-publish","4":"format-standard","5":"has-post-thumbnail","7":"category-toulouse","8":"tag-actu","9":"tag-actualites","10":"tag-eu","11":"tag-europe","12":"tag-fr","13":"tag-france","14":"tag-ligne-c-du-metro-de-toulouse","15":"tag-metro-de-toulouse","16":"tag-news","17":"tag-occitanie","18":"tag-republique-francaise","19":"tag-societe","20":"tag-tisseo","21":"tag-toulouse"},"share_on_mastodon":{"url":"https:\/\/pubeurope.com\/@fr\/115340237402148250","error":""},"_links":{"self":[{"href":"https:\/\/www.europesays.com\/fr\/wp-json\/wp\/v2\/posts\/448220","targetHints":{"allow":["GET"]}}],"collection":[{"href":"https:\/\/www.europesays.com\/fr\/wp-json\/wp\/v2\/posts"}],"about":[{"href":"https:\/\/www.europesays.com\/fr\/wp-json\/wp\/v2\/types\/post"}],"author":[{"embeddable":true,"href":"https:\/\/www.europesays.com\/fr\/wp-json\/wp\/v2\/users\/2"}],"replies":[{"embeddable":true,"href":"https:\/\/www.europesays.com\/fr\/wp-json\/wp\/v2\/comments?post=448220"}],"version-history":[{"count":0,"href":"https:\/\/www.europesays.com\/fr\/wp-json\/wp\/v2\/posts\/448220\/revisions"}],"wp:featuredmedia":[{"embeddable":true,"href":"https:\/\/www.europesays.com\/fr\/wp-json\/wp\/v2\/media\/448221"}],"wp:attachment":[{"href":"https:\/\/www.europesays.com\/fr\/wp-json\/wp\/v2\/media?parent=448220"}],"wp:term":[{"taxonomy":"category","embeddable":true,"href":"https:\/\/www.europesays.com\/fr\/wp-json\/wp\/v2\/categories?post=448220"},{"taxonomy":"post_tag","embeddable":true,"href":"https:\/\/www.europesays.com\/fr\/wp-json\/wp\/v2\/tags?post=448220"}],"curies":[{"name":"wp","href":"https:\/\/api.w.org\/{rel}","templated":true}]}}