{"id":448228,"date":"2025-10-08T19:41:10","date_gmt":"2025-10-08T19:41:10","guid":{"rendered":"https:\/\/www.europesays.com\/fr\/448228\/"},"modified":"2025-10-08T19:41:10","modified_gmt":"2025-10-08T19:41:10","slug":"entre-amour-et-elevation-youssoupha-se-produira-a-marseille-le-10-octobre-2025","status":"publish","type":"post","link":"https:\/\/www.europesays.com\/fr\/448228\/","title":{"rendered":"Entre \u00ab\u00a0amour et \u00e9l\u00e9vation\u00a0\u00bb, Youssoupha se produira \u00e0 Marseille le 10\u00a0octobre\u00a02025"},"content":{"rendered":"<p>Son concert en novembre\u00a02024 au Caf\u00e9 Julien illustrait sa d\u00e9marche artistique actuelle. <a href=\"https:\/\/www.laprovence.com\/article\/sortie-loisirs\/8278543635889814\/a-marseille-youssoupha-a-devoile-en-toute-intimite-son-futur-album-amour-supreme\" target=\"_blank\" rel=\"noopener\">En d\u00e9voilant \u00e0 une centaine de personnes<\/a> les morceaux de son nouvel album Amour Supr\u00eame deux mois avant sa sortie, Youssoupha cr\u00e9ait une nouvelle intimit\u00e9 avec son public. Les chansons voguant entre \u00ab\u00a0amour et \u00e9l\u00e9vation\u00a0\u00bb, non sans une part de spiritualit\u00e9, elles prolongent ce lien renforc\u00e9. \u00c0 la Fiesta des Suds, qui s\u2019ouvre ce jeudi 9\u00a0octobre et o\u00f9 il se produira vendredi, le rappeur promet une \u00ab\u00a0grande communion\u00a0\u00bb avec les milliers de festivaliers attendus.<\/p>\n<p><strong>L\u2019amour est le ma\u00eetre mot de cette <a href=\"https:\/\/www.laprovence.com\/article\/culture-loisirs\/1876478661352714\/la-34e-fiesta-des-suds-a-marseille-sera-celle-de-lamour\" target=\"_blank\" rel=\"noopener\">34e Fiesta des Suds<\/a>, c\u2019est du sur-mesure pour vous non\u00a0?<\/strong>&#13;\n<\/p>\n<p>En effet \u00e7a tombe bien, et \u00e7a fera \u00e9cho aux festivals que j\u2019ai faits cette ann\u00e9e\u00a0: dans ces moments-l\u00e0, on ne joue pas forc\u00e9ment devant son public mais le but est de le s\u00e9duire avec la philosophie de ce nouvel album. Vous l\u2019aviez vu lors du Pr\u00e9liminaires Tour l\u2019an dernier \u00e0 Marseille, il y a une \u00e9nergie particuli\u00e8re autour d\u2019Amour Supr\u00eame. Je sens beaucoup de force chez les gens, mais cela se fait tout en l\u00e9g\u00e8ret\u00e9. De l\u00e0 \u00e0 dire que j\u2019ai fait l\u2019album sp\u00e9cialement pour la Fiesta de cette ann\u00e9e\u2026 l\u2019id\u00e9e ne me d\u00e9pla\u00eet pas apr\u00e8s tout\u00a0!<\/p>\n<p><strong>Apr\u00e8s les pr\u00e9liminaires, <\/strong>&#8230;<\/p>\n","protected":false},"excerpt":{"rendered":"Son concert en novembre\u00a02024 au Caf\u00e9 Julien illustrait sa d\u00e9marche artistique actuelle. En d\u00e9voilant \u00e0 une centaine de&hellip;\n","protected":false},"author":2,"featured_media":448229,"comment_status":"","ping_status":"","sticky":false,"template":"","format":"standard","meta":{"footnotes":""},"categories":[2814],"tags":[17,1111,11,1376,251,57337,2834,1777,674,1011,27,884,12,6863,882,25,6949,3652],"class_list":{"0":"post-448228","1":"post","2":"type-post","3":"status-publish","4":"format-standard","5":"has-post-thumbnail","7":"category-marseille","8":"tag-17","9":"tag-actu","10":"tag-actualites","11":"tag-amour","12":"tag-culture","13":"tag-elevation","14":"tag-entre","15":"tag-eu","16":"tag-europe","17":"tag-fr","18":"tag-france","19":"tag-marseille","20":"tag-news","21":"tag-produira","22":"tag-provence-alpes-cote-dazur","23":"tag-republique-francaise","24":"tag-vendredi","25":"tag-youssoupha"},"share_on_mastodon":{"url":"https:\/\/pubeurope.com\/@fr\/115340252567928304","error":""},"_links":{"self":[{"href":"https:\/\/www.europesays.com\/fr\/wp-json\/wp\/v2\/posts\/448228","targetHints":{"allow":["GET"]}}],"collection":[{"href":"https:\/\/www.europesays.com\/fr\/wp-json\/wp\/v2\/posts"}],"about":[{"href":"https:\/\/www.europesays.com\/fr\/wp-json\/wp\/v2\/types\/post"}],"author":[{"embeddable":true,"href":"https:\/\/www.europesays.com\/fr\/wp-json\/wp\/v2\/users\/2"}],"replies":[{"embeddable":true,"href":"https:\/\/www.europesays.com\/fr\/wp-json\/wp\/v2\/comments?post=448228"}],"version-history":[{"count":0,"href":"https:\/\/www.europesays.com\/fr\/wp-json\/wp\/v2\/posts\/448228\/revisions"}],"wp:featuredmedia":[{"embeddable":true,"href":"https:\/\/www.europesays.com\/fr\/wp-json\/wp\/v2\/media\/448229"}],"wp:attachment":[{"href":"https:\/\/www.europesays.com\/fr\/wp-json\/wp\/v2\/media?parent=448228"}],"wp:term":[{"taxonomy":"category","embeddable":true,"href":"https:\/\/www.europesays.com\/fr\/wp-json\/wp\/v2\/categories?post=448228"},{"taxonomy":"post_tag","embeddable":true,"href":"https:\/\/www.europesays.com\/fr\/wp-json\/wp\/v2\/tags?post=448228"}],"curies":[{"name":"wp","href":"https:\/\/api.w.org\/{rel}","templated":true}]}}