{"id":448234,"date":"2025-10-08T19:44:14","date_gmt":"2025-10-08T19:44:14","guid":{"rendered":"https:\/\/www.europesays.com\/fr\/448234\/"},"modified":"2025-10-08T19:44:14","modified_gmt":"2025-10-08T19:44:14","slug":"des-billets-des-57-euros","status":"publish","type":"post","link":"https:\/\/www.europesays.com\/fr\/448234\/","title":{"rendered":"des billets d\u00e8s 57 euros"},"content":{"rendered":"<p>            Par<br \/>\n        <strong><br \/>\n            <a href=\"https:\/\/actu.fr\/auteur\/redaction-lyon\" title=\"Consulter tous les articles de R\u00e9daction Lyon\" target=\"_blank\" rel=\"noopener\">R\u00e9daction Lyon<\/a><br \/>\n        <\/strong><\/p>\n<p>        Publi\u00e9 le<\/p>\n<p>            8 oct. 2025 \u00e0 19h59        <\/p>\n<p>Elle \u00e9tait annonc\u00e9e d\u00e8s janvier 2025 pour un lancement cet \u00e9t\u00e9 : <a href=\"https:\/\/actu.fr\/tag\/easy-jet\" target=\"_blank\" rel=\"noopener\">easyJet<\/a> avait finalement renonc\u00e9, en toute discr\u00e9tion, \u00e0 lancer sa <a href=\"https:\/\/actu.fr\/auvergne-rhone-alpes\/colombier-saugnieu_69299\/un-vrai-bide-easyjet-renonce-a-cette-ligne-entre-l-aeroport-de-lyon-et-une-capitale_62312191.html\" target=\"_blank\" rel=\"noopener\">ligne directe entre Lyon et Reykjavik<\/a> en Islande. Faute de passagers et d\u2019engouement entour de la destination depuis l\u2019a\u00e9roport de <a href=\"https:\/\/actu.fr\/auvergne-rhone-alpes\/lyon_69123\" target=\"_blank\" rel=\"noopener\">Lyon<\/a> Saint-Exup\u00e9ry.\u00a0<\/p>\n<p>Deux vols par semaine d\u00e8s juin 2026<\/p>\n<p class=\" wall-content\">Mais finalement, coup de th\u00e9\u00e2tre pour la compagnie \u00e0 bas-co\u00fbt qui va bien lancer cette ligne \u00e0 compter de l\u2019\u00e9t\u00e9 2026. Le premier vol est <strong>annonc\u00e9 d\u00e8s le 23 juin avec deux vols par semaine<\/strong>.<\/p>\n<p class=\" wall-content\">\u00ab\u00a0easyJet suspend la mise en vente des billets pour la route Lyon-Reykjavik, initialement pr\u00e9vue pour juillet et ao\u00fbt. La compagnie ajuste r\u00e9guli\u00e8rement son offre afin de se concentrer sur les itin\u00e9raires les plus demand\u00e9s\u00a0\u00bb, expliquait la communication de la compagnie en f\u00e9vrier dernier, seulement un mois apr\u00e8s l\u2019annonce.<\/p>\n<p>Un billet \u00e0 partir de 57 euros l\u2019aller<\/p>\n<p class=\" wall-content\">La ligne sera finalement op\u00e9rationnelle pour <strong>l\u2019\u00e9t\u00e9 2026 avec des vols en juin, juillet et ao\u00fbt<\/strong> d\u00e9j\u00e0 commercialis\u00e9s sur le site d\u2019esayJet.<\/p>\n<p class=\" wall-content\">Le billet aller simple le moins cher est propos\u00e9 \u00e0 57,64 euros en ao\u00fbt. Certains vols sont propos\u00e9s 94 et 130 euros maximum pour un billet simple depuis l\u2019<a href=\"https:\/\/actu.fr\/tag\/aeroport-lyon-saint-exupery\" target=\"_blank\" rel=\"noopener\">a\u00e9roport de Lyon Saint-Exup\u00e9ry<\/a>.<\/p>\n<p class=\" wall-content\">Personnalisez votre actualit\u00e9 en ajoutant vos villes et m\u00e9dias en favori avec <a href=\"https:\/\/moncompte.actu.fr\" title=\"D\u00e9couvez Mon Actu\" rel=\"nofollow noopener\" data-trk=\"{&quot;cta&quot;:{&quot;action&quot;:&quot;https:\\\/\\\/moncompte.actu.fr&quot;,&quot;category&quot;:&quot;mon compte&quot;,&quot;from&quot;:&quot;article footer&quot;,&quot;name&quot;:&quot;Mon actu&quot;,&quot;type&quot;:&quot;cta&quot;}}\" target=\"_blank\">Mon Actu<\/a>.<\/p>\n","protected":false},"excerpt":{"rendered":"Par R\u00e9daction Lyon Publi\u00e9 le 8 oct. 2025 \u00e0 19h59 Elle \u00e9tait annonc\u00e9e d\u00e8s janvier 2025 pour un&hellip;\n","protected":false},"author":2,"featured_media":448235,"comment_status":"","ping_status":"","sticky":false,"template":"","format":"standard","meta":{"footnotes":""},"categories":[1889],"tags":[1111,11,12526,2430,12527,1777,674,1011,27,1652,2428,12,25,586],"class_list":{"0":"post-448234","1":"post","2":"type-post","3":"status-publish","4":"format-standard","5":"has-post-thumbnail","7":"category-lyon","8":"tag-actu","9":"tag-actualites","10":"tag-aeroport-lyon-saint-exupery","11":"tag-auvergne-rhone-alpes","12":"tag-easy-jet","13":"tag-eu","14":"tag-europe","15":"tag-fr","16":"tag-france","17":"tag-loisirs-culture","18":"tag-lyon","19":"tag-news","20":"tag-republique-francaise","21":"tag-voyage"},"share_on_mastodon":{"url":"https:\/\/pubeurope.com\/@fr\/115340264310223070","error":""},"_links":{"self":[{"href":"https:\/\/www.europesays.com\/fr\/wp-json\/wp\/v2\/posts\/448234","targetHints":{"allow":["GET"]}}],"collection":[{"href":"https:\/\/www.europesays.com\/fr\/wp-json\/wp\/v2\/posts"}],"about":[{"href":"https:\/\/www.europesays.com\/fr\/wp-json\/wp\/v2\/types\/post"}],"author":[{"embeddable":true,"href":"https:\/\/www.europesays.com\/fr\/wp-json\/wp\/v2\/users\/2"}],"replies":[{"embeddable":true,"href":"https:\/\/www.europesays.com\/fr\/wp-json\/wp\/v2\/comments?post=448234"}],"version-history":[{"count":0,"href":"https:\/\/www.europesays.com\/fr\/wp-json\/wp\/v2\/posts\/448234\/revisions"}],"wp:featuredmedia":[{"embeddable":true,"href":"https:\/\/www.europesays.com\/fr\/wp-json\/wp\/v2\/media\/448235"}],"wp:attachment":[{"href":"https:\/\/www.europesays.com\/fr\/wp-json\/wp\/v2\/media?parent=448234"}],"wp:term":[{"taxonomy":"category","embeddable":true,"href":"https:\/\/www.europesays.com\/fr\/wp-json\/wp\/v2\/categories?post=448234"},{"taxonomy":"post_tag","embeddable":true,"href":"https:\/\/www.europesays.com\/fr\/wp-json\/wp\/v2\/tags?post=448234"}],"curies":[{"name":"wp","href":"https:\/\/api.w.org\/{rel}","templated":true}]}}