{"id":448238,"date":"2025-10-08T19:47:14","date_gmt":"2025-10-08T19:47:14","guid":{"rendered":"https:\/\/www.europesays.com\/fr\/448238\/"},"modified":"2025-10-08T19:47:14","modified_gmt":"2025-10-08T19:47:14","slug":"loin-de-matignon-marine-le-pen-en-campagne-aupres-des-agriculteurs","status":"publish","type":"post","link":"https:\/\/www.europesays.com\/fr\/448238\/","title":{"rendered":"loin de Matignon, Marine Le Pen en campagne aupr\u00e8s des agriculteurs"},"content":{"rendered":"\n<p class=\"c-chapo \">\n  La pr\u00e9sidente du groupe RN \u00e0 l&rsquo;Assembl\u00e9e nationale \u00e9tait en visite, mercredi, au sommet de l&rsquo;\u00e9levage \u00e0 Cournon-d&rsquo;Auvergne, dans le Puy-de-D\u00f4me.\n<\/p>\n<p>      lire plus tard<\/p>\n<p id=\"dialog__title\" class=\"dialog__title\">Pour sauvegarder cet article, connectez-vous ou cr\u00e9ez un compte franceinfo<\/p>\n<p class=\"dialog__description\">Sans paiement. Sans abonnement.<\/p>\n<p>        Fermer la fen\u00eatre d\u2019activation des notifications France Info<\/p>\n<p>      cr\u00e9er votre compte<\/p>\n<p>      se connecter<\/p>\n<p>        Fermer la fen\u00eatre de pr\u00e9sentation<\/p>\n<p>    <img loading=\"lazy\" decoding=\"async\" class=\"signature__image lazyload\" width=\"100\" height=\"100\" data- alt=\"\" src=\"https:\/\/www.europesays.com\/fr\/wp-content\/uploads\/2025\/06\/bonno-pierrick-portrait-670e7c6381547819582831.png\"\/><\/p>\n<p>    Publi\u00e9 le 08\/10\/2025 19:06<\/p>\n<p>        Temps de lecture : 3min<\/p>\n<p>    <img decoding=\"async\"  alt=\"Marine Le Pen au sommet de l'\u00e9levage de Cournon-d'Auvergne (Puy-de-D\u00f4me), le 8 octobre 2025. (JEAN-PHILIPPE KSIAZEK \/ AFP)\" width=\"432\" height=\"243\" src=\"https:\/\/www.europesays.com\/fr\/wp-content\/uploads\/2025\/10\/mlp-68e68d578ba1b548087597.jpg\" fetchpriority=\"high\"\/><\/p>\n<p>      Marine Le Pen au sommet de l&rsquo;\u00e9levage de Cournon-d&rsquo;Auvergne (Puy-de-D\u00f4me), le 8 octobre 2025. (JEAN-PHILIPPE KSIAZEK \/ AFP)<\/p>\n<p>Marine Le Pen en campagne loin de la capitale, en pleine crise politique. La pr\u00e9sidente du groupe RN \u00e0 l&rsquo;Assembl\u00e9e nationale a refus\u00e9 de se rendre \u00e0 Matignon pour les ultimes tractations, mercredi\u00a08 octobre. Elle a pr\u00e9f\u00e9r\u00e9 passer la journ\u00e9e avec des agriculteurs au sommet de l&rsquo;\u00e9levage \u00e0 Cournon-d&rsquo;Auvergne, dans le Puy-de-D\u00f4me.<\/p>\n<p>Loin de Matignon et au plus pr\u00e8s des \u00e9leveurs en difficult\u00e9, Marine Le Pen assume son d\u00e9placement \u00e0 quatre heures de Paris. Elle en joue m\u00eame avec Arnaud Rousseau, le pr\u00e9sident de la FNSEA, qui la remercie de sa pr\u00e9sence\u00a0: \u00ab\u00a0C&rsquo;est important que les politiques puissent \u00eatre l\u00e0 et ils ne sont pas si nombreux en ce moment. On comprend qu&rsquo;il se passe deux ou trois trucs \u00e0 Paris.\u00a0\u00bb \u00ab\u00a0Ils attendent des coups de fil, je crois\u00a0\u00bb, lui r\u00e9pond-elle en souriant.<\/p>\n<p>La cheffe de file des d\u00e9put\u00e9s du RN encha\u00eene les selfies, prend dans ses bras un enfant et lance ses premi\u00e8res fl\u00e8ches sur le reste de la classe politique\u00a0: \u00ab\u00a0L<strong\/>e potentiel gouvernement qui se dessine est quand m\u00eame extr\u00eamement inqui\u00e9tant, parce que l\u00e0, il n&rsquo;y a que des ennemis de l&rsquo;agriculture.\u00a0\u00bb Marine Le Pen est en campagne et elle ne s&rsquo;en cache pas, <a href=\"https:\/\/www.franceinfo.fr\/politique\/front-national\/affaire-des-assistants-fn-au-parlement-europeen\/marine-le-pen-condamnee-a-quatre-ans-de-prison-et-cinq-ans-d-ineligibilite-avec-execution-provisoire-au-proces-des-assistants-parlementaires-du-fn_7157157.html\" rel=\"nofollow noopener\" target=\"_blank\">m\u00eame si elle est toujours in\u00e9ligible<\/a>. \u00ab\u00a0<strong\/>Je suis en campagne permanente, moi. Oui, je pr\u00e9f\u00e8re \u00eatre ici qu&rsquo;\u00e0 Paris. Je pense qu&rsquo;il y a, ici, des sujets qui sont absolument fondamentaux. Pas seulement pour les agriculteurs eux-m\u00eames, pour en r\u00e9alit\u00e9 l&rsquo;ensemble du peuple fran\u00e7ais\u00a0\u00bb, affirme-t-elle.<\/p>\n<p><a href=\"https:\/\/www.franceinfo.fr\/politique\/gouvernement-de-sebastien-lecornu\/la-comedie-a-assez-dure-il-faut-retourner-aux-urnes-le-rassemblement-national-durcit-le-ton-face-au-gouvernement_7539385.html\" rel=\"nofollow noopener\" target=\"_blank\">Le RN pr\u00e9pare la suite<\/a> quel que soit le sc\u00e9nario que le parti appelle de ses v\u0153ux\u00a0: une dissolution ou une \u00e9lection pr\u00e9sidentielle anticip\u00e9e. D&rsquo;ailleurs, les d\u00e9put\u00e9s d&rsquo;extr\u00eame droite feront d\u00e9sormais tout pour faire tomber les prochains gouvernements. \u00ab\u00a0Je censure tout, voil\u00e0. L\u00e0, maintenant, stop\u00a0! La plaisanterie a assez dur\u00e9, d&rsquo;accord\u00a0? On fait courir les Fran\u00e7ais derri\u00e8re des baballes, tout \u00e7a pour gagner du temps, c&rsquo;est inadmissible.\u00a0\u00bb<\/p>\n<p>Que dire d&rsquo;une suspension de la r\u00e9forme des retraites, <a href=\"https:\/\/www.franceinfo.fr\/politique\/gouvernement-de-sebastien-lecornu\/l-ancienne-premiere-ministre-elisabeth-borne-favorable-a-une-suspension-de-la-reforme-des-retraites-jusqu-a-la-prochaine-election-presidentielle_7538080.html\" rel=\"nofollow noopener\" target=\"_blank\">comme le sugg\u00e8re l&rsquo;ancienne Premi\u00e8re ministre \u00c9lisabeth Borne<\/a>\u00a0? \u00ab\u00a0C&rsquo;est plut\u00f4t pas mal, r\u00e9agit Marine Le Pen. Mais tout \u00e7a pour \u00e7a\u00a0? Je crois qu&rsquo;ils seraient capables de se couper un membre pour pouvoir rester \u00e0 leur place. C&rsquo;est exactement ce que vient de faire \u00c9lisabeth Borne, se couper un membre, ou plut\u00f4t un membre d&rsquo;Emmanuel Macron. Mais \u00e9videmment, je me r\u00e9jouis de cette situation puisque nous avons, vous le savez, vot\u00e9 contre cette r\u00e9forme des retraites.\u00a0\u00bb Mais \u00e7a n&rsquo;y changera rien. Devant la presse, Marine Le Pen insiste\u00a0: le retour aux urnes est \u00ab\u00a0incontournable\u00a0\u00bb.<\/p>\n","protected":false},"excerpt":{"rendered":"La pr\u00e9sidente du groupe RN \u00e0 l&rsquo;Assembl\u00e9e nationale \u00e9tait en visite, mercredi, au sommet de l&rsquo;\u00e9levage \u00e0 Cournon-d&rsquo;Auvergne,&hellip;\n","protected":false},"author":2,"featured_media":448239,"comment_status":"","ping_status":"","sticky":false,"template":"","format":"standard","meta":{"footnotes":""},"categories":[1888],"tags":[1111,1928,11,1927,1777,674,1011,27,12,1926,626,1925,25],"class_list":{"0":"post-448238","1":"post","2":"type-post","3":"status-publish","4":"format-standard","5":"has-post-thumbnail","7":"category-paris","8":"tag-actu","9":"tag-actu-paris","10":"tag-actualites","11":"tag-actualites-paris","12":"tag-eu","13":"tag-europe","14":"tag-fr","15":"tag-france","16":"tag-news","17":"tag-news-paris","18":"tag-paris","19":"tag-paris-news","20":"tag-republique-francaise"},"share_on_mastodon":{"url":"https:\/\/pubeurope.com\/@fr\/115340276347396392","error":""},"_links":{"self":[{"href":"https:\/\/www.europesays.com\/fr\/wp-json\/wp\/v2\/posts\/448238","targetHints":{"allow":["GET"]}}],"collection":[{"href":"https:\/\/www.europesays.com\/fr\/wp-json\/wp\/v2\/posts"}],"about":[{"href":"https:\/\/www.europesays.com\/fr\/wp-json\/wp\/v2\/types\/post"}],"author":[{"embeddable":true,"href":"https:\/\/www.europesays.com\/fr\/wp-json\/wp\/v2\/users\/2"}],"replies":[{"embeddable":true,"href":"https:\/\/www.europesays.com\/fr\/wp-json\/wp\/v2\/comments?post=448238"}],"version-history":[{"count":0,"href":"https:\/\/www.europesays.com\/fr\/wp-json\/wp\/v2\/posts\/448238\/revisions"}],"wp:featuredmedia":[{"embeddable":true,"href":"https:\/\/www.europesays.com\/fr\/wp-json\/wp\/v2\/media\/448239"}],"wp:attachment":[{"href":"https:\/\/www.europesays.com\/fr\/wp-json\/wp\/v2\/media?parent=448238"}],"wp:term":[{"taxonomy":"category","embeddable":true,"href":"https:\/\/www.europesays.com\/fr\/wp-json\/wp\/v2\/categories?post=448238"},{"taxonomy":"post_tag","embeddable":true,"href":"https:\/\/www.europesays.com\/fr\/wp-json\/wp\/v2\/tags?post=448238"}],"curies":[{"name":"wp","href":"https:\/\/api.w.org\/{rel}","templated":true}]}}