{"id":448242,"date":"2025-10-08T19:49:11","date_gmt":"2025-10-08T19:49:11","guid":{"rendered":"https:\/\/www.europesays.com\/fr\/448242\/"},"modified":"2025-10-08T19:49:11","modified_gmt":"2025-10-08T19:49:11","slug":"je-serai-la-prochaine-maire-veut-croire-rachida-dati","status":"publish","type":"post","link":"https:\/\/www.europesays.com\/fr\/448242\/","title":{"rendered":"\u00ab\u00a0Je serai la prochaine maire\u00a0\u00bb, veut croire Rachida Dati"},"content":{"rendered":"<p>Candidate LR \u00e0 la Mairie de Paris, <a href=\"https:\/\/www.20minutes.fr\/politique\/rachida_dati\" class=\"c-link c-link--is-underlined\" target=\"_blank\" rel=\"noopener\">Rachida Dati<\/a> est <a href=\"https:\/\/www.20minutes.fr\/justice\/4175912-20250929-rachida-dati-proces-corruption-affaire-carlos-ghosn-lieu-septembre-2026\" class=\"c-link c-link--is-underlined\" target=\"_blank\" rel=\"noopener\">mise en cause dans deux affaires judiciaires<\/a>. Ce qui ne l\u2019emp\u00eache pas, mercredi, d\u2019afficher sa d\u00e9termination \u00e0 briguer la capitale, assurant qu\u2019elle sera \u00ab\u00a0la prochaine maire de Paris\u00a0\u00bb, dans une interview \u00e0 <a href=\"https:\/\/france3-regions.franceinfo.fr\/paris-ile-de-france\/paris\/interview-exclusive-je-serai-la-prochaine-maire-de-paris-rien-ne-m-arretera-rachida-dati-contre-attaque-3229205.html\" rel=\"nofollow noopener\" target=\"_blank\" class=\"c-link c-link--is-underlined\">France 3 Paris \u00cele-de-France<\/a>.<\/p>\n<p>\u00ab\u00a0Aujourd\u2019hui, je suis lanc\u00e9e dans une campagne pour la Mairie de Paris. Je suis d\u00e9termin\u00e9e. [\u2026] Je serai la prochaine maire de Paris. Rien ne m\u2019arr\u00eatera, rien ne m\u2019emp\u00eachera\u00a0\u00bb, a d\u00e9clar\u00e9 la maire du 7e\u00a0arrondissement et ministre d\u00e9missionnaire de la Culture, <a href=\"https:\/\/www.20minutes.fr\/paris\/4178016-20251008-frais-mandat-vive-passe-armes-entre-anne-hidalgo-rachida-dati-conseil-paris\" class=\"c-link c-link--is-underlined\" target=\"_blank\" rel=\"noopener\">en marge du Conseil de Paris<\/a>.<\/p>\n<p>\u00ab\u00a0De l\u2019argent priv\u00e9 sur une affaire priv\u00e9e\u00a0\u00bb<\/p>\n<p>Rachida Dati, 59 ans, a \u00e9t\u00e9 investie fin ao\u00fbt par Les R\u00e9publicains pour mener la bataille des municipales \u00e0 Paris en mars\u00a02026. L\u2019ex-garde des Sceaux de Nicolas Sarkozy doit cependant <a href=\"https:\/\/www.20minutes.fr\/politique\/4165096-20250724-rachida-dati-aubaine-beaucoup-monde-avenir-politique-ministre-ecrit-pointille\" class=\"c-link c-link--is-underlined\" target=\"_blank\" rel=\"noopener\">\u00eatre jug\u00e9e en septembre\u00a02026<\/a> pour corruption et trafic d\u2019influence, soup\u00e7onn\u00e9e d\u2019avoir ind\u00fbment per\u00e7u 900.000 euros entre\u00a02010 et\u00a02012 d\u2019une filiale de l\u2019alliance Renault-Nissan, quand Carlos Ghosn en \u00e9tait le PDG et quand elle \u00e9tait eurod\u00e9put\u00e9e. Des charges qu\u2019elle conteste.<\/p>\n<p>Rachida Dati fait par ailleurs l\u2019objet d\u2019<a href=\"https:\/\/www.20minutes.fr\/justice\/4173384-20250916-bijoux-rachida-dati-enquete-ouverte-annonce-parquet\" class=\"c-link c-link--is-underlined\" target=\"_blank\" rel=\"noopener\">une enqu\u00eate visant l\u2019\u00e9ventuelle non-d\u00e9claration de bijoux de luxe<\/a> \u00e0 la Haute autorit\u00e9 pour la transparence de la vie publique (HATVP), accusations qu\u2019elle r\u00e9fute \u00e9galement. \u00ab\u00a0Je suis mise en cause dans le cadre d\u2019un contrat, c\u2019est de l\u2019argent priv\u00e9 sur une affaire priv\u00e9e. Je n\u2019utilise pas l\u2019argent des Parisiens, <a href=\"https:\/\/www.20minutes.fr\/politique\/4177474-20251007-peut-acheter-propres-vetements-maires-petites-communes-insurgent-notes-frais-xxl\" target=\"_blank\" class=\"c-link c-link--is-underlined\" rel=\"noopener\">ni pour des affaires personnelles<\/a>, ni dans le cadre de mes fonctions\u00a0\u00bb, se d\u00e9fend-elle au micro de France 3 <a href=\"https:\/\/www.20minutes.fr\/paris\/4173832-20250918-robes-dior-voyages-dispendieux-anne-hidalgo-epinglee-depenses-manque-transparence\" target=\"_blank\" class=\"c-link c-link--is-underlined\" rel=\"noopener\">taclant au passage Anne Hidalgo<\/a>.<\/p>\n<p>Jug\u00e9e six mois apr\u00e8s les municipales<\/p>\n<p>La maire PS de la capitale et une large majorit\u00e9 des maires d\u2019arrondissement, de gauche comme de droite, font face \u00e0 une controverse sur l\u2019<a href=\"https:\/\/www.20minutes.fr\/politique\/4177224-20251005-paris-etre-bien-sapee-maire-8e-arrondissement-reconnait-avoir-depense-35-000-euros-vetements\" target=\"_blank\" class=\"c-link c-link--is-underlined\" rel=\"noopener\">utilisation de l\u2019enveloppe des frais de repr\u00e9sentation <\/a>qui leur est attribu\u00e9e, notamment depuis que la premi\u00e8re \u00e9dile a d\u00e9cid\u00e9 jeudi de publier l\u2019int\u00e9gralit\u00e9 des d\u00e9penses engag\u00e9es. Epargn\u00e9e par la pol\u00e9mique, Rachida Dati a revers\u00e9 quasi int\u00e9gralement l\u2019enveloppe \u00e0 laquelle elle avait droit.<\/p>\n<\/p>\n<p>Lors d\u2019une s\u00e9ance agit\u00e9e mercredi au Conseil de Paris, la majorit\u00e9 municipale n\u2019a cess\u00e9 de rappeler que la maire du 7e\u00a0arrondissement serait jug\u00e9e six mois apr\u00e8s les municipales. \u00ab\u00a0Personne ne remet en cause la pr\u00e9somption d\u2019innocence de Rachida Dati, mais rappeler la date de son proc\u00e8s est un fait politique majeur pour que les Parisiens puissent choisir en connaissance de cause\u00a0\u00bb, a tacl\u00e9 Anne Hidalgo, en annon\u00e7ant l\u2019organisation d\u2019un d\u00e9bat sur \u00ab\u00a0la probit\u00e9 et la transparence de la vie publique\u00a0\u00bb d\u2019ici \u00e0 la fin de l\u2019ann\u00e9e.<\/p>\n","protected":false},"excerpt":{"rendered":"Candidate LR \u00e0 la Mairie de Paris, Rachida Dati est mise en cause dans deux affaires judiciaires. Ce&hellip;\n","protected":false},"author":2,"featured_media":448243,"comment_status":"","ping_status":"","sticky":false,"template":"","format":"standard","meta":{"footnotes":""},"categories":[1888],"tags":[11,2618,2761,1777,674,1011,27,662,12,626,316,417,1306,25],"class_list":{"0":"post-448242","1":"post","2":"type-post","3":"status-publish","4":"format-standard","5":"has-post-thumbnail","7":"category-paris","8":"tag-actualites","9":"tag-anne-hidalgo","10":"tag-elections-municipales-2026","11":"tag-eu","12":"tag-europe","13":"tag-fr","14":"tag-france","15":"tag-ile-de-france","16":"tag-news","17":"tag-paris","18":"tag-politique","19":"tag-rachida-dati","20":"tag-regions","21":"tag-republique-francaise"},"share_on_mastodon":{"url":"https:\/\/pubeurope.com\/@fr\/115340284158939519","error":""},"_links":{"self":[{"href":"https:\/\/www.europesays.com\/fr\/wp-json\/wp\/v2\/posts\/448242","targetHints":{"allow":["GET"]}}],"collection":[{"href":"https:\/\/www.europesays.com\/fr\/wp-json\/wp\/v2\/posts"}],"about":[{"href":"https:\/\/www.europesays.com\/fr\/wp-json\/wp\/v2\/types\/post"}],"author":[{"embeddable":true,"href":"https:\/\/www.europesays.com\/fr\/wp-json\/wp\/v2\/users\/2"}],"replies":[{"embeddable":true,"href":"https:\/\/www.europesays.com\/fr\/wp-json\/wp\/v2\/comments?post=448242"}],"version-history":[{"count":0,"href":"https:\/\/www.europesays.com\/fr\/wp-json\/wp\/v2\/posts\/448242\/revisions"}],"wp:featuredmedia":[{"embeddable":true,"href":"https:\/\/www.europesays.com\/fr\/wp-json\/wp\/v2\/media\/448243"}],"wp:attachment":[{"href":"https:\/\/www.europesays.com\/fr\/wp-json\/wp\/v2\/media?parent=448242"}],"wp:term":[{"taxonomy":"category","embeddable":true,"href":"https:\/\/www.europesays.com\/fr\/wp-json\/wp\/v2\/categories?post=448242"},{"taxonomy":"post_tag","embeddable":true,"href":"https:\/\/www.europesays.com\/fr\/wp-json\/wp\/v2\/tags?post=448242"}],"curies":[{"name":"wp","href":"https:\/\/api.w.org\/{rel}","templated":true}]}}