{"id":448244,"date":"2025-10-08T19:50:17","date_gmt":"2025-10-08T19:50:17","guid":{"rendered":"https:\/\/www.europesays.com\/fr\/448244\/"},"modified":"2025-10-08T19:50:17","modified_gmt":"2025-10-08T19:50:17","slug":"la-france-le-cinema-la-paternite-les-confidences-de-jean-dujardin","status":"publish","type":"post","link":"https:\/\/www.europesays.com\/fr\/448244\/","title":{"rendered":"La France, le cin\u00e9ma, la paternit\u00e9\u2026 Les confidences de Jean Dujardin"},"content":{"rendered":"<p><strong>Paris Match. Il y a quelques ann\u00e9es, vous jouiez un personnage de\u202f1,36\u00a0m\u00e8tre dans \u201cUn homme \u00e0 la hauteur\u201d. \u00c0 pr\u00e9sent, vous incarnez \u201cL\u2019homme qui r\u00e9tr\u00e9cit\u201d. Vous avez un probl\u00e8me avec la taille\u00a0?<\/strong><\/p>\n<p><strong><a href=\"https:\/\/www.parismatch.com\/people\/jean-dujardin-carriere-compagnes-ce-quil-faut-savoir-sur-lacteur-240964\" rel=\"nofollow noopener\" target=\"_blank\">Jean Dujardin<\/a>.<\/strong> Ce n\u2019est pas une id\u00e9e fixe, non. Et les deux films n\u2019ont rien \u00e0 voir. L\u2019un est une com\u00e9die romantique avec Virginie Efira, et quitte \u00e0 aller dans ce genre assez balis\u00e9, je voulais qu\u2019il y ait une contrainte. Jouer ce petit homme parfait handicap\u00e9 par sa taille, je trouvais \u00e7a int\u00e9ressant. L\u2019autre est \u00e0 l\u2019origine un film de 1957 [de Jack Arnold, NDLR] qui d\u00e9clenche chez moi un sentiment tr\u00e8s compassionnel. J\u2019ai envie que les gens se plongent comme moi dans ce r\u00e9tr\u00e9cissement qui suscite un ressenti que je suis incapable de d\u00e9finir. C\u2019est clairement une m\u00e9taphore sur la vie, la mort, le temps qui passe. Jouer avec les proportions m\u2019amuse, le faire avec un r\u00e9alisateur comme <a href=\"https:\/\/www.parismatch.com\/bio\/jan-kounen\" rel=\"nofollow noopener\" target=\"_blank\">Jan Kounen<\/a> m\u2019amuse encore plus, avec sa mani\u00e8re de g\u00e9rer les vertiges, les axes de cam\u00e9ra, l\u2019effroi\u2026 Mais le th\u00e8me reste grave car il indique qu\u2019on va tous vers l\u2019in\u00e9luctable\u00a0: la disparition.<\/p>\n<p>\u00ab\u00a0La cinquantaine, c\u2019est un moment de bascule\u00a0\u00bb<\/p>\n<p><strong>C\u2019est \u00e9galement un film sur la solitude, un \u00e9tat assez r\u00e9current depuis quelques r\u00f4les\u2026<\/strong><\/p>\n<p>La cinquantaine, c\u2019est un moment de bascule. Cette dizaine-l\u00e0, il ne faut pas la rater. On rentre dans la \u00addeuxi\u00e8me mi-temps, le moment o\u00f9 il s\u2019agit de dresser un petit bilan. C\u2019est la premi\u00e8re fois que je jouais seul avec moi-m\u00eame, avec mon esprit. Il a fallu tout inventer, puisque en face de moi j\u2019avais une balle de tennis ou un point lumineux, \u00e0 \u00e9couter les directives des techniciens\u00a0: \u201cRegarde en haut, \u00e0 droite, \u00e0 gauche, et ressens\u00a0!\u201d J\u2019\u00e9tais exactement comme quand j\u2019\u00e9tais gosse, seul dans ma chambre. Jan avait peur que ce soit une souffrance. \u00c7a a \u00e9t\u00e9 tout le contraire\u00a0: j\u2019ai ador\u00e9\u00a0! Je me suis refait \u201cLa guerre du feu\u201d, \u201cLa plan\u00e8te des singes\u201d, toute cette mythologie o\u00f9 il faut survivre avec le syst\u00e8me\u2009D. Et tout comme j\u2019avais besoin de traverser un chemin int\u00e9rieur dans \u201cSur les chemins noirs\u201d, je me rendais compte avec \u201cL\u2019homme qui r\u00e9tr\u00e9cit\u201d que la vie pouvait se r\u00e9duire \u00e0 se nourrir, boire et \u00e9viter les emmerdes \u2013 et les emmerdes ici, c\u2019est une araign\u00e9e face \u00e0 laquelle il ne faut pas avoir peur. Mais la peur donne du courage\u2026 Ce film est une all\u00e9gorie qui r\u00e9sonne dans ma vie.<\/p>\n<p>    <img decoding=\"async\" src=\"https:\/\/www.europesays.com\/fr\/wp-content\/uploads\/2025\/10\/sc_dsc1007_ret.jpg\" alt=\"\u00c0 Soulac-sur-Mer (Gironde), le 25 juillet. Le film dont il est le minuscule h\u00e9ros sera en salle le 22 octobre.\" loading=\"lazy\"\/><\/p>\n<p>\n      \u00c0 Soulac-sur-Mer (Gironde), le 25 juillet. Le film dont il est le minuscule h\u00e9ros sera en salle le 22 octobre.<\/p>\n<p>                                \u00a9 Marcel Hartmann\/H&amp;K<\/p>\n<p><strong>Vous mentionnez les bases n\u00e9cessaires \u00e0 la survie, mais les enfants dans tout \u00e7a\u00a0? Ce n\u2019est pas l\u2019essentiel\u00a0?<\/strong><\/p>\n<p>    La suite apr\u00e8s cette publicit\u00e9<\/p>\n<p>Bien s\u00fbr que c\u2019est primordial\u00a0! C\u2019est m\u00eame le sens de l\u2019existence. Je serai papa toute ma vie\u00a0! Mais cette vision des choses, je l\u2019avais m\u00eame avant d\u2019\u00eatre p\u00e8re puisque je suis issu d\u2019une fratrie de quatre gar\u00e7ons. Je sais ce que repr\u00e9sente la famille et je me retrouve aujourd\u2019hui avec quatre enfants comme mon p\u00e8re\u00a0! Je ne l\u2019avais pas pr\u00e9vu ainsi, mais quand je vois mes deux grands d\u2019un c\u00f4t\u00e9 et mes deux petites de l\u2019autre, je trouve \u00e7a merveilleux. C\u2019est ma tribu. Et je sais que c\u2019est de l\u2019amour qui sera toujours l\u00e0.<\/p>\n<p><strong>Vous avez la chance d\u2019avoir grandi dans une famille unie, vous continuez une carri\u00e8re brillante, vous adorez vos enfants qui vous le rendent bien\u2026 Vous n\u2019avez aucun trauma, en fait\u00a0?<\/strong><\/p>\n<p>Tout le monde a des traumas\u00a0! On ne le sait pas toujours, voil\u00e0 tout. Je pense que d\u00e8s la petite enfance on en chope. La disparition des grands-parents, la perte d\u2019un \u00eatre cher, m\u00eame l\u2019inqui\u00e9tude des parents pour leur enfant peut devenir un trauma\u00a0! Le corps l\u2019enregistre et \u00e7a peut resurgir beaucoup plus tard.<\/p>\n<p>    <img decoding=\"async\" src=\"https:\/\/www.europesays.com\/fr\/wp-content\/uploads\/2025\/10\/sc_dsc1396_ret_2.jpg\" alt=\"Un acteur qui ne refuse pas de se mouiller. Dans le prochain film de Xavier Giannoli, il incarnera Jean Luchaire, figure de la presse collaborationniste sous l\u2019Occupation.\" loading=\"lazy\"\/><\/p>\n<p>\n      Un acteur qui ne refuse pas de se mouiller. Dans le prochain film de Xavier Giannoli, il incarnera Jean Luchaire, figure de la presse collaborationniste sous l\u2019Occupation.<\/p>\n<p>                                \u00a9 Marcel Hartmann\/H&amp;K<\/p>\n<p><strong>Comment faites-vous, alors, avec vos deux filles qui sont encore petites\u00a0?<\/strong><\/p>\n<p>Il n\u2019y a pas mieux que sourire, leur parler, pas longtemps, tout en les maintenant dans le monde du jeu. Il faut que ce soit tout le temps amusant, ne pas les perdre dans des explications trop longues, sinon l\u2019enfant trouve \u00e7a suspect et s\u2019inqui\u00e8te.<\/p>\n<p><strong>\u201cSur les chemins noirs\u201d \u00e9tait un film introspectif, \u201cL\u2019homme qui r\u00e9tr\u00e9cit\u201d est un film d\u2019aventures mais avant tout m\u00e9taphysique et existentialiste. Fini de rire, Jean Dujardin\u00a0?<\/strong><\/p>\n<p>Mais pas du tout\u00a0! C\u2019est comme dans la vie\u00a0: je n\u2019ai pas envie de rire tout le temps. De la m\u00eame mani\u00e8re que je n\u2019ai pas envie de manger tout le temps la m\u00eame chose. J\u2019aime l\u2019alternance et je d\u00e9teste les habitudes. C\u2019est comme les questionnaires tout faits\u00a0: \u201cC\u2019est quoi votre film pr\u00e9f\u00e9r\u00e9\u00a0? Votre r\u00e9plique favorite\u00a0? Votre endroit favori\u00a0? Etc.\u201d Je veux vivre des exp\u00e9riences et je l\u2019ai toujours fait. Vous me demandez\u00a0: \u201cFini de rire\u00a0?\u201d mais souvenez-vous, un de mes premiers films, avant <a href=\"https:\/\/www.parismatch.com\/People\/20-ans-de-brice-de-nice-jean-dujardin-ovationne-au-grand-rex-249786\" rel=\"nofollow noopener\" target=\"_blank\">\u201cBrice de Nice\u201d<\/a>, c\u2019est \u201cLe convoyeur\u201d. Non que je me prenne au s\u00e9rieux, mais je veux avoir des \u00e9motions. Et quand j\u2019accepte une com\u00e9die, c\u2019est qu\u2019il y a un double-fond, qu\u2019elle raconte quelque chose, il faut que ce soit tr\u00e8s bien dialogu\u00e9\u2026 Je suis tr\u00e8s chiant sur les sc\u00e9narios de com\u00e9die\u00a0!<\/p>\n<p>    <img decoding=\"async\" src=\"https:\/\/www.europesays.com\/fr\/wp-content\/uploads\/2025\/10\/sc_dsc0639_ret.jpg\" alt=\"Sous des allures de tombeur, un sourire plein de malice et un esprit tout en finesse. La French touch \u00e0 lui tout seul.\" loading=\"lazy\"\/><\/p>\n<p>\n      Sous des allures de tombeur, un sourire plein de malice et un esprit tout en finesse. La French touch \u00e0 lui tout seul.<\/p>\n<p>                                \u00a9 Marcel Hartmann\/H&amp;K<\/p>\n<p><strong>De fait, vous refusez beaucoup de projets\u2026<\/strong><\/p>\n<p>Pas plus qu\u2019avant. Je n\u2019ai jamais tourn\u00e9 plus d\u2019un ou deux films par an. Je ne peux pas faire autrement. J\u2019ai besoin de moments d\u2019arr\u00eat. Entre la pr\u00e9paration, le tournage, la promotion, cela prend beaucoup de temps. L\u00e0, je sors de dix-sept semaines de tournage avec Xavier Giannoli [\u201cDes rayons et des ombres\u201d, titre provisoire, NDLR], \u00e7a prend beaucoup de place.<\/p>\n<p><strong>L\u00e0 non plus, on ne va pas rire\u00a0: vous y incarnez Jean Luchaire, personnage pour le moins controvers\u00e9 de l\u2019Occupation, fusill\u00e9 en 1946\u2026<\/strong><\/p>\n<p>Je ne choisis pas le personnage, mais l\u2019\u00e9poque. Incarner Luchaire n\u2019est qu\u2019un v\u00e9hicule pour arr\u00eater d\u2019\u00eatre faux-cul et regarder ce qui s\u2019est pass\u00e9 entre\u00a01940 et\u00a01943. Except\u00e9 \u201cMonsieur Klein\u201d et \u201cLacombe Lucien\u201d, il y a tr\u00e8s peu de films qui traitent de la collaboration. C\u2019est un sujet qui gratte.<\/p>\n<p>\u00ab\u00a0Paris n\u2019est pas la France. Je ne fais pas de politique et ne suis pas le porte-drapeau de quoi que ce soit\u00a0\u00bb<\/p>\n<p><strong>\u00c7a vous pla\u00eet les \u201csujets qui grattent\u201d\u00a0!<\/strong><\/p>\n<p>Mais je fais \u00e7a depuis le d\u00e9but\u00a0! \u201c99\u00a0francs\u201d, \u201cLe daim\u201d\u2026 Jean Luchaire, c\u2019est l\u2019histoire d\u2019un mec qui s\u2019est tromp\u00e9. Je ne le d\u00e9fends pas, je d\u00e9fends l\u2019ambigu\u00eft\u00e9.<\/p>\n<p><strong>Vous aurez not\u00e9 que nous vivons actuellement une p\u00e9riode o\u00f9 l\u2019ambigu\u00eft\u00e9 et la nuance ne sont pas tr\u00e8s en vogue\u2026<\/strong><\/p>\n<p>N\u2019est-ce pas notre boulot de tenter de la remettre au go\u00fbt du jour, justement\u00a0? D\u2019encourager des discussions, des d\u00e9bats, des questionnements\u00a0? Quand je fais un film ou m\u00eame quand j\u2019en vois un, j\u2019ai envie d\u2019avoir des secousses. Quand je fais <a href=\"https:\/\/www.parismatch.com\/Culture\/Cinema\/Malgre-la-polemique-J-accuse-de-Roman-Polanski-en-tete-du-box-office-francais-1659650\" rel=\"nofollow noopener\" target=\"_blank\">\u201cJ\u2019accuse\u201d<\/a>, j\u2019incarne un Piquard culturellement antis\u00e9mite, comme l\u2019\u00e9tait une grande partie de la France \u00e0 l\u2019\u00e9poque. Mais lui avait un besoin de justice tr\u00e8s prononc\u00e9. Le raconter, c\u2019\u00e9tait parler d\u2019une p\u00e9riode dont l\u2019\u00e9cho se fait ressentir, encore plus de nos jours. H\u00e9las\u00a0! L\u2019Histoire b\u00e9gaie beaucoup.<\/p>\n<p>    <img decoding=\"async\" src=\"https:\/\/www.europesays.com\/fr\/wp-content\/uploads\/2025\/10\/sc_dsc0068_ret_2.jpg\" alt=\"Jouer l\u2019homme qui r\u00e9tr\u00e9cit, un d\u00e9fi \u00e0 la hauteur de l\u2019acteur aux r\u00f4les cultes, d\u2019\u00abOSS 117 \u00bb \u00e0 \u00ab The Artist \u00bb.\" loading=\"lazy\"\/><\/p>\n<p>\n      Jouer l\u2019homme qui r\u00e9tr\u00e9cit, un d\u00e9fi \u00e0 la hauteur de l\u2019acteur aux r\u00f4les cultes, d\u2019\u00abOSS 117 \u00bb \u00e0 \u00ab The Artist \u00bb.<\/p>\n<p>                                \u00a9 Marcel Hartmann\/H&amp;K<\/p>\n<p><strong>Apr\u00e8s la <a href=\"https:\/\/www.parismatch.com\/people\/coupe-du-monde-de-rugby-jean-dujardin-fada-de-lovalie-et-maitre-de-la-ceremonie-douverture-229210\" rel=\"nofollow noopener\" target=\"_blank\">c\u00e9r\u00e9monie d\u2019ouverture de la Coupe du monde de rugby<\/a> durant laquelle vous apparaissiez un b\u00e9ret sur la t\u00eate et une baguette sous le bras, vous avez eu droit \u00e0 des commentaires n\u00e9gatifs et des titres comme \u201cLa France rance\u201d. \u00c7a vous a bless\u00e9\u00a0?<\/strong><\/p>\n<p>Non, car c\u2019est la r\u00e9cup\u00e9ration politique de l\u2019extr\u00eame gauche et de l\u2019extr\u00eame droite qui font actuellement la m\u00e9t\u00e9o du pays. D\u00e8s qu\u2019il y a un \u00e9v\u00e9nement, que ce soit la prochaine Miss France ou le cirque machin, tout est r\u00e9cup\u00e9r\u00e9. Moi, je sais ce qu\u2019on a fait avec le budget et l\u2019envie qu\u2019on avait, des b\u00e9n\u00e9voles, des gamins, des chanteurs, des danseurs qui venaient de toute la France\u2026 C\u2019\u00e9tait tr\u00e8s joyeux. Sous pr\u00e9texte qu\u2019on mettait en avant les provinces, on nous taxait d\u2019extr\u00eame droite. Mais ces gens-l\u00e0 savent que la moiti\u00e9 des joueurs de rugby viennent du Gers, que leurs parents travaillent le cochon noir\u00a0? C\u2019est peut-\u00eatre clich\u00e9 pour eux, mais c\u2019est une r\u00e9alit\u00e9. Et de toute fa\u00e7on, c\u2019est quoi le probl\u00e8me\u00a0? Paris n\u2019est pas la France. Je ne fais pas de politique et ne suis pas le porte-drapeau de quoi que ce soit. Je ne suis qu\u2019acteur et je ne sauverai personne. Mais il est chouette notre pays, on a tous les paysages, toutes les saisons, on a la gastronomie\u2026 Est-ce que dire \u00e7a fait de moi quelqu\u2019un de haineux ou de r\u00e9trograde\u00a0? Je n\u2019ai pas ce sentiment. Moi, j\u2019ai l\u2019impression de vivre dans un grand village avec plein de gens sympas qui ont envie de nous faire d\u00e9couvrir les tr\u00e9sors de leurs r\u00e9gions.<\/p>\n<p>\u00ab\u00a0Ce qui m\u2019ennuierait, c\u2019est de faire rentrer le vieux en moi. Je ne veux pas perdre l\u2019enfance\u00a0\u00bb<\/p>\n<p><strong>C\u2019est fini le Jean Dujardin qui sortait jusqu\u2019\u00e0 pas d\u2019heure\u00a0?<\/strong><\/p>\n<p>[Il rit.] Vous me ressortez \u00e7a \u00e0 chaque fois\u00a0! Comme si j\u2019\u00e9tais <a href=\"https:\/\/www.parismatch.com\/culture\/musique\/mick-jagger-portrait-ultime-dun-rocker-inusable-230752\" rel=\"nofollow noopener\" target=\"_blank\">Mick Jagger<\/a>\u00a0! Il m\u2019est arriv\u00e9 de sortir tard \u00e0 40 balais, mais, pour r\u00e9pondre \u00e0 votre question, rien n\u2019est fini car rien n\u2019a commenc\u00e9\u00a0! Je n\u2019ai jamais \u00e9t\u00e9 un oiseau de nuit. Pas plus qu\u2019un autre. Je ne me drogue pas, je m\u2019amuse normalement, je rigole bien et basta\u00a0! Les rumeurs et les bruits de couloir vont plus vite que moi, mais si ceux qui les font courir savaient\u2026 Ils seraient d\u00e9\u00e7us. C\u2019est vrai que j\u2019ai v\u00e9cu des moments tr\u00e8s joyeux, comme gagner un oscar \u00e0 40\u00a0ans, mais on ne va pas s\u2019excuser d\u2019\u00eatre joyeux, non\u00a0?<\/p>\n<p><strong>Vous avez peur de vieillir, de vous transformer physiquement\u00a0?<\/strong><\/p>\n<p>Non. En tout cas, moins que certains potes angoiss\u00e9s par le temps qui passe. Certes, je constate quelques changements, comme un poil blanc que j\u2019avais rat\u00e9 la veille, mais bizarrement, ce n\u2019est pas \u00e7a qui m\u2019inqui\u00e8te. Ce qui m\u2019ennuierait, c\u2019est de faire rentrer le vieux en moi. Je ne veux pas perdre l\u2019enfance.<\/p>\n<p><strong>Vous \u00eates encore un gamin\u00a0?<\/strong><\/p>\n<p>En quelque sorte, oui. Le jour o\u00f9 je deviendrai taciturne, o\u00f9 je commencerai \u00e0 avoir des id\u00e9es re\u00e7ues, l\u00e0, je me sentirai vieux. Sur le tournage de \u201cL\u2019homme qui r\u00e9tr\u00e9cit\u201d, j\u2019ai couru comme un fou pendant huit semaines sur un plateau de 2\u2009000\u00a0m\u00e8tres carr\u00e9s et j\u2019avais une p\u00eache\u2026 Et \u00e7a, \u00e7a ne vient pas de mon corps mais de mon envie. J\u2019ai envie de faire le con\u00a0! Par exemple, je me vois bien jouer dans un nouvel \u201cOSS 117\u201d dans dix\u202fans avec du poil dans les oreilles, des dents en or. Ou terminer avec \u201cBrice de Nice\u201d, \u00e0 82\u2009balais, fard\u00e9 comme une vieille Ni\u00e7oise dans un tee-shirt informe\u2026 Mon corps parlera encore plus et ce sera vraiment path\u00e9tique avec ce personnage qui aura \u00e9t\u00e9 mon compagnon de vie. La boucle sera boucl\u00e9e.<img decoding=\"async\" alt=\"\" src=\"https:\/\/www.parismatch.com\/People\/image\/gif;base64,R0lGODlhAQABAAAAACH5BAEKAAEALAAAAAABAAEAAAICTAEAOw==\"\/><\/p>\n","protected":false},"excerpt":{"rendered":"Paris Match. Il y a quelques ann\u00e9es, vous jouiez un personnage de\u202f1,36\u00a0m\u00e8tre dans \u201cUn homme \u00e0 la hauteur\u201d.&hellip;\n","protected":false},"author":2,"featured_media":448245,"comment_status":"","ping_status":"","sticky":false,"template":"","format":"standard","meta":{"footnotes":""},"categories":[1888],"tags":[11,1777,674,1011,27,12,626,25],"class_list":{"0":"post-448244","1":"post","2":"type-post","3":"status-publish","4":"format-standard","5":"has-post-thumbnail","7":"category-paris","8":"tag-actualites","9":"tag-eu","10":"tag-europe","11":"tag-fr","12":"tag-france","13":"tag-news","14":"tag-paris","15":"tag-republique-francaise"},"share_on_mastodon":{"url":"https:\/\/pubeurope.com\/@fr\/115340288626763876","error":""},"_links":{"self":[{"href":"https:\/\/www.europesays.com\/fr\/wp-json\/wp\/v2\/posts\/448244","targetHints":{"allow":["GET"]}}],"collection":[{"href":"https:\/\/www.europesays.com\/fr\/wp-json\/wp\/v2\/posts"}],"about":[{"href":"https:\/\/www.europesays.com\/fr\/wp-json\/wp\/v2\/types\/post"}],"author":[{"embeddable":true,"href":"https:\/\/www.europesays.com\/fr\/wp-json\/wp\/v2\/users\/2"}],"replies":[{"embeddable":true,"href":"https:\/\/www.europesays.com\/fr\/wp-json\/wp\/v2\/comments?post=448244"}],"version-history":[{"count":0,"href":"https:\/\/www.europesays.com\/fr\/wp-json\/wp\/v2\/posts\/448244\/revisions"}],"wp:featuredmedia":[{"embeddable":true,"href":"https:\/\/www.europesays.com\/fr\/wp-json\/wp\/v2\/media\/448245"}],"wp:attachment":[{"href":"https:\/\/www.europesays.com\/fr\/wp-json\/wp\/v2\/media?parent=448244"}],"wp:term":[{"taxonomy":"category","embeddable":true,"href":"https:\/\/www.europesays.com\/fr\/wp-json\/wp\/v2\/categories?post=448244"},{"taxonomy":"post_tag","embeddable":true,"href":"https:\/\/www.europesays.com\/fr\/wp-json\/wp\/v2\/tags?post=448244"}],"curies":[{"name":"wp","href":"https:\/\/api.w.org\/{rel}","templated":true}]}}