{"id":448257,"date":"2025-10-08T19:57:10","date_gmt":"2025-10-08T19:57:10","guid":{"rendered":"https:\/\/www.europesays.com\/fr\/448257\/"},"modified":"2025-10-08T19:57:10","modified_gmt":"2025-10-08T19:57:10","slug":"suisse-ue-un-tournant-dans-la-democratie-directe","status":"publish","type":"post","link":"https:\/\/www.europesays.com\/fr\/448257\/","title":{"rendered":"Suisse-UE: un tournant dans la d\u00e9mocratie directe"},"content":{"rendered":"<p>S\u2019ils \u00e9taient ratifi\u00e9s, les accords bilat\u00e9raux institutionnalis\u00e9s pr\u00e9serveraient les droits populaires en Suisse. Rien ne changerait en mati\u00e8re de r\u00e9f\u00e9rendum et d\u2019initiative. Telle est la doctrine officielle, et celle de la plupart des euroconformistes. Sous-entendu: rien ne changerait \u00abformellement\u00bb. Parce que dans la pratique, l\u2019op\u00e9ration s\u2019apparente plut\u00f4t \u00e0 un changement de r\u00e9gime.<\/p>\n<p>Le futur droit supranational europ\u00e9en d\u2019application directe en Suisse (immigration, alimentation, \u00e9lectricit\u00e9,\u00a0etc.) s\u2019av\u00e8re plus subtil \u00e0 l\u2019examen que les \u00abtrait\u00e9s in\u00e9gaux de l\u2019\u00e9poque coloniale\u00bb d\u00e9nonc\u00e9s par l\u2019UDC. Si une d\u00e9cision populaire n\u2019\u00e9tait pas compatible avec le droit communautaire, l\u2019UE pourrait imposer des \u00abcompensations\u00bb. Un tribunal arbitral s\u2019assurerait ensuite que ces sanctions ne seraient pas disproportionn\u00e9es.<\/p>\n","protected":false},"excerpt":{"rendered":"S\u2019ils \u00e9taient ratifi\u00e9s, les accords bilat\u00e9raux institutionnalis\u00e9s pr\u00e9serveraient les droits populaires en Suisse. Rien ne changerait en mati\u00e8re&hellip;\n","protected":false},"author":2,"featured_media":448258,"comment_status":"","ping_status":"","sticky":false,"template":"","format":"standard","meta":{"footnotes":""},"categories":[1586],"tags":[11,1777,674,1779,1011,27,12,301,25,2582,1778,364],"class_list":{"0":"post-448257","1":"post","2":"type-post","3":"status-publish","4":"format-standard","5":"has-post-thumbnail","7":"category-europe","8":"tag-actualites","9":"tag-eu","10":"tag-europe","11":"tag-european-union","12":"tag-fr","13":"tag-france","14":"tag-news","15":"tag-premium","16":"tag-republique-francaise","17":"tag-suisse-ue","18":"tag-ue","19":"tag-union-europeenne"},"share_on_mastodon":{"url":"https:\/\/pubeurope.com\/@fr\/115340315435668635","error":""},"_links":{"self":[{"href":"https:\/\/www.europesays.com\/fr\/wp-json\/wp\/v2\/posts\/448257","targetHints":{"allow":["GET"]}}],"collection":[{"href":"https:\/\/www.europesays.com\/fr\/wp-json\/wp\/v2\/posts"}],"about":[{"href":"https:\/\/www.europesays.com\/fr\/wp-json\/wp\/v2\/types\/post"}],"author":[{"embeddable":true,"href":"https:\/\/www.europesays.com\/fr\/wp-json\/wp\/v2\/users\/2"}],"replies":[{"embeddable":true,"href":"https:\/\/www.europesays.com\/fr\/wp-json\/wp\/v2\/comments?post=448257"}],"version-history":[{"count":0,"href":"https:\/\/www.europesays.com\/fr\/wp-json\/wp\/v2\/posts\/448257\/revisions"}],"wp:featuredmedia":[{"embeddable":true,"href":"https:\/\/www.europesays.com\/fr\/wp-json\/wp\/v2\/media\/448258"}],"wp:attachment":[{"href":"https:\/\/www.europesays.com\/fr\/wp-json\/wp\/v2\/media?parent=448257"}],"wp:term":[{"taxonomy":"category","embeddable":true,"href":"https:\/\/www.europesays.com\/fr\/wp-json\/wp\/v2\/categories?post=448257"},{"taxonomy":"post_tag","embeddable":true,"href":"https:\/\/www.europesays.com\/fr\/wp-json\/wp\/v2\/tags?post=448257"}],"curies":[{"name":"wp","href":"https:\/\/api.w.org\/{rel}","templated":true}]}}