{"id":448259,"date":"2025-10-08T19:58:11","date_gmt":"2025-10-08T19:58:11","guid":{"rendered":"https:\/\/www.europesays.com\/fr\/448259\/"},"modified":"2025-10-08T19:58:11","modified_gmt":"2025-10-08T19:58:11","slug":"jai-tout-essaye-ce-soir-ma-mission-est-terminee-a-conclu-sebastien-lecornu-au-20h-de-france-2","status":"publish","type":"post","link":"https:\/\/www.europesays.com\/fr\/448259\/","title":{"rendered":"\u00ab\u00a0J&rsquo;ai tout essay\u00e9\u00a0\u00bb, \u00ab\u00a0ce soir ma mission est termin\u00e9e\u00a0\u00bb, a conclu S\u00e9bastien Lecornu au 20h de France 2"},"content":{"rendered":"<p>\u00ab\u00a0J&rsquo;ai tout essay\u00e9\u00a0\u00bb, \u00ab\u00a0ce soir ma mission est termin\u00e9e\u00a0\u00bb, d\u00e9clare S\u00e9bastien Lecornu au 20h de France<\/p>\n<p>\u00ab\u00a0Ce soir ma mission est termin\u00e9e\u00a0\u00bb : S\u00e9bastien Lecornu a assur\u00e9 mercredi soir avoir \u00ab\u00a0tout essay\u00e9\u00a0\u00bb pour d\u00e9gager des compromis en vue de former un gouvernement.<\/p>\n<p>Interrog\u00e9 sur France 2 sur la possibilit\u00e9 que le pr\u00e9sident Emmanuel Macron le renomme \u00e0 Matignon, le Premier ministre d\u00e9missionnaire a r\u00e9pondu : \u00ab\u00a0J&rsquo;ai d\u00e9missionn\u00e9 parce qu&rsquo;un certain nombre de conditions n&rsquo;\u00e9taient plus remplies\u00a0\u00bb, \u00ab\u00a0je ne vais pas retourner dans quelque chose dans lequel les conditions n&rsquo;auraient pas chang\u00e9\u00a0\u00bb. \u00ab\u00a0Je suis un moine soldat, ce soir ma mission est termin\u00e9e\u00a0\u00bb, a-t-il insist\u00e9.<\/p>\n","protected":false},"excerpt":{"rendered":"\u00ab\u00a0J&rsquo;ai tout essay\u00e9\u00a0\u00bb, \u00ab\u00a0ce soir ma mission est termin\u00e9e\u00a0\u00bb, d\u00e9clare S\u00e9bastien Lecornu au 20h de France \u00ab\u00a0Ce soir&hellip;\n","protected":false},"author":2,"featured_media":448260,"comment_status":"","ping_status":"","sticky":false,"template":"","format":"standard","meta":{"footnotes":""},"categories":[2],"tags":[11,57397,1011,27,430,12,316,25,11067],"class_list":{"0":"post-448259","1":"post","2":"type-post","3":"status-publish","4":"format-standard","5":"has-post-thumbnail","7":"category-actualites","8":"tag-actualites","9":"tag-demission-de-sebastien-lecornu","10":"tag-fr","11":"tag-france","12":"tag-marine-le-pen","13":"tag-news","14":"tag-politique","15":"tag-republique-francaise","16":"tag-sebastien-lecornu"},"share_on_mastodon":{"url":"https:\/\/pubeurope.com\/@fr\/115340319354446921","error":""},"_links":{"self":[{"href":"https:\/\/www.europesays.com\/fr\/wp-json\/wp\/v2\/posts\/448259","targetHints":{"allow":["GET"]}}],"collection":[{"href":"https:\/\/www.europesays.com\/fr\/wp-json\/wp\/v2\/posts"}],"about":[{"href":"https:\/\/www.europesays.com\/fr\/wp-json\/wp\/v2\/types\/post"}],"author":[{"embeddable":true,"href":"https:\/\/www.europesays.com\/fr\/wp-json\/wp\/v2\/users\/2"}],"replies":[{"embeddable":true,"href":"https:\/\/www.europesays.com\/fr\/wp-json\/wp\/v2\/comments?post=448259"}],"version-history":[{"count":0,"href":"https:\/\/www.europesays.com\/fr\/wp-json\/wp\/v2\/posts\/448259\/revisions"}],"wp:featuredmedia":[{"embeddable":true,"href":"https:\/\/www.europesays.com\/fr\/wp-json\/wp\/v2\/media\/448260"}],"wp:attachment":[{"href":"https:\/\/www.europesays.com\/fr\/wp-json\/wp\/v2\/media?parent=448259"}],"wp:term":[{"taxonomy":"category","embeddable":true,"href":"https:\/\/www.europesays.com\/fr\/wp-json\/wp\/v2\/categories?post=448259"},{"taxonomy":"post_tag","embeddable":true,"href":"https:\/\/www.europesays.com\/fr\/wp-json\/wp\/v2\/tags?post=448259"}],"curies":[{"name":"wp","href":"https:\/\/api.w.org\/{rel}","templated":true}]}}