{"id":448269,"date":"2025-10-08T20:06:12","date_gmt":"2025-10-08T20:06:12","guid":{"rendered":"https:\/\/www.europesays.com\/fr\/448269\/"},"modified":"2025-10-08T20:06:12","modified_gmt":"2025-10-08T20:06:12","slug":"a-confession-de-ducati-apres-son-coup-dur-en-indonesie","status":"publish","type":"post","link":"https:\/\/www.europesays.com\/fr\/448269\/","title":{"rendered":"a confession de Ducati apr\u00e8s son coup dur en Indon\u00e9sie"},"content":{"rendered":"<p>Moins d\u2019une semaine apr\u00e8s avoir c\u00e9l\u00e9br\u00e9 le sacre de Marc Marquez au Japon, l\u2019\u00e9curie officielle Ducati a \u00e9t\u00e9 frapp\u00e9e de plein fouet par un encha\u00eenement d\u2019impr\u00e9vus \u00e0 Mandalika. Qualifi\u00e9 difficilement, Marquez parvient \u00e0 sauver une 6e place en sprint avant d\u2019\u00eatre percut\u00e9 au d\u00e9part du Grand Prix, causant une fracture de la clavicule et une mise \u00e0 l\u2019\u00e9cart pour les prochaines courses. Quant \u00e0 Bagnaia, l\u2019ancien champion s\u2019est effondr\u00e9 en performance, chutant en course principale apr\u00e8s un sprint d\u00e9j\u00e0 d\u00e9cevant.<\/p>\n<p>Gigi Dall\u2019Igna, directeur g\u00e9n\u00e9ral de Ducati, admet une \u201cexp\u00e9rience difficile \u00e0 dig\u00e9rer\u201d, mais n\u00e9cessaire. \u201cCe genre de week-end nous rappelle que rien n\u2019est jamais acquis (..) Nous continuerons d\u2019avancer avec les m\u00eames convictions et la m\u00eame confiance, comme toujours \u201d, a-t-il d\u00e9clar\u00e9 et rapport\u00e9 par crash net.<\/p>\n<p>Fermin Aldeguer, la r\u00e9v\u00e9lation au milieu du chaos<\/p>\n<p>Paradoxalement, la lumi\u00e8re est venue de Gresini Racing. Le rookie Fermin Aldeguer a offert \u00e0 Ducati une victoire \u00e9clatante, sa toute premi\u00e8re en MotoGP, avec une ma\u00eetrise digne des plus grands. \u00ab il a contr\u00f4l\u00e9, pouss\u00e9, creus\u00e9 son avance et g\u00e9r\u00e9, accumulant un avantage comme seul un champion expert peut le faire. \u00bb<\/p>\n<p>Ce succ\u00e8s permet \u00e0 Ducati de conserver sa dynamique historique avec un record de podiums cons\u00e9cutifs, malgr\u00e9 la d\u00e9b\u00e2cle de l&rsquo;\u00e9quipe d&rsquo;usine.<\/p>\n<p>   Partagez cette info avec vos amis et vos proches en cliquant ici<br \/> Pour r\u00e9sumer<\/p>\n<p>Week-end cauchemardesque pour Ducati au GP d\u2019Indon\u00e9sie : Marquez bless\u00e9, Bagnaia en chute libre, l\u2019\u00e9quipe d\u2019usine vacille. Mais le rookie Fermin Aldeguer sauve l\u2019honneur avec une victoire \u00e9clatante. Un rappel brutal que rien n\u2019est jamais acquis, m\u00eame pour les dominants.<\/p>\n<p>R\u00e9dacteur<\/p>\n<p><img decoding=\"async\" width=\"76\" height=\"76\" loading=\"lazy\" src=\"https:\/\/www.europesays.com\/fr\/wp-content\/uploads\/2025\/09\/logo-juste-houngla.jpg\" alt=\"Juste Houngla\"\/><\/p>\n","protected":false},"excerpt":{"rendered":"Moins d\u2019une semaine apr\u00e8s avoir c\u00e9l\u00e9br\u00e9 le sacre de Marc Marquez au Japon, l\u2019\u00e9curie officielle Ducati a \u00e9t\u00e9&hellip;\n","protected":false},"author":2,"featured_media":448270,"comment_status":"","ping_status":"","sticky":false,"template":"","format":"standard","meta":{"footnotes":""},"categories":[1413],"tags":[1011,27,1457,1456,60],"class_list":{"0":"post-448269","1":"post","2":"type-post","3":"status-publish","4":"format-standard","5":"has-post-thumbnail","7":"category-moto","8":"tag-fr","9":"tag-france","10":"tag-moto","11":"tag-motocycle","12":"tag-sports"},"share_on_mastodon":{"url":"https:\/\/pubeurope.com\/@fr\/115340351299070492","error":""},"_links":{"self":[{"href":"https:\/\/www.europesays.com\/fr\/wp-json\/wp\/v2\/posts\/448269","targetHints":{"allow":["GET"]}}],"collection":[{"href":"https:\/\/www.europesays.com\/fr\/wp-json\/wp\/v2\/posts"}],"about":[{"href":"https:\/\/www.europesays.com\/fr\/wp-json\/wp\/v2\/types\/post"}],"author":[{"embeddable":true,"href":"https:\/\/www.europesays.com\/fr\/wp-json\/wp\/v2\/users\/2"}],"replies":[{"embeddable":true,"href":"https:\/\/www.europesays.com\/fr\/wp-json\/wp\/v2\/comments?post=448269"}],"version-history":[{"count":0,"href":"https:\/\/www.europesays.com\/fr\/wp-json\/wp\/v2\/posts\/448269\/revisions"}],"wp:featuredmedia":[{"embeddable":true,"href":"https:\/\/www.europesays.com\/fr\/wp-json\/wp\/v2\/media\/448270"}],"wp:attachment":[{"href":"https:\/\/www.europesays.com\/fr\/wp-json\/wp\/v2\/media?parent=448269"}],"wp:term":[{"taxonomy":"category","embeddable":true,"href":"https:\/\/www.europesays.com\/fr\/wp-json\/wp\/v2\/categories?post=448269"},{"taxonomy":"post_tag","embeddable":true,"href":"https:\/\/www.europesays.com\/fr\/wp-json\/wp\/v2\/tags?post=448269"}],"curies":[{"name":"wp","href":"https:\/\/api.w.org\/{rel}","templated":true}]}}