{"id":448272,"date":"2025-10-08T20:08:10","date_gmt":"2025-10-08T20:08:10","guid":{"rendered":"https:\/\/www.europesays.com\/fr\/448272\/"},"modified":"2025-10-08T20:08:10","modified_gmt":"2025-10-08T20:08:10","slug":"un-sixieme-renfort-pour-le-guidon-chalettois-actualite","status":"publish","type":"post","link":"https:\/\/www.europesays.com\/fr\/448272\/","title":{"rendered":"Un sixi\u00e8me renfort pour le Guidon Chalettois &#8211; Actualit\u00e9"},"content":{"rendered":"<p style=\"text-align: justify;\">Le Guidon Chalettois annonce une nouvelle recrue pour la saison 2026, \u00e0 savoir Quentin Br\u00e9ant. L\u2019Auvergnat de 18 ans \u00e9tait cette saison J2 chez Creuse Oxyg\u00e8ne Gu\u00e9ret. Il a \u00e9galement \u00e9t\u00e9 stagiaire au SCO Dijon-Team Materiel-Velo.com, aux c\u00f4t\u00e9s de son fr\u00e8re Romain.<\/p>\n<p><strong><a href=\"https:\/\/www.directvelo.com\/coureur\/47496\/quentin-breant\" target=\"_blank\" rel=\"noopener\">Quentin Br\u00e9ant<\/a><\/strong>\u00a0a remport\u00e9 cette ann\u00e9e une \u00e9tape de la Bizkaia Itzulia. Il s\u2019est class\u00e9 4e de la Classique des Bourbons o\u00f9 il a fini 3e et 5e d\u2019\u00e9tape, 5e de la Classic Coeur de Brenne U19 et du Championnat de Nouvelle-Aquitaine, 8e de la Mapei Classic, 9e de la Marmande Val de Garonne Classic-Souvenir R\u00e9mi Bottechia, 12e de la Route d&rsquo;Eole, 15e de la Bernaudeau Junior ou encore 16e du Troph\u00e9e des Ch\u00e2teaux aux Milandes.<\/p>\n<p>Quentin Br\u00e9ant <strong><a href=\"https:\/\/www.directvelo.com\/equipe\/40\/guidon-chalettois\" target=\"_blank\" rel=\"noopener\">est la sixi\u00e8me recrue du club de N1<\/a>.<\/strong><\/p>\n<p>Retrouvez toutes les mutations de l&rsquo;intersaison 2025-2026\u00a0<strong><a href=\"https:\/\/www.directvelo.com\/mutations\/2026\" target=\"_blank\" rel=\"noopener\">en cliquant ici<\/a><\/strong><strong>.<br \/><\/strong><\/p>\n","protected":false},"excerpt":{"rendered":"Le Guidon Chalettois annonce une nouvelle recrue pour la saison 2026, \u00e0 savoir Quentin Br\u00e9ant. L\u2019Auvergnat de 18&hellip;\n","protected":false},"author":2,"featured_media":448273,"comment_status":"","ping_status":"","sticky":false,"template":"","format":"standard","meta":{"footnotes":""},"categories":[1411],"tags":[834,828,836,829,837,827,83,826,824,823,1154,207,814,817,815,816,822,821,832,211,839,1011,27,820,818,819,835,831,830,833,838,60,212,208,825],"class_list":{"0":"post-448272","1":"post","2":"type-post","3":"status-publish","4":"format-standard","5":"has-post-thumbnail","7":"category-cyclisme","8":"tag-attaque","9":"tag-belgique","10":"tag-braquet","11":"tag-bretagne","12":"tag-chute","13":"tag-competition","14":"tag-coupe-de-france","15":"tag-coureur","16":"tag-course-cyclisme","17":"tag-course-cycliste","18":"tag-cycling","19":"tag-cyclisme","20":"tag-direct","21":"tag-direct-velo","22":"tag-directvelo","23":"tag-directvelo-com","24":"tag-epreuve","25":"tag-epreuve-cycliste","26":"tag-federation-francaise-de-cyclisme","27":"tag-ffc","28":"tag-flandres","29":"tag-fr","30":"tag-france","31":"tag-live","32":"tag-live-course","33":"tag-live-epreuve","34":"tag-peloton","35":"tag-radio-peloton","36":"tag-radio-tour","37":"tag-ravitaillement","38":"tag-relance","39":"tag-sports","40":"tag-uci","41":"tag-velo","42":"tag-velos"},"share_on_mastodon":{"url":"https:\/\/pubeurope.com\/@fr\/115340358721032478","error":""},"_links":{"self":[{"href":"https:\/\/www.europesays.com\/fr\/wp-json\/wp\/v2\/posts\/448272","targetHints":{"allow":["GET"]}}],"collection":[{"href":"https:\/\/www.europesays.com\/fr\/wp-json\/wp\/v2\/posts"}],"about":[{"href":"https:\/\/www.europesays.com\/fr\/wp-json\/wp\/v2\/types\/post"}],"author":[{"embeddable":true,"href":"https:\/\/www.europesays.com\/fr\/wp-json\/wp\/v2\/users\/2"}],"replies":[{"embeddable":true,"href":"https:\/\/www.europesays.com\/fr\/wp-json\/wp\/v2\/comments?post=448272"}],"version-history":[{"count":0,"href":"https:\/\/www.europesays.com\/fr\/wp-json\/wp\/v2\/posts\/448272\/revisions"}],"wp:featuredmedia":[{"embeddable":true,"href":"https:\/\/www.europesays.com\/fr\/wp-json\/wp\/v2\/media\/448273"}],"wp:attachment":[{"href":"https:\/\/www.europesays.com\/fr\/wp-json\/wp\/v2\/media?parent=448272"}],"wp:term":[{"taxonomy":"category","embeddable":true,"href":"https:\/\/www.europesays.com\/fr\/wp-json\/wp\/v2\/categories?post=448272"},{"taxonomy":"post_tag","embeddable":true,"href":"https:\/\/www.europesays.com\/fr\/wp-json\/wp\/v2\/tags?post=448272"}],"curies":[{"name":"wp","href":"https:\/\/api.w.org\/{rel}","templated":true}]}}