{"id":448276,"date":"2025-10-08T20:10:12","date_gmt":"2025-10-08T20:10:12","guid":{"rendered":"https:\/\/www.europesays.com\/fr\/448276\/"},"modified":"2025-10-08T20:10:12","modified_gmt":"2025-10-08T20:10:12","slug":"lea-salame-victime-dun-couac-durant-linterview-de-sebastien-lecornu-video","status":"publish","type":"post","link":"https:\/\/www.europesays.com\/fr\/448276\/","title":{"rendered":"L\u00e9a Salam\u00e9 victime d&rsquo;un couac durant l&rsquo;interview de S\u00e9bastien Lecornu (VIDEO)"},"content":{"rendered":"<p class=\"ap-StoryElement ap-StoryElement--mb ap-StoryText\">Ce mercredi soir, le premier ministre d\u00e9missionnaire de la France, S\u00e9bastien Lecornu, \u00e9tait l&rsquo;invit\u00e9 du journal t\u00e9l\u00e9vis\u00e9 de France 2.<\/p>\n<p class=\"text-left ap-StoryElement ap-StoryElement--mb ap-StoryText\">Re\u00e7u sur le plateau de<a href=\"https:\/\/www.lalibre.be\/culture\/medias-tele\/2025\/09\/21\/pas-de-commentaire-lea-salame-face-au-malaise-avec-marion-cotillard-7PU2W2TFOFBVDMRRNUKPCCLO7E\/\" target=\"_self\" rel=\"noopener\"> L\u00e9a Salam\u00e9<\/a>, l&rsquo;homme politique a donn\u00e9 quelques informations concernant la situation de la crise politique que vit actuellement le pays. \u00ab\u00a0Les perspectives de dissolution s&rsquo;\u00e9loignent\u00a0\u00bb, a-t-il affirm\u00e9 en direct.<\/p>\n<p class=\"ap-StoryElement ap-StoryElement--mb ap-StoryText\">Durant cette interview, un d\u00e9tail a frapp\u00e9 les nombreux t\u00e9l\u00e9spectateurs de France 2. En effet, la voix de L\u00e9a Salam\u00e9 semblait tremblante durant l&rsquo;annonce des sujets du journal t\u00e9l\u00e9vis\u00e9.<\/p>\n","protected":false},"excerpt":{"rendered":"Ce mercredi soir, le premier ministre d\u00e9missionnaire de la France, S\u00e9bastien Lecornu, \u00e9tait l&rsquo;invit\u00e9 du journal t\u00e9l\u00e9vis\u00e9 de&hellip;\n","protected":false},"author":2,"featured_media":448277,"comment_status":"","ping_status":"","sticky":false,"template":"","format":"standard","meta":{"footnotes":""},"categories":[1359],"tags":[58,59,1011,27,3806,973],"class_list":{"0":"post-448276","1":"post","2":"type-post","3":"status-publish","4":"format-standard","5":"has-post-thumbnail","7":"category-people","8":"tag-divertissement","9":"tag-entertainment","10":"tag-fr","11":"tag-france","12":"tag-lea-salame","13":"tag-people"},"share_on_mastodon":{"url":"https:\/\/pubeurope.com\/@fr\/115340366588482561","error":""},"_links":{"self":[{"href":"https:\/\/www.europesays.com\/fr\/wp-json\/wp\/v2\/posts\/448276","targetHints":{"allow":["GET"]}}],"collection":[{"href":"https:\/\/www.europesays.com\/fr\/wp-json\/wp\/v2\/posts"}],"about":[{"href":"https:\/\/www.europesays.com\/fr\/wp-json\/wp\/v2\/types\/post"}],"author":[{"embeddable":true,"href":"https:\/\/www.europesays.com\/fr\/wp-json\/wp\/v2\/users\/2"}],"replies":[{"embeddable":true,"href":"https:\/\/www.europesays.com\/fr\/wp-json\/wp\/v2\/comments?post=448276"}],"version-history":[{"count":0,"href":"https:\/\/www.europesays.com\/fr\/wp-json\/wp\/v2\/posts\/448276\/revisions"}],"wp:featuredmedia":[{"embeddable":true,"href":"https:\/\/www.europesays.com\/fr\/wp-json\/wp\/v2\/media\/448277"}],"wp:attachment":[{"href":"https:\/\/www.europesays.com\/fr\/wp-json\/wp\/v2\/media?parent=448276"}],"wp:term":[{"taxonomy":"category","embeddable":true,"href":"https:\/\/www.europesays.com\/fr\/wp-json\/wp\/v2\/categories?post=448276"},{"taxonomy":"post_tag","embeddable":true,"href":"https:\/\/www.europesays.com\/fr\/wp-json\/wp\/v2\/tags?post=448276"}],"curies":[{"name":"wp","href":"https:\/\/api.w.org\/{rel}","templated":true}]}}