{"id":448297,"date":"2025-10-08T20:21:13","date_gmt":"2025-10-08T20:21:13","guid":{"rendered":"https:\/\/www.europesays.com\/fr\/448297\/"},"modified":"2025-10-08T20:21:13","modified_gmt":"2025-10-08T20:21:13","slug":"10-mois-apres-les-incendies-de-los-angeles-un-chauffeur-uber-arrete","status":"publish","type":"post","link":"https:\/\/www.europesays.com\/fr\/448297\/","title":{"rendered":"10 mois apr\u00e8s les incendies de Los Angeles, un chauffeur Uber arr\u00eat\u00e9"},"content":{"rendered":"<p>        <img decoding=\"async\" loading=\"lazy\" src=\"https:\/\/www.europesays.com\/fr\/wp-content\/uploads\/2025\/10\/f51777a_sirius-fs-upload-1-dxcbanwovmah-1736533814696-000-36tg4x4.jpg\"  width=\"728\" height=\"409\" alt=\"Vue a\u00e9rienne de maisons incendi\u00e9es lors de l\u2019incendie pr\u00e8s du quartier de Pacific Palisades \u00e0 Los Angeles, le 9 janvier 2025.\"\/>  <\/p>\n<p>JOSH EDELSON \/ AFP<\/p>\n<p>Vue a\u00e9rienne de maisons incendi\u00e9es lors de l\u2019incendie pr\u00e8s du quartier de Pacific Palisades \u00e0 Los Angeles, le 9 janvier 2025.<\/p>\n<p class=\"asset asset-text\">INTERNATIONAL &#8211; Un chauffeur Uber dans le viseur de la justice am\u00e9ricaine. Dans le cadre de l\u2019enqu\u00eate sur les incendies meurtriers qui <a href=\"https:\/\/www.huffingtonpost.fr\/environnement\/article\/les-incendies-qui-ont-ravage-los-angeles-sont-desormais-entierement-maitrises-apres-trois-semaines-d-activite_245642.html\" target=\"_blank\" rel=\"noopener\">avaient ravag\u00e9 le paysage de Los Angeles en janvier dernier<\/a>, un suspect a \u00e9t\u00e9 arr\u00eat\u00e9 mardi, ont annonc\u00e9 ce mercredi 8\u00a0octobre les autorit\u00e9s am\u00e9ricaines.<\/p>\n<p class=\"asset asset-text\">Cet homme, Jonathan Rinderknecht, \u00e2g\u00e9 de 29\u00a0ans, est soup\u00e7onn\u00e9 d\u2019avoir d\u00e9clench\u00e9 un incendie la nuit du Nouvel An <a href=\"https:\/\/www.huffingtonpost.fr\/international\/video\/incendies-a-los-angeles-les-images-de-pacific-palisades-envahissent-les-reseaux-sociaux-et-elles-sont-effrayantes_244555.html\" target=\"_blank\" rel=\"noopener\">pr\u00e8s du quartier de Pacific Palisades<\/a>. C\u2019est cet incendie initial, que les pompiers croyaient avoir \u00e9teint, qui s\u2019est ensuite raviv\u00e9 le 7\u00a0janvier pour <a href=\"https:\/\/www.huffingtonpost.fr\/international\/video\/incendies-a-los-angeles-les-images-de-pacific-palisades-envahissent-les-reseaux-sociaux-et-elles-sont-effrayantes_244555.html\" target=\"_blank\" rel=\"noopener\">d\u00e9vaster ce quartier hupp\u00e9<\/a> de la m\u00e9gapole californienne.<\/p>\n<p class=\"asset asset-text\">\u00ab\u00a0L\u2019inconscience d\u2019une seule personne a caus\u00e9 l\u2019un des pires incendies qu\u2019ait jamais connus Los Angeles, entra\u00eenant la mort et des destructions g\u00e9n\u00e9ralis\u00e9es \u00e0 Pacific Palisades\u00a0\u00bb, a d\u00e9clar\u00e9 le procureur f\u00e9d\u00e9ral Bill Essayli, au moment d\u2019annoncer son arrestation. Il faut dire que le bilan de cet incendie avait \u00e9t\u00e9 particuli\u00e8rement important, avec 31\u00a0morts, des milliers d\u2019habitations d\u00e9truites et des dizaines de <a href=\"https:\/\/www.huffingtonpost.fr\/people\/article\/incendies-a-los-angeles-meryl-streep-a-du-faire-preuve-d-ingeniosite-pour-fuir-sa-maison-cernee-par-les-flammes_245542.html\" target=\"_blank\" rel=\"noopener\">milliers de personnes contraintes de fuir leur domicile<\/a> pour \u00e9chapper aux flammes. \u00c0 lui seul, le Palisades Fire avait provoqu\u00e9 la mort de 12\u00a0personnes et ravag\u00e9 9\u00a0400 hectares sur les 15\u00a0000\u00a0d\u00e9truits par la s\u00e9rie d\u2019incendies.<\/p>\n<p class=\"asset asset-text\">Originaire de Floride, le suspect est un chauffeur Uber qui avait d\u00e9pos\u00e9 des passagers dans la zone o\u00f9 le premier feu avait d\u00e9marr\u00e9 durant la nuit du Nouvel An. Selon ces passagers interrog\u00e9s par la police, l\u2019homme \u00ab\u00a0semblait agit\u00e9 et en col\u00e8re ce soir-l\u00e0\u00a0\u00bb, rapporte le <a href=\"https:\/\/www.latimes.com\/california\/story\/2025-10-08\/palisades-fire-arrest\" target=\"_blank\" rel=\"noopener\" title=\"Nouvelle fen\u00eatre\">LA Times<\/a>.<\/p>\n<p class=\"asset asset-text\">\u00c0 ce stade, il est inculp\u00e9 pour \u00ab\u00a0destruction de biens par incendie\u00a0\u00bb, rapporte le <a href=\"https:\/\/www.washingtonpost.com\/weather\/2025\/10\/08\/palisades-fire-arrest-los-angeles\/\" target=\"_blank\" rel=\"noopener\" title=\"Nouvelle fen\u00eatre\">Washington Post<\/a>, en citant Bill Essayli. Ce crime est passible d\u2019une peine de 5\u00a0\u00e0 20\u00a0ans de prison.<\/p>\n<p>    ChatGPT au c\u0153ur de l\u2019enqu\u00eate    <\/p>\n<p class=\"asset asset-text\">Selon les donn\u00e9es de g\u00e9olocalisation r\u00e9colt\u00e9es par les enqu\u00eateurs, le suspect se trouvait \u00ab\u00a0\u00e0 30 pieds\u00a0\u00bb, soit pr\u00e8s de 10 m\u00e8tres, de l\u2019incendie lorsqu\u2019il a lui-m\u00eame tent\u00e9 de signaler le feu aux services de secours, a pr\u00e9cis\u00e9 le procureur f\u00e9d\u00e9ral.<\/p>\n<p class=\"asset asset-text\">Le LA Times indique par ailleurs que les enqu\u00eateurs ont retrouv\u00e9 des images montrant une ville en feu, que le suspect aurait g\u00e9n\u00e9r\u00e9 \u00e0 l\u2019aide de ChatGPT dans les semaines avant l\u2019incendie. Mais \u00e0 ce stade des investigations, les enqu\u00eateurs n\u2019ont pas identifi\u00e9 de mobile clair. Selon la plainte p\u00e9nale, dont un extrait est visible ci-dessous, le suspect aurait pos\u00e9 la question suivante \u00e0 ChatGPT alors qu\u2019il se trouvait au t\u00e9l\u00e9phone avec le 911\u00a0pour rapporter l\u2019incendie\u00a0: \u00ab\u00a0\u00cates-vous responsable si un incendie se d\u00e9clare \u00e0 cause de vos cigarettes\u00a0?\u00a0\u00bb.<\/p>\n<p> La lecture de ce contenu est susceptible d\u2019entra\u00eener un d\u00e9p\u00f4t de cookies de la part de l\u2019op\u00e9rateur tiers qui l\u2019h\u00e9berge. Compte-tenu des choix que vous avez exprim\u00e9s en mati\u00e8re de d\u00e9p\u00f4t de cookies, nous avons bloqu\u00e9 l\u2019affichage de ce contenu. Si vous souhaitez y acc\u00e9der, vous devez accepter la cat\u00e9gorie de cookies \u201cContenus tiers\u201d en cliquant sur le bouton ci-dessous. <\/p>\n<p> Lire la Vid\u00e9o        <\/p>\n<p class=\"asset asset-text\">Le suspect aurait \u00e9galement \u00e9cout\u00e9 un morceau du <a href=\"https:\/\/www.youtube.com\/watch?v=9Va9UCOUV0s\" target=\"_blank\" rel=\"noopener\" title=\"Nouvelle fen\u00eatre\">rappeur fran\u00e7ais Jossman (Un Zder, Un The)<\/a> apr\u00e8s avoir film\u00e9 l\u2019endroit o\u00f9 il se trouvait. Fait int\u00e9ressant pour les enqu\u00eateurs, le clip de cette chanson qui parle de d\u00e9sespoir et d\u2019amertume montre notamment une poubelle en feu, comme l\u2019indique le parquet. Jonathan Rinderknecht aurait m\u00eame \u00e9cout\u00e9 ce titre neuf fois au cours des quatre jours pr\u00e9c\u00e9dant l\u2019incendie.<\/p>\n<p class=\"asset asset-text\">\u00ab\u00a0J\u2019aimerais que nous puissions entrer dans la t\u00eate de quelqu\u2019un, mais nous ne pouvons pas\u00a0\u00bb, a d\u00e9clar\u00e9 Kenny Cooper, un agent du Bureau de l\u2019alcool, du tabac, des armes \u00e0 feu et des explosifs (ATF). \u00ab\u00a0Les gens malfaisants font des choses n\u00e9fastes\u00a0\u00bb, a-t-il dit, en ajoutant que les preuves seraient \u00ab\u00a0trait\u00e9es au proc\u00e8s\u00a0\u00bb.<\/p>\n<p class=\"asset asset-text\">\u00ab\u00a0Nous esp\u00e9rons que son arrestation et les accusations port\u00e9es contre lui apporteront une certaine mesure de justice aux victimes de cette horrible trag\u00e9die\u00a0\u00bb, a pour sa part confi\u00e9 le procureur am\u00e9ricain.<\/p>\n","protected":false},"excerpt":{"rendered":"JOSH EDELSON \/ AFP Vue a\u00e9rienne de maisons incendi\u00e9es lors de l\u2019incendie pr\u00e8s du quartier de Pacific Palisades&hellip;\n","protected":false},"author":2,"featured_media":448298,"comment_status":"","ping_status":"","sticky":false,"template":"","format":"standard","meta":{"footnotes":""},"categories":[5],"tags":[11,2139,73,1011,27,1310,14,6116,12,28],"class_list":{"0":"post-448297","1":"post","2":"type-post","3":"status-publish","4":"format-standard","5":"has-post-thumbnail","7":"category-international","8":"tag-actualites","9":"tag-californie","10":"tag-etats-unis","11":"tag-fr","12":"tag-france","13":"tag-incendie","14":"tag-international","15":"tag-los-angeles","16":"tag-news","17":"tag-world"},"share_on_mastodon":{"url":"https:\/\/pubeurope.com\/@fr\/115340409851228933","error":""},"_links":{"self":[{"href":"https:\/\/www.europesays.com\/fr\/wp-json\/wp\/v2\/posts\/448297","targetHints":{"allow":["GET"]}}],"collection":[{"href":"https:\/\/www.europesays.com\/fr\/wp-json\/wp\/v2\/posts"}],"about":[{"href":"https:\/\/www.europesays.com\/fr\/wp-json\/wp\/v2\/types\/post"}],"author":[{"embeddable":true,"href":"https:\/\/www.europesays.com\/fr\/wp-json\/wp\/v2\/users\/2"}],"replies":[{"embeddable":true,"href":"https:\/\/www.europesays.com\/fr\/wp-json\/wp\/v2\/comments?post=448297"}],"version-history":[{"count":0,"href":"https:\/\/www.europesays.com\/fr\/wp-json\/wp\/v2\/posts\/448297\/revisions"}],"wp:featuredmedia":[{"embeddable":true,"href":"https:\/\/www.europesays.com\/fr\/wp-json\/wp\/v2\/media\/448298"}],"wp:attachment":[{"href":"https:\/\/www.europesays.com\/fr\/wp-json\/wp\/v2\/media?parent=448297"}],"wp:term":[{"taxonomy":"category","embeddable":true,"href":"https:\/\/www.europesays.com\/fr\/wp-json\/wp\/v2\/categories?post=448297"},{"taxonomy":"post_tag","embeddable":true,"href":"https:\/\/www.europesays.com\/fr\/wp-json\/wp\/v2\/tags?post=448297"}],"curies":[{"name":"wp","href":"https:\/\/api.w.org\/{rel}","templated":true}]}}