{"id":448303,"date":"2025-10-08T20:24:20","date_gmt":"2025-10-08T20:24:20","guid":{"rendered":"https:\/\/www.europesays.com\/fr\/448303\/"},"modified":"2025-10-08T20:24:20","modified_gmt":"2025-10-08T20:24:20","slug":"la-talaudiere-horizon-japonais-a-remporte-un-succes-fou","status":"publish","type":"post","link":"https:\/\/www.europesays.com\/fr\/448303\/","title":{"rendered":"La Talaudi\u00e8re. Horizon Japonais a remport\u00e9 un succ\u00e8s fou"},"content":{"rendered":"<p>Pour la deuxi\u00e8me ann\u00e9e cons\u00e9cutive, Kellian Andr\u00e9 et Alexis Lyonnet proposaient Horizon Japonais. Cette animation a pour but de faire conna\u00eetre et de sensibiliser les Fran\u00e7ais \u00e0 la culture japonaise.<\/p>\n<p>L\u2019an dernier, lors de premi\u00e8re \u00e9dition, plus de 850 personnes ont visit\u00e9 les diff\u00e9rents stands ou particip\u00e9 aux animations propos\u00e9es. Cette ann\u00e9e, les organisateurs sont plus que satisfaits car les compteurs ont explos\u00e9, avec plus de 1\u00a0500 visiteurs.<\/p>\n<p>Et il faut pr\u00e9ciser que l\u2019entr\u00e9e \u00e9tait&#8230;<\/p>\n","protected":false},"excerpt":{"rendered":"Pour la deuxi\u00e8me ann\u00e9e cons\u00e9cutive, Kellian Andr\u00e9 et Alexis Lyonnet proposaient Horizon Japonais. Cette animation a pour but&hellip;\n","protected":false},"author":2,"featured_media":448304,"comment_status":"","ping_status":"","sticky":false,"template":"","format":"standard","meta":{"footnotes":""},"categories":[9653],"tags":[1111,11,2430,1687,7539,1777,674,1685,1011,27,12053,12,25,4001,9664],"class_list":{"0":"post-448303","1":"post","2":"type-post","3":"status-publish","4":"format-standard","5":"has-post-thumbnail","7":"category-saint-etienne","8":"tag-actu","9":"tag-actualites","10":"tag-auvergne-rhone-alpes","11":"tag-culture-loisirs","12":"tag-edition-loire-sud","13":"tag-eu","14":"tag-europe","15":"tag-foire-et-salon","16":"tag-fr","17":"tag-france","18":"tag-la-talaudiere","19":"tag-news","20":"tag-republique-francaise","21":"tag-saint-etienne","22":"tag-saint-etienne-bassin"},"share_on_mastodon":{"url":"https:\/\/pubeurope.com\/@fr\/115340421787385976","error":""},"_links":{"self":[{"href":"https:\/\/www.europesays.com\/fr\/wp-json\/wp\/v2\/posts\/448303","targetHints":{"allow":["GET"]}}],"collection":[{"href":"https:\/\/www.europesays.com\/fr\/wp-json\/wp\/v2\/posts"}],"about":[{"href":"https:\/\/www.europesays.com\/fr\/wp-json\/wp\/v2\/types\/post"}],"author":[{"embeddable":true,"href":"https:\/\/www.europesays.com\/fr\/wp-json\/wp\/v2\/users\/2"}],"replies":[{"embeddable":true,"href":"https:\/\/www.europesays.com\/fr\/wp-json\/wp\/v2\/comments?post=448303"}],"version-history":[{"count":0,"href":"https:\/\/www.europesays.com\/fr\/wp-json\/wp\/v2\/posts\/448303\/revisions"}],"wp:featuredmedia":[{"embeddable":true,"href":"https:\/\/www.europesays.com\/fr\/wp-json\/wp\/v2\/media\/448304"}],"wp:attachment":[{"href":"https:\/\/www.europesays.com\/fr\/wp-json\/wp\/v2\/media?parent=448303"}],"wp:term":[{"taxonomy":"category","embeddable":true,"href":"https:\/\/www.europesays.com\/fr\/wp-json\/wp\/v2\/categories?post=448303"},{"taxonomy":"post_tag","embeddable":true,"href":"https:\/\/www.europesays.com\/fr\/wp-json\/wp\/v2\/tags?post=448303"}],"curies":[{"name":"wp","href":"https:\/\/api.w.org\/{rel}","templated":true}]}}