{"id":448313,"date":"2025-10-08T20:29:12","date_gmt":"2025-10-08T20:29:12","guid":{"rendered":"https:\/\/www.europesays.com\/fr\/448313\/"},"modified":"2025-10-08T20:29:12","modified_gmt":"2025-10-08T20:29:12","slug":"lbe-fin-de-serie-pour-besancon-face-a-toulon","status":"publish","type":"post","link":"https:\/\/www.europesays.com\/fr\/448313\/","title":{"rendered":"LBE. Fin de s\u00e9rie pour Besan\u00e7on face \u00e0 Toulon"},"content":{"rendered":"<p>Un peu de fatigue pour les Bisontines\u00a0? <a href=\"https:\/\/www.estrepublicain.fr\/sport\/2025\/10\/08\/besancon-a-une-dynamique-a-preserver-a-toulon\" target=\"_blank\" rel=\"noopener\">Face \u00e0 Toulon<\/a> , les Bisontines ont commenc\u00e9 par une mi-temps sur courant alternatif avec un peu de d\u00e9chets en attaque et 18 buts encaiss\u00e9s (18-16 30e). Mais il faut dire que la d\u00e9fense des Toulonnaises les a, aussi, emp\u00each\u00e9 de jouer avec beaucoup de rythme. Au retour des vestiaires, les Franc-Comtoises ont continu\u00e9 \u00e0 courir apr\u00e8s le score (25-23 44e). Cependant, malgr\u00e9 un duo Di Rocco\/Mumbongo efficace sur la base arri\u00e8re (17 buts), elles ne sont jamais parvenues \u00e0 repasser devant. Et s\u2019inclinent sur le score de 34-32. <\/p>\n","protected":false},"excerpt":{"rendered":"Un peu de fatigue pour les Bisontines\u00a0? Face \u00e0 Toulon , les Bisontines ont commenc\u00e9 par une mi-temps&hellip;\n","protected":false},"author":2,"featured_media":448314,"comment_status":"","ping_status":"","sticky":false,"template":"","format":"standard","meta":{"footnotes":""},"categories":[9619],"tags":[1111,11,10112,14382,14383,19876,1777,674,1011,27,1792,12,882,25,517,14185,2310],"class_list":{"0":"post-448313","1":"post","2":"type-post","3":"status-publish","4":"format-standard","5":"has-post-thumbnail","7":"category-toulon","8":"tag-actu","9":"tag-actualites","10":"tag-besancon","11":"tag-besancon-ville-25a","12":"tag-edition-besancon","13":"tag-esbf","14":"tag-eu","15":"tag-europe","16":"tag-fr","17":"tag-france","18":"tag-handball","19":"tag-news","20":"tag-provence-alpes-cote-dazur","21":"tag-republique-francaise","22":"tag-sport","23":"tag-sport-franc-comtois","24":"tag-toulon"},"share_on_mastodon":{"url":"https:\/\/pubeurope.com\/@fr\/115340441308576345","error":""},"_links":{"self":[{"href":"https:\/\/www.europesays.com\/fr\/wp-json\/wp\/v2\/posts\/448313","targetHints":{"allow":["GET"]}}],"collection":[{"href":"https:\/\/www.europesays.com\/fr\/wp-json\/wp\/v2\/posts"}],"about":[{"href":"https:\/\/www.europesays.com\/fr\/wp-json\/wp\/v2\/types\/post"}],"author":[{"embeddable":true,"href":"https:\/\/www.europesays.com\/fr\/wp-json\/wp\/v2\/users\/2"}],"replies":[{"embeddable":true,"href":"https:\/\/www.europesays.com\/fr\/wp-json\/wp\/v2\/comments?post=448313"}],"version-history":[{"count":0,"href":"https:\/\/www.europesays.com\/fr\/wp-json\/wp\/v2\/posts\/448313\/revisions"}],"wp:featuredmedia":[{"embeddable":true,"href":"https:\/\/www.europesays.com\/fr\/wp-json\/wp\/v2\/media\/448314"}],"wp:attachment":[{"href":"https:\/\/www.europesays.com\/fr\/wp-json\/wp\/v2\/media?parent=448313"}],"wp:term":[{"taxonomy":"category","embeddable":true,"href":"https:\/\/www.europesays.com\/fr\/wp-json\/wp\/v2\/categories?post=448313"},{"taxonomy":"post_tag","embeddable":true,"href":"https:\/\/www.europesays.com\/fr\/wp-json\/wp\/v2\/tags?post=448313"}],"curies":[{"name":"wp","href":"https:\/\/api.w.org\/{rel}","templated":true}]}}