{"id":448319,"date":"2025-10-08T20:32:14","date_gmt":"2025-10-08T20:32:14","guid":{"rendered":"https:\/\/www.europesays.com\/fr\/448319\/"},"modified":"2025-10-08T20:32:14","modified_gmt":"2025-10-08T20:32:14","slug":"les-policiers-evitent-un-drame","status":"publish","type":"post","link":"https:\/\/www.europesays.com\/fr\/448319\/","title":{"rendered":"les policiers \u00e9vitent un drame"},"content":{"rendered":"<p>            Par<br \/>\n        <strong><br \/>\n            <a href=\"https:\/\/actu.fr\/auteur\/adrien-filoche\" title=\"Consulter tous les articles de Adrien Filoche\" target=\"_blank\" rel=\"noopener\">Adrien Filoche<\/a><br \/>\n        <\/strong><\/p>\n<p>        Publi\u00e9 le<\/p>\n<p>            8 oct. 2025 \u00e0 11h38        <\/p>\n<p><strong>In extremis.\u00a0<\/strong>Ce mardi 7\u00a0octobre 2025, un cycliste a \u00e9t\u00e9 aper\u00e7u vers 23\u00a0heures en train d\u2019enjamber la barri\u00e8re de s\u00e9curit\u00e9 du pont Gustave-Flaubert \u00e0 <a href=\"https:\/\/actu.fr\/normandie\/rouen_76540\" target=\"_blank\" rel=\"noopener\">Rouen (Seine-Maritime)<\/a>. La police est rapidement intervenue sur place.<\/p>\n<p>Il manque de basculer dans le vide<\/p>\n<p class=\" wall-content\">Selon une source polici\u00e8re, lorsque les agents arrivent sur le pont, ils aper\u00e7oivent un v\u00e9lo au milieu. Un homme se trouve de l\u2019autre c\u00f4t\u00e9 de la barri\u00e8re de s\u00e9curit\u00e9, le dos face \u00e0 la Seine.<\/p>\n<p class=\" wall-content\">Les agents vont \u00e0 sa hauteur et tentent d\u2019engager le dialogue. L\u2019individu \u00ab\u2009refuse de communiquer et se penche dangereusement vers l\u2019arri\u00e8re\u2009\u00bb, relate une source polici\u00e8re. Il manque de basculer dans le vide.<\/p>\n<p class=\" wall-content\">Finalement, les policiers parviennent \u00e0 le rattraper par ses v\u00eatements, emp\u00eachant une chute mortelle dans la Seine. L\u2019homme, \u00e2g\u00e9 de 50\u00a0ans, est transport\u00e9 au <a href=\"https:\/\/actu.fr\/tag\/chu-rouen\" target=\"_blank\" rel=\"noopener\">CHU Charles-Nicolle de Rouen.<\/a><\/p>\n<p>Face au d\u00e9sespoir, il ne faut surtout pas rester seul. Des plateformes t\u00e9l\u00e9phoniques d\u2019\u00e9coute et structures d\u2019accueil existent partout sur le territoire normand pour aider les personnes les plus d\u00e9munies. <a href=\"https:\/\/www.normandie.ars.sante.fr\/prevention-du-suicide\" target=\"_blank\" rel=\"noopener\">Plus d\u2019informations ici<\/a>.Suivez l\u2019actualit\u00e9 de Rouen sur <a href=\"https:\/\/www.whatsapp.com\/channel\/0029VaKfnf99hXF2ddApFB1D\" target=\"_blank\" rel=\"noopener\">notre cha\u00eene WhatsApp<\/a> et sur <a href=\"https:\/\/www.tiktok.com\/@76actu.fr?lang=fr\" target=\"_blank\" rel=\"noopener\">notre compte TikTok<\/a><\/p>\n<p class=\" wall-content\">Personnalisez votre actualit\u00e9 en ajoutant vos villes et m\u00e9dias en favori avec <a href=\"https:\/\/moncompte.actu.fr\" title=\"D\u00e9couvez Mon Actu\" rel=\"nofollow noopener\" data-trk=\"{&quot;cta&quot;:{&quot;action&quot;:&quot;https:\\\/\\\/moncompte.actu.fr&quot;,&quot;category&quot;:&quot;mon compte&quot;,&quot;from&quot;:&quot;article footer&quot;,&quot;name&quot;:&quot;Mon actu&quot;,&quot;type&quot;:&quot;cta&quot;}}\" target=\"_blank\">Mon Actu<\/a>.<\/p>\n<p>                    <script async src=\"\/\/www.tiktok.com\/embed.js\"><\/script><\/p>\n","protected":false},"excerpt":{"rendered":"Par Adrien Filoche Publi\u00e9 le 8 oct. 2025 \u00e0 11h38 In extremis.\u00a0Ce mardi 7\u00a0octobre 2025, un cycliste a&hellip;\n","protected":false},"author":2,"featured_media":448320,"comment_status":"","ping_status":"","sticky":false,"template":"","format":"standard","meta":{"footnotes":""},"categories":[9587],"tags":[1111,11,1777,674,118,1011,27,5353,12,5161,1072,3940,25,9590],"class_list":{"0":"post-448319","1":"post","2":"type-post","3":"status-publish","4":"format-standard","5":"has-post-thumbnail","7":"category-rouen","8":"tag-actu","9":"tag-actualites","10":"tag-eu","11":"tag-europe","12":"tag-faits-divers","13":"tag-fr","14":"tag-france","15":"tag-la-seine","16":"tag-news","17":"tag-normandie","18":"tag-police","19":"tag-pont-gustave-flaubert","20":"tag-republique-francaise","21":"tag-rouen"},"share_on_mastodon":{"url":"https:\/\/pubeurope.com\/@fr\/115340453125861392","error":""},"_links":{"self":[{"href":"https:\/\/www.europesays.com\/fr\/wp-json\/wp\/v2\/posts\/448319","targetHints":{"allow":["GET"]}}],"collection":[{"href":"https:\/\/www.europesays.com\/fr\/wp-json\/wp\/v2\/posts"}],"about":[{"href":"https:\/\/www.europesays.com\/fr\/wp-json\/wp\/v2\/types\/post"}],"author":[{"embeddable":true,"href":"https:\/\/www.europesays.com\/fr\/wp-json\/wp\/v2\/users\/2"}],"replies":[{"embeddable":true,"href":"https:\/\/www.europesays.com\/fr\/wp-json\/wp\/v2\/comments?post=448319"}],"version-history":[{"count":0,"href":"https:\/\/www.europesays.com\/fr\/wp-json\/wp\/v2\/posts\/448319\/revisions"}],"wp:featuredmedia":[{"embeddable":true,"href":"https:\/\/www.europesays.com\/fr\/wp-json\/wp\/v2\/media\/448320"}],"wp:attachment":[{"href":"https:\/\/www.europesays.com\/fr\/wp-json\/wp\/v2\/media?parent=448319"}],"wp:term":[{"taxonomy":"category","embeddable":true,"href":"https:\/\/www.europesays.com\/fr\/wp-json\/wp\/v2\/categories?post=448319"},{"taxonomy":"post_tag","embeddable":true,"href":"https:\/\/www.europesays.com\/fr\/wp-json\/wp\/v2\/tags?post=448319"}],"curies":[{"name":"wp","href":"https:\/\/api.w.org\/{rel}","templated":true}]}}