{"id":448350,"date":"2025-10-08T20:49:13","date_gmt":"2025-10-08T20:49:13","guid":{"rendered":"https:\/\/www.europesays.com\/fr\/448350\/"},"modified":"2025-10-08T20:49:13","modified_gmt":"2025-10-08T20:49:13","slug":"la-justice-recherche-ses-victimes","status":"publish","type":"post","link":"https:\/\/www.europesays.com\/fr\/448350\/","title":{"rendered":"la justice recherche ses victimes"},"content":{"rendered":"<p>            Par<br \/>\n        <strong><br \/>\n            <a href=\"https:\/\/actu.fr\/auteur\/hervine-mahaud\" title=\"Consulter tous les articles de Hervine Mahaud\" target=\"_blank\" rel=\"noopener\">Hervine Mahaud<\/a><br \/>\n        <\/strong><\/p>\n<p>        Publi\u00e9 le<\/p>\n<p>            8 oct. 2025 \u00e0 16h50        <\/p>\n<p>Combien de femmes ont eu recours aux services de cette<b> fausse m\u00e9decin esth\u00e9tique<\/b> ? C\u2019est ce que tente de savoir la justice. Mercredi 8 octobre 2025, le parquet de <a href=\"https:\/\/actu.fr\/lille\/\" target=\"_blank\" rel=\"noopener\">Lille<\/a> a en effet lanc\u00e9 un \u00ab\u00a0<b>appel \u00e0 victimes<\/b>\u00a0\u00bb dans le cadre d\u2019une <b>enqu\u00eate<\/b> pr\u00e9liminaire. La mise en cause, une <b>femme \u00e2g\u00e9e d\u2019une trentaine d\u2019ann\u00e9es<\/b>, a \u00e9t\u00e9 plac\u00e9e en garde \u00e0 vue le 16 juin dernier. Il lui est reproch\u00e9 d\u2019avoir inject\u00e9 \u00e0 des clientes des <b>produits r\u00e9glement\u00e9s de type botox ou acide hyaluronique<\/b>, alors que c\u2019\u00e9tait <b>ill\u00e9gal, <\/b>faute d\u2019avoir la qualit\u00e9 de m\u00e9decin.<\/p>\n<p>Elle faisait la promotion de ces injections ill\u00e9gales sur Instagram et Snapchat<\/p>\n<p class=\" wall-content\">L\u2019enqu\u00eate pr\u00e9liminaire est conduite sous l\u2019autorit\u00e9 de la section \u00e9conomique, financi\u00e8re et environnementale du parquet de Lille, et a \u00e9t\u00e9 confi\u00e9e \u00e0 la section de recherches de la gendarmerie de Lille.<\/p>\n<p class=\" wall-content\">L\u2019enqu\u00eate porte sur \u00ab\u00a0des faits d\u2019exercice ill\u00e9gal de la m\u00e9decine, mise en danger d\u2019autrui, escroquerie, violences volontaires et blanchiment\u00a0\u00bb, pr\u00e9cise le parquet de Lille.<\/p>\n<p class=\" wall-content\">\u00ab\u00a0Les investigations ont permis d\u2019\u00e9tablir que la mise en cause, n\u2019ayant pas la qualit\u00e9 de m\u00e9decin, r\u00e9alisait depuis 2021 des injections ill\u00e9gales de produits r\u00e9glement\u00e9s (botox, acide hyaluronique, etc.) dont elle faisait la promotion notamment via les r\u00e9seaux sociaux \u2018Instagram\u2019 et \u2018Snapchat\u2019, sous le pseudonyme \u2018ladybeauty59\u2019.\u00a0\u00bb<\/p>\n<p class=\" wall-content\">Ces op\u00e9rations, \u00e0 vocation esth\u00e9tique mais dangereuses pour la sant\u00e9, se d\u00e9roulaient dans un local portant l\u2019enseigne \u00ab\u00a0Lady Nail\u2019s\u00a0\u00bb pr\u00eat\u00e9 \u00e0 la mise en cause et situ\u00e9 \u00e0 Lys-lez-Lannoy.<\/p>\n<p class=\" wall-content\">La mise en cause effectuait aussi des \u00ab\u00a0d\u00e9placements dans la r\u00e9gion ou au-del\u00e0\u00a0\u00bb pour faire des injections.<\/p>\n<p>Votre r\u00e9gion, votre actu !<\/p>\n<p>Recevez chaque jour les infos qui comptent pour vous.<\/p>\n<p>\t<a href=\"https:\/\/actu.fr\/newsletter\" class=\"ac-btn ac-btn--corner ac-btn--medium ac-btn--blue800\" target=\"_blank\" rel=\"noopener\">S&rsquo;incrire<\/a><\/p>\n<p class=\" wall-content\">\u00ab\u00a0Les activit\u00e9s litigieuses ont cess\u00e9 depuis le placement de la mise en cause en garde \u00e0 vue. La perquisition, r\u00e9alis\u00e9e dans les locaux de l\u2019institut o\u00f9 l\u2019int\u00e9ress\u00e9e recevait ses clients et \u00e0 son domicile, a permis la saisie de mat\u00e9riel m\u00e9dical, de produits r\u00e9glement\u00e9s et d\u2019argent liquide\u00a0\u00bb, d\u00e9taille le parquet lillois.<\/p>\n<p>Des victimes recherch\u00e9es dans le cadre de l\u2019enqu\u00eate<\/p>\n<p class=\" wall-content\">Dans cette affaire, plusieurs victimes sont d\u2019ores et d\u00e9j\u00e0 en cours d\u2019identification. Mais le parquet de Lille souhaite aller plus loin et cherche \u00e0 identifier d\u2019autres personnes ayant eu recours aux services de \u00ab\u00a0ladybeauty59\u00a0\u00bb pour ce type d\u2019injections.<\/p>\n<p class=\" wall-content\">Les personnes concern\u00e9es sont invit\u00e9es \u00e0 contacter directement le service d\u2019enqu\u00eate sur une adresse d\u00e9di\u00e9e : <a href=\"https:\/\/actu.fr\/cdn-cgi\/l\/email-protection\" class=\"__cf_email__\" data-cfemail=\"c4a8a5a0bda6a1a5b1b0bdf1fd84a3a1aaa0a5b6a9a1b6ada1eaadaab0a1b6ada1b1b6eaa3abb1b2eaa2b6\" target=\"_blank\" rel=\"noopener\">[email\u00a0protected]<\/a>.<\/p>\n<p class=\" wall-content\">Personnalisez votre actualit\u00e9 en ajoutant vos villes et m\u00e9dias en favori avec <a href=\"https:\/\/moncompte.actu.fr\" title=\"D\u00e9couvez Mon Actu\" rel=\"nofollow noopener\" data-trk=\"{&quot;cta&quot;:{&quot;action&quot;:&quot;https:\\\/\\\/moncompte.actu.fr&quot;,&quot;category&quot;:&quot;mon compte&quot;,&quot;from&quot;:&quot;article footer&quot;,&quot;name&quot;:&quot;Mon actu&quot;,&quot;type&quot;:&quot;cta&quot;}}\" target=\"_blank\">Mon Actu<\/a>.<\/p>\n","protected":false},"excerpt":{"rendered":"Par Hervine Mahaud Publi\u00e9 le 8 oct. 2025 \u00e0 16h50 Combien de femmes ont eu recours aux services&hellip;\n","protected":false},"author":2,"featured_media":448351,"comment_status":"","ping_status":"","sticky":false,"template":"","format":"standard","meta":{"footnotes":""},"categories":[2815],"tags":[1111,11,3513,1777,674,118,1011,27,811,303,1307,2673,12,25],"class_list":{"0":"post-448350","1":"post","2":"type-post","3":"status-publish","4":"format-standard","5":"has-post-thumbnail","7":"category-lille","8":"tag-actu","9":"tag-actualites","10":"tag-escroquerie","11":"tag-eu","12":"tag-europe","13":"tag-faits-divers","14":"tag-fr","15":"tag-france","16":"tag-hauts-de-france","17":"tag-justice","18":"tag-lille","19":"tag-medecins","20":"tag-news","21":"tag-republique-francaise"},"share_on_mastodon":{"url":"https:\/\/pubeurope.com\/@fr\/115340519920300275","error":""},"_links":{"self":[{"href":"https:\/\/www.europesays.com\/fr\/wp-json\/wp\/v2\/posts\/448350","targetHints":{"allow":["GET"]}}],"collection":[{"href":"https:\/\/www.europesays.com\/fr\/wp-json\/wp\/v2\/posts"}],"about":[{"href":"https:\/\/www.europesays.com\/fr\/wp-json\/wp\/v2\/types\/post"}],"author":[{"embeddable":true,"href":"https:\/\/www.europesays.com\/fr\/wp-json\/wp\/v2\/users\/2"}],"replies":[{"embeddable":true,"href":"https:\/\/www.europesays.com\/fr\/wp-json\/wp\/v2\/comments?post=448350"}],"version-history":[{"count":0,"href":"https:\/\/www.europesays.com\/fr\/wp-json\/wp\/v2\/posts\/448350\/revisions"}],"wp:featuredmedia":[{"embeddable":true,"href":"https:\/\/www.europesays.com\/fr\/wp-json\/wp\/v2\/media\/448351"}],"wp:attachment":[{"href":"https:\/\/www.europesays.com\/fr\/wp-json\/wp\/v2\/media?parent=448350"}],"wp:term":[{"taxonomy":"category","embeddable":true,"href":"https:\/\/www.europesays.com\/fr\/wp-json\/wp\/v2\/categories?post=448350"},{"taxonomy":"post_tag","embeddable":true,"href":"https:\/\/www.europesays.com\/fr\/wp-json\/wp\/v2\/tags?post=448350"}],"curies":[{"name":"wp","href":"https:\/\/api.w.org\/{rel}","templated":true}]}}