{"id":448354,"date":"2025-10-08T20:51:13","date_gmt":"2025-10-08T20:51:13","guid":{"rendered":"https:\/\/www.europesays.com\/fr\/448354\/"},"modified":"2025-10-08T20:51:13","modified_gmt":"2025-10-08T20:51:13","slug":"de-18-mois-a-3-ans-avec-sursis-pour-trafic-de-pregabaline-la-drogue-du-pauvre-entre-la-grece-et-marseille","status":"publish","type":"post","link":"https:\/\/www.europesays.com\/fr\/448354\/","title":{"rendered":"De 18 mois \u00e0 3 ans avec sursis pour trafic de pr\u00e9gabaline, la \u00ab\u00a0drogue du pauvre\u00a0\u00bb entre la Gr\u00e8ce et Marseille"},"content":{"rendered":"<p>Le tribunal correctionnel de Marseille a condamn\u00e9 ce mercredi 8\u00a0octobre six personnes <a href=\"https:\/\/www.20minutes.fr\/faits_divers\/faits-divers-marseille\/4087850-20240423-marseille-reseau-trafic-pregabaline-drogue-pauvre-demantele\" class=\"c-link c-link--is-underlined\" target=\"_blank\" rel=\"noopener\">pour un trafic de pr\u00e9gabaline entre la Gr\u00e8ce et la France<\/a>. Les peines, toutes assorties de sursis, vont de 18 mois \u00e0 trois ans de prison. Quatre pr\u00e9venus \u00e9taient d\u00e9tenus provisoirement\u00a0: trois sortiront imm\u00e9diatement, leur d\u00e9tention couvrant la peine, tandis que deux des condamn\u00e9s se voient interdire le territoire fran\u00e7ais pendant cinq ans.<\/p>\n<p>Selon le dossier, ce \u00ab\u00a0r\u00e9seau international\u00a0\u00bb a aliment\u00e9 la m\u00e9tropole entre octobre\u00a02022 et avril\u00a02024 via des mules en avion et des colis postaux (dont DHL). Au total, plus de 300.000 g\u00e9lules, valoris\u00e9es \u00e0 plus de 600.000 euros, auraient transit\u00e9 entre la Gr\u00e8ce et Marseille.<\/p>\n<\/p>\n<p>La \u00ab\u00a0drogue du pauvre\u00a0\u00bb<\/p>\n<p>L\u2019affaire a pris corps \u00e0 l\u2019automne\u00a02023 lorsqu\u2019un contr\u00f4le douanier \u00e0 l\u2019a\u00e9roport de Marignane (Marseille) avait permis de d\u00e9couvrir plus de 10.000 g\u00e9lules dans les bagages d\u2019une assistante radiologue arriv\u00e9e d\u2019Ath\u00e8nes. L\u2019enqu\u00eate a \u00e9tabli qu\u2019elle avait effectu\u00e9 pr\u00e8s d\u2019une vingtaine d\u2019allers-retours tandis que d\u2019autres lots partaient par la poste ou DHL.<\/p>\n<p>La pr\u00e9gabaline, un <a href=\"https:\/\/www.20minutes.fr\/sante\/4061604-20231114-pregabaline-drogue-pauvre-saisie-masse-douanes-francaises\" class=\"c-link c-link--is-underlined\" target=\"_blank\" rel=\"noopener\">anti\u00e9pileptique \u00e9galement prescrit contre l\u2019anxi\u00e9t\u00e9<\/a>, est de plus en plus d\u00e9tourn\u00e9e pour ses effets psychoactifs, au point d\u2019\u00eatre surnomm\u00e9e la \u00ab\u00a0drogue du pauvre\u00a0\u00bb. Face \u00e0 la hausse des addictions et du m\u00e9susage, l\u2019Agence Nationale de S\u00e9curit\u00e9 du M\u00e9dicament (ANSM) a <a href=\"https:\/\/www.20minutes.fr\/sante\/4159462-20250619-stupefiants-antiepileptique-pregabaline-nouvelle-drogue-pauvre-sous-surveillance\" class=\"c-link c-link--is-underlined\" target=\"_blank\" rel=\"noopener\">durci en\u00a02021 les r\u00e8gles de prescription<\/a>. Les autorit\u00e9s de sant\u00e9 alertent sur un public majoritairement masculin, jeune et pr\u00e9caire, parfois en d\u00e9tention ou en centre de r\u00e9tention.<\/p>\n<p><a href=\"https:\/\/www.20minutes.fr\/dossier\/trafic_de_drogue\" class=\"c-link c-btn c-btn--primary\" target=\"_blank\" rel=\"noopener\">Plus d&rsquo;articles sur le trafic de drogue<\/a>\u00ab\u00a0Des petites mains\u00a0\u00bb prises dans un syst\u00e8me bien plus large<\/p>\n<p>\u00c0 l\u2019audience, les avocats ont d\u00e9crit des trajectoires de survie\u00a0: petits boulots, loyers impay\u00e9s, consommation devenue d\u00e9pendance, puis revente sur march\u00e9s ou caf\u00e9s. \u00ab\u00a0Ce sont des gens qui sont dans la pr\u00e9carit\u00e9\u00a0\u00bb, a plaid\u00e9 Me Bruce Blanc, \u00ab\u00a0des petites mains\u00a0\u00bb prises dans \u00ab\u00a0quelque chose de beaucoup plus important et de beaucoup plus international\u00a0\u00bb. Apr\u00e8s le d\u00e9lib\u00e9r\u00e9, Me Maximilien Neymon a salu\u00e9 une \u00ab\u00a0justice humaine\u00a0\u00bb ayant \u00ab\u00a0pris le temps d\u2019\u00e9couter les d\u00e9fenses\u00a0\u00bb.<\/p>\n<p>Sur les six pr\u00e9venus, l\u2019un a \u00e9t\u00e9 jug\u00e9 en son absence (en fuite) et la passeuse grecque demeure sous contr\u00f4le judiciaire en Gr\u00e8ce. Si le volet marseillais se referme, l\u2019affaire illustre la mont\u00e9e des trafics de m\u00e9dicaments d\u00e9tourn\u00e9s\u2026 et les fragilit\u00e9s sociales sur lesquelles ils prosp\u00e8rent.<\/p>\n","protected":false},"excerpt":{"rendered":"Le tribunal correctionnel de Marseille a condamn\u00e9 ce mercredi 8\u00a0octobre six personnes pour un trafic de pr\u00e9gabaline entre&hellip;\n","protected":false},"author":2,"featured_media":448355,"comment_status":"","ping_status":"","sticky":false,"template":"","format":"standard","meta":{"footnotes":""},"categories":[2814],"tags":[1111,47,11,663,16910,885,1052,1777,674,1011,27,8906,303,7067,884,12,883,882,25,887],"class_list":{"0":"post-448354","1":"post","2":"type-post","3":"status-publish","4":"format-standard","5":"has-post-thumbnail","7":"category-marseille","8":"tag-actu","9":"tag-actualite","10":"tag-actualites","11":"tag-aeroport","12":"tag-athenes","13":"tag-bouches-du-rhone","14":"tag-drogue","15":"tag-eu","16":"tag-europe","17":"tag-fr","18":"tag-france","19":"tag-grece","20":"tag-justice","21":"tag-marignane","22":"tag-marseille","23":"tag-news","24":"tag-paca","25":"tag-provence-alpes-cote-dazur","26":"tag-republique-francaise","27":"tag-trafic-de-drogue"},"share_on_mastodon":{"url":"https:\/\/pubeurope.com\/@fr\/115340527799423195","error":""},"_links":{"self":[{"href":"https:\/\/www.europesays.com\/fr\/wp-json\/wp\/v2\/posts\/448354","targetHints":{"allow":["GET"]}}],"collection":[{"href":"https:\/\/www.europesays.com\/fr\/wp-json\/wp\/v2\/posts"}],"about":[{"href":"https:\/\/www.europesays.com\/fr\/wp-json\/wp\/v2\/types\/post"}],"author":[{"embeddable":true,"href":"https:\/\/www.europesays.com\/fr\/wp-json\/wp\/v2\/users\/2"}],"replies":[{"embeddable":true,"href":"https:\/\/www.europesays.com\/fr\/wp-json\/wp\/v2\/comments?post=448354"}],"version-history":[{"count":0,"href":"https:\/\/www.europesays.com\/fr\/wp-json\/wp\/v2\/posts\/448354\/revisions"}],"wp:featuredmedia":[{"embeddable":true,"href":"https:\/\/www.europesays.com\/fr\/wp-json\/wp\/v2\/media\/448355"}],"wp:attachment":[{"href":"https:\/\/www.europesays.com\/fr\/wp-json\/wp\/v2\/media?parent=448354"}],"wp:term":[{"taxonomy":"category","embeddable":true,"href":"https:\/\/www.europesays.com\/fr\/wp-json\/wp\/v2\/categories?post=448354"},{"taxonomy":"post_tag","embeddable":true,"href":"https:\/\/www.europesays.com\/fr\/wp-json\/wp\/v2\/tags?post=448354"}],"curies":[{"name":"wp","href":"https:\/\/api.w.org\/{rel}","templated":true}]}}