{"id":448356,"date":"2025-10-08T20:52:17","date_gmt":"2025-10-08T20:52:17","guid":{"rendered":"https:\/\/www.europesays.com\/fr\/448356\/"},"modified":"2025-10-08T20:52:17","modified_gmt":"2025-10-08T20:52:17","slug":"un-lyonnais-bientot-juge-pour-viols-et-soumission-chimique-sur-sa-compagne","status":"publish","type":"post","link":"https:\/\/www.europesays.com\/fr\/448356\/","title":{"rendered":"un Lyonnais bient\u00f4t jug\u00e9 pour viols et soumission chimique sur sa compagne"},"content":{"rendered":"<p>Dans combien de dossiers judiciaires le nom de Dominique Pelicot va-t-il ressurgir\u00a0? Outre l\u2019affaire des viols de Mazan, organis\u00e9s et commis sur son \u00e9pouse <a href=\"https:\/\/www.leprogres.fr\/p\/gisele-pelicot\" target=\"_blank\" rel=\"noopener\">Gis\u00e8le Pelicot<\/a>, drogu\u00e9e \u00e0 son insu, entre\u00a02011 et\u00a02020, pour laquelle il a \u00e9t\u00e9 condamn\u00e9 en d\u00e9cembre\u00a02024 \u00e0 20 ans de r\u00e9clusion, l\u2019homme, aujourd\u2019hui \u00e2g\u00e9 de 72 ans, a admis \u00eatre l\u2019auteur d\u2019une agression sur Estella B., agente immobili\u00e8re de 19 ans en 1999 \u00e0 Villeparisis. Il est aussi mis en examen pour le meurtre de Sophie Narme, 23 ans, assassin\u00e9e en 1991 \u00e0 Paris \u2014 meurtre dont Le Gr\u00eal\u00e9 avait \u00e9t\u00e9 le principal suspect pendant de longues ann\u00e9es.<\/p>\n<p>Alors que le proc\u00e8s du seul <a href=\"https:\/\/www.leprogres.fr\/faits-divers-justice\/2025\/10\/06\/viols-de-mazan-ce-qu-il-faut-savoir-du-proces-en-appel-du-dernier-accuse-qui-s-ouvre-ce-lundi\" target=\"_blank\" rel=\"noopener\">des 51 condamn\u00e9s du proc\u00e8s des viols de Mazan \u00e0 avoir fait appel s\u2019est ouvert ce lundi<\/a> , Le Progr\u00e8s r\u00e9v\u00e8le que Dominique Pelicot a \u00e9galement \u00e9t\u00e9 entendu comme t\u00e9moin dans un autre dossier, instruit depuis 2023 \u00e0 Lyon dans le plus grand secret, et d\u00e9sormais renvoy\u00e9 devant la cour criminelle du Rh\u00f4ne.<\/p>\n<p>Des conversations exhum\u00e9es<\/p>\n<p>L\u2019instruction est en effet termin\u00e9e, et&#8230;<\/p>\n","protected":false},"excerpt":{"rendered":"Dans combien de dossiers judiciaires le nom de Dominique Pelicot va-t-il ressurgir\u00a0? Outre l\u2019affaire des viols de Mazan,&hellip;\n","protected":false},"author":2,"featured_media":448357,"comment_status":"","ping_status":"","sticky":false,"template":"","format":"standard","meta":{"footnotes":""},"categories":[1889],"tags":[1111,11,2430,271,272,2757,1067,1777,674,274,107,1011,27,2428,2756,12,25,2429,273],"class_list":{"0":"post-448356","1":"post","2":"type-post","3":"status-publish","4":"format-standard","5":"has-post-thumbnail","7":"category-lyon","8":"tag-actu","9":"tag-actualites","10":"tag-auvergne-rhone-alpes","11":"tag-crime","12":"tag-delit-et-contravention","13":"tag-edition-lyon-villeurbanne","14":"tag-enquete","15":"tag-eu","16":"tag-europe","17":"tag-faits-divers-justice","18":"tag-fil-info","19":"tag-fr","20":"tag-france","21":"tag-lyon","22":"tag-lyon-bassin","23":"tag-news","24":"tag-republique-francaise","25":"tag-rhone","26":"tag-selection-de-la-redaction"},"share_on_mastodon":{"url":"https:\/\/pubeurope.com\/@fr\/115340531740668787","error":""},"_links":{"self":[{"href":"https:\/\/www.europesays.com\/fr\/wp-json\/wp\/v2\/posts\/448356","targetHints":{"allow":["GET"]}}],"collection":[{"href":"https:\/\/www.europesays.com\/fr\/wp-json\/wp\/v2\/posts"}],"about":[{"href":"https:\/\/www.europesays.com\/fr\/wp-json\/wp\/v2\/types\/post"}],"author":[{"embeddable":true,"href":"https:\/\/www.europesays.com\/fr\/wp-json\/wp\/v2\/users\/2"}],"replies":[{"embeddable":true,"href":"https:\/\/www.europesays.com\/fr\/wp-json\/wp\/v2\/comments?post=448356"}],"version-history":[{"count":0,"href":"https:\/\/www.europesays.com\/fr\/wp-json\/wp\/v2\/posts\/448356\/revisions"}],"wp:featuredmedia":[{"embeddable":true,"href":"https:\/\/www.europesays.com\/fr\/wp-json\/wp\/v2\/media\/448357"}],"wp:attachment":[{"href":"https:\/\/www.europesays.com\/fr\/wp-json\/wp\/v2\/media?parent=448356"}],"wp:term":[{"taxonomy":"category","embeddable":true,"href":"https:\/\/www.europesays.com\/fr\/wp-json\/wp\/v2\/categories?post=448356"},{"taxonomy":"post_tag","embeddable":true,"href":"https:\/\/www.europesays.com\/fr\/wp-json\/wp\/v2\/tags?post=448356"}],"curies":[{"name":"wp","href":"https:\/\/api.w.org\/{rel}","templated":true}]}}