{"id":448370,"date":"2025-10-08T21:00:16","date_gmt":"2025-10-08T21:00:16","guid":{"rendered":"https:\/\/www.europesays.com\/fr\/448370\/"},"modified":"2025-10-08T21:00:16","modified_gmt":"2025-10-08T21:00:16","slug":"russie-israel-palestine-trumpisme-protegeons-lhistoire-car-rien-nest-jamais-acquis-par-benjamin-stora-liberation","status":"publish","type":"post","link":"https:\/\/www.europesays.com\/fr\/448370\/","title":{"rendered":"Russie, Isra\u00ebl-Palestine, trumpisme\u2026 Prot\u00e9geons l\u2019histoire car rien n\u2019est jamais acquis, par Benjamin Stora \u2013 Lib\u00e9ration"},"content":{"rendered":"<p class=\"sc-cPiKLX AiZTS text-element\"><b>A l\u2019occasion des Rendez-vous de l\u2019histoire, qui se tiennent \u00e0 Blois du 8 au 12 octobre 2025, les journalistes de <\/b><b>Lib\u00e9ration <\/b><b>invitent une trentaine d\u2019historiens pour porter un autre regard sur l\u2019actualit\u00e9. Retrouvez ce num\u00e9ro sp\u00e9cial en kiosque jeudi 9 octobre et <\/b><a href=\"https:\/\/www.liberation.fr\/dossier\/libe-des-historiens\/\" target=\"_blank\" rel=\"nofollow noopener\"><b>tous les articles de cette \u00e9dition dans ce dossier.<\/b><\/a> <\/p>\n<p class=\"sc-cPiKLX AiZTS text-element\">La guerre s\u2019est install\u00e9e au c\u0153ur de l\u2019Europe avec son cort\u00e8ge de morts, de d\u00e9solations des populations civiles, des destructions de villes. Longtemps absente depuis 1945, elle a fait son retour progressivement sur le sol europ\u00e9en avec <a href=\"https:\/\/www.liberation.fr\/international\/genocide-de-srebrenica-en-bosnie-le-temps-de-la-justice-prendra-encore-quelques-decennies-20250707_HO6QEDN4BJDEZMMWHQMKHCOLJE\/\" target=\"_blank\" rel=\"nofollow noopener\" title=\"https:\/\/www.liberation.fr\/international\/genocide-de-srebrenica-en-bosnie-le-temps-de-la-justice-prendra-encore-quelques-decennies-20250707_HO6QEDN4BJDEZMMWHQMKHCOLJE\/\">la Yougoslavie<\/a> (1991-1995), <a href=\"https:\/\/www.liberation.fr\/international\/europe\/vingt-cinq-ans-apres-la-serbie-toujours-hantee-par-les-bombardements-de-lotan-20240324_CWMHLQ6DHRABLGPMKID4UCERRQ\/\" target=\"_blank\" rel=\"nofollow noopener\" title=\"https:\/\/www.liberation.fr\/international\/europe\/vingt-cinq-ans-apres-la-serbie-toujours-hantee-par-les-bombardements-de-lotan-20240324_CWMHLQ6DHRABLGPMKID4UCERRQ\/\">le Kosovo (1998-1999),<\/a> puis, au XXIe si\u00e8cle avec les agressions russes <a href=\"https:\/\/www.liberation.fr\/planete\/2017\/03\/17\/en-crimee-des-lendemains-qui-dechantent_1556576\/\" target=\"_blank\" rel=\"nofollow noopener\" title=\"https:\/\/www.liberation.fr\/planete\/2017\/03\/17\/en-crimee-des-lendemains-qui-dechantent_1556576\/\">contre la Crim\u00e9e en 2014<\/a> et <a href=\"https:\/\/www.liberation.fr\/international\/guerre-en-ukraine-en-2026-la-situation-peut-evoluer-de-maniere-imprevisible-20250912_ODH7ELQCRBE4TKSKBFXKUDJK2Q\/\" target=\"_blank\" rel=\"nofollow noopener\" title=\"https:\/\/www.liberation.fr\/international\/guerre-en-ukraine-en-2026-la-situation-peut-evoluer-de-maniere-imprevisible-20250912_ODH7ELQCRBE4TKSKBFXKUDJK2Q\/\">l\u2019Ukraine <\/a>en 2022. <\/p>\n<p class=\"sc-cPiKLX AiZTS text-element\">La guerre s\u2019est aussi intensifi\u00e9e en Isra\u00ebl et en Palestine avec<a href=\"https:\/\/www.liberation.fr\/international\/moyen-orient\/en-israel-dans-les-kibboutz-attaques-le-7-octobre-cest-un-traumatisme-continu-depuis-deux-ans-20251006_2CLNDJH6BFHR3DHUZ5NAWQXCBQ\/\" target=\"_blank\" rel=\"nofollow noopener\" title=\"https:\/\/www.liberation.fr\/international\/moyen-orient\/en-israel-dans-les-kibboutz-attaques-le-7-octobre-cest-un-traumatisme-continu-depuis-deux-ans-20251006_2CLNDJH6BFHR3DHUZ5NAWQXCBQ\/\"> les assassinats d\u2019Isra\u00e9liens<\/a> le 7 octobre 2023 par le Hamas, et les massacres, les <a href=\"https:\/\/www.liberation.fr\/international\/moyen-orient\/le-transfert-force-de-population-a-gaza-un-crime-de-guerre-et-un-crime-contre-lhumanite-en-puissance-20250206_7BS6NZJ36VGFFHO43Z3YVNNIPU\/\" target=\"_blank\" rel=\"nofollow noopener\" title=\"https:\/\/www.liberation.fr\/international\/moyen-orient\/le-transfert-force-de-population-a-gaza-un-crime-de-guerre-et-un-crime-contre-lhumanite-en-puissance-20250206_7BS6NZJ36VGFFHO43Z3YVNNIPU\/\">d\u00e9placements forc\u00e9s de populations palestiniennes<\/a> \u00e0 Gaza qui ne cessent pas ; les destructions enti\u00e8res de villes et de villages. <\/p>\n<p class=\"sc-cPiKLX AiZTS text-element\">Les guerres alimentent les haines, en d\u00e9truisant les acquis de la connaissance scientifique, historique. Dans ces deux moments si cruels, l\u2019histoire a \u00e9t\u00e9 convoqu\u00e9e pour justifier l\u2019entreprise guerri\u00e8re : la Russie affirme l\u2019appartenance de la Crim\u00e9e et de l\u2019Ukraine \u00e0 son aire culturelle, et surtout \u00e0 son histoire longue. Et certains dirigeants isra\u00e9liens font valoir leurs revendications territoriales par r\u00e9f\u00e9rence \u00e0 l\u2019ant\u00e9riorit\u00e9 religieuse n\u00e9e de l\u2019inscription biblique, ce que contestent les Palestiniens, qui invoquent leur pr\u00e9sence ancestrale sur cette terre.<\/p>\n<p class=\"sc-cPiKLX AiZTS text-element\">Ces deux guerres, nourries par des discours nationalistes radicaux, viennent assombrir notre soci\u00e9t\u00e9 fran\u00e7aise d\u00e9j\u00e0 bien fractur\u00e9e. Elles exacerbent les tensions entre communaut\u00e9s, principalement juive et musulmane ; elles d\u00e9voilent les d\u00e9sirs de recherches d\u2019un bouc \u00e9missaire, qui est bien souvent d\u00e9sign\u00e9 comme \u00abl\u2019\u00e9tranger\u00bb ; elles d\u00e9truisent les passerelles possibles entre les cultures et des mondes diff\u00e9rents ; elles entendent disqualifier, minimiser toutes les avanc\u00e9es r\u00e9alis\u00e9es sur la reconnaissance de crimes contre l\u2019humanit\u00e9, comme la Shoah, ou l\u2019esclavage.  <\/p>\n<p class=\"sc-cPiKLX AiZTS text-element\">La crise institutionnelle fran\u00e7aise, profonde, risque d\u2019aggraver encore davantage cette situation. Bien s\u00fbr, on peut estimer qu\u2019il ne faut pas c\u00e9der \u00e0 une sorte de panique morale, car le sentiment d\u00e9mocratique est d\u00e9sormais bien ancr\u00e9 dans la soci\u00e9t\u00e9 fran\u00e7aise ; et que les id\u00e9es visant \u00e0 une remise en cause de la R\u00e9publique, restent encore bien minoritaire. Mais rien n\u2019est jamais acquis comme le montre l\u2019\u00e9lection r\u00e9cente de <a href=\"https:\/\/www.liberation.fr\/idees-et-debats\/kim-lane-scheppele-professeure-a-princeton-il-est-clair-que-donald-trump-a-lambition-de-creer-une-dictature-20250618_HFMU7PHXYBF3VCRLP2FMTATIJQ\/\" target=\"_blank\" rel=\"nofollow noopener\" title=\"https:\/\/www.liberation.fr\/idees-et-debats\/kim-lane-scheppele-professeure-a-princeton-il-est-clair-que-donald-trump-a-lambition-de-creer-une-dictature-20250618_HFMU7PHXYBF3VCRLP2FMTATIJQ\/\">Donald Trump aux Etats-Unis.<\/a> Avec la prise de distance rapide des citoyens \u00e0 l\u2019\u00e9gard de la classe politique dans son ensemble, un basculement rapide vers le besoin d\u2019un Etat autoritaire s\u2019accompagne de possibles attaques contre les droits sociaux, les droits des femmes et des minorit\u00e9s. Dans ces attaques, la pr\u00e9servation des savoirs scientifiques et des connaissances historiques est fondamentale contre l\u2019obscurantisme qui, h\u00e9las, progresse. <\/p>\n<p class=\"sc-cPiKLX AiZTS text-element\">Il faut donc le dire, encore et toujours : il faut prot\u00e9ger les acquis de la connaissance sur des sujets comme la colonisation, l\u2019immigration, ou l\u2019esclavage, faire de l\u2019histoire, pour ne pas faire la guerre. Pour \u00e9viter que l\u2019histoire soit appel\u00e9e \u00e0 justifier la destruction et la n\u00e9gation de l\u2019autre. Et il faut, plus que jamais, lire ou relire, Apologie pour l\u2019histoire et le m\u00e9tier d\u2019historien, de Marc Bloch, qui fera <a href=\"https:\/\/www.liberation.fr\/idees-et-debats\/patrick-boucheron-lentree-au-pantheon-dun-historien-comme-marc-bloch-parle-davenir-20241124_HQMKVBAPQBHUJEAGZQWMISKOQM\/\" target=\"_blank\" rel=\"nofollow noopener\" title=\"https:\/\/www.liberation.fr\/idees-et-debats\/patrick-boucheron-lentree-au-pantheon-dun-historien-comme-marc-bloch-parle-davenir-20241124_HQMKVBAPQBHUJEAGZQWMISKOQM\/\">son entr\u00e9e au Panth\u00e9on<\/a> le 16 juin 2026. <\/p>\n","protected":false},"excerpt":{"rendered":"A l\u2019occasion des Rendez-vous de l\u2019histoire, qui se tiennent \u00e0 Blois du 8 au 12 octobre 2025, les&hellip;\n","protected":false},"author":2,"featured_media":448371,"comment_status":"","ping_status":"","sticky":false,"template":"","format":"standard","meta":{"footnotes":""},"categories":[1591],"tags":[11,7756,1887,57283,12,1885,1886,132],"class_list":{"0":"post-448370","1":"post","2":"type-post","3":"status-publish","4":"format-standard","5":"has-post-thumbnail","7":"category-russie","8":"tag-actualites","9":"tag-democratie","10":"tag-federation-de-russie","11":"tag-libe-des-historiens","12":"tag-news","13":"tag-russia","14":"tag-russian-federation","15":"tag-russie"},"share_on_mastodon":{"url":"https:\/\/pubeurope.com\/@fr\/115340563542538162","error":""},"_links":{"self":[{"href":"https:\/\/www.europesays.com\/fr\/wp-json\/wp\/v2\/posts\/448370","targetHints":{"allow":["GET"]}}],"collection":[{"href":"https:\/\/www.europesays.com\/fr\/wp-json\/wp\/v2\/posts"}],"about":[{"href":"https:\/\/www.europesays.com\/fr\/wp-json\/wp\/v2\/types\/post"}],"author":[{"embeddable":true,"href":"https:\/\/www.europesays.com\/fr\/wp-json\/wp\/v2\/users\/2"}],"replies":[{"embeddable":true,"href":"https:\/\/www.europesays.com\/fr\/wp-json\/wp\/v2\/comments?post=448370"}],"version-history":[{"count":0,"href":"https:\/\/www.europesays.com\/fr\/wp-json\/wp\/v2\/posts\/448370\/revisions"}],"wp:featuredmedia":[{"embeddable":true,"href":"https:\/\/www.europesays.com\/fr\/wp-json\/wp\/v2\/media\/448371"}],"wp:attachment":[{"href":"https:\/\/www.europesays.com\/fr\/wp-json\/wp\/v2\/media?parent=448370"}],"wp:term":[{"taxonomy":"category","embeddable":true,"href":"https:\/\/www.europesays.com\/fr\/wp-json\/wp\/v2\/categories?post=448370"},{"taxonomy":"post_tag","embeddable":true,"href":"https:\/\/www.europesays.com\/fr\/wp-json\/wp\/v2\/tags?post=448370"}],"curies":[{"name":"wp","href":"https:\/\/api.w.org\/{rel}","templated":true}]}}