{"id":448380,"date":"2025-10-08T21:05:09","date_gmt":"2025-10-08T21:05:09","guid":{"rendered":"https:\/\/www.europesays.com\/fr\/448380\/"},"modified":"2025-10-08T21:05:09","modified_gmt":"2025-10-08T21:05:09","slug":"la-croissance-en-europe-et-en-asie-centrale-reste-stable","status":"publish","type":"post","link":"https:\/\/www.europesays.com\/fr\/448380\/","title":{"rendered":"La croissance en Europe et en Asie centrale reste stable"},"content":{"rendered":"<p>Principaux renseignements<\/p>\n<ul class=\"wp-block-list\">\n<li><strong>La croissance en Europe et en Asie centrale (<strong>ECA<\/strong>) s\u2019est ralentie mais reste stable si l\u2019on exclut la Russie, qui contribue de mani\u00e8re significative \u00e0 la production r\u00e9gionale.<\/strong><\/li>\n<li><strong>Des r\u00e9formes politiques audacieuses sont cruciales pour les \u00e9conomies en d\u00e9veloppement de la <strong>ECA<\/strong><\/strong> <strong>afin d\u2019am\u00e9liorer la productivit\u00e9, la cr\u00e9ation d\u2019emplois et la comp\u00e9titivit\u00e9.<\/strong><\/li>\n<li><strong>Des obstacles structurels tels que des march\u00e9s sous-d\u00e9velopp\u00e9s et des syst\u00e8mes \u00e9ducatifs peu performants limitent le potentiel de la <strong>ECA<\/strong><\/strong> <strong>et n\u00e9cessitent des approches adapt\u00e9es \u00e0 chaque pays.<\/strong><\/li>\n<\/ul>\n<p>La croissance \u00e9conomique en Europe et en Asie centrale (ECA) s\u2019est ralentie malgr\u00e9 la r\u00e9sistance de la r\u00e9gion aux d\u00e9fis mondiaux et r\u00e9gionaux. La Banque mondiale pr\u00e9voit une augmentation de 2,4 pour cent du PIB r\u00e9gional cette ann\u00e9e, contre 3,7 pour cent en 2024, principalement en raison du ralentissement de la croissance dans la F\u00e9d\u00e9ration de <a href=\"https:\/\/fr.businessam.be\/poutine-rejette-les-craintes-de-recession-alors-que-leconomie-de-la-russie-ralentit\/\" target=\"_blank\" rel=\"noreferrer noopener nofollow\">Russie<\/a>. Si l\u2019on exclut la Russie, qui repr\u00e9sente environ 40 pour cent de la production de la r\u00e9gion, la croissance devrait rester stable \u00e0 environ 3,3 pour cent cette ann\u00e9e et l\u2019ann\u00e9e prochaine, selon un rapport du <a href=\"https:\/\/www.worldbank.org\/en\/news\/press-release\/2025\/10\/07\/europe-and-central-asia-investing-in-jobs-is-key-to-boosting-productivity-and-growth\" target=\"_blank\" rel=\"noreferrer noopener nofollow\">Groupe de la Banque mondiale<\/a>.<\/p>\n<p>Les r\u00e9formes politiques sont cruciales<\/p>\n<p>Antonella Bassani, vice-pr\u00e9sidente de la Banque mondiale pour l\u2019Europe et l\u2019Asie centrale, souligne la n\u00e9cessit\u00e9 de r\u00e9formes audacieuses dans les \u00e9conomies en d\u00e9veloppement de la r\u00e9gion de la ECA. Ces r\u00e9formes visent \u00e0 transformer la r\u00e9silience en une productivit\u00e9, une production et une cr\u00e9ation d\u2019emplois plus fortes, align\u00e9es sur l\u2019\u00e9volution d\u00e9mographique de la r\u00e9gion et tirant parti de ses avantages naturels. Bassani souligne l\u2019importance de renforcer le secteur priv\u00e9, d\u2019am\u00e9liorer l\u2019\u00e9ducation et d\u2019accro\u00eetre la connectivit\u00e9 aux niveaux international, r\u00e9gional et national afin d\u2019attirer davantage de capitaux priv\u00e9s.<\/p>\n<p>L\u2019accent mis par le rapport sur l\u2019emploi souligne que l\u2019investissement dans les infrastructures, l\u2019am\u00e9lioration de l\u2019environnement des entreprises et la mobilisation des capitaux priv\u00e9s sont essentiels pour stimuler la productivit\u00e9.  Les premi\u00e8res \u00e9tapes consistent \u00e0 investir dans les fondements de la cr\u00e9ation d\u2019emplois, \u00e0 savoir les infrastructures physiques et humaines. Il est \u00e9galement essentiel d\u2019am\u00e9liorer la qualit\u00e9 de l\u2019\u00e9ducation, en particulier dans l\u2019enseignement professionnel et sup\u00e9rieur.<\/p>\n<p>Potentiel inexploit\u00e9<\/p>\n<p>Un potentiel inexploit\u00e9 existe parmi les femmes et les jeunes, qui restent sous-repr\u00e9sent\u00e9s dans la population active. Bien que la ECA ait cr\u00e9\u00e9 des emplois substantiels au cours des derni\u00e8res d\u00e9cennies, en particulier dans le secteur des services (qui repr\u00e9sente aujourd\u2019hui plus de la moiti\u00e9 de tous les emplois), la plupart des opportunit\u00e9s ont \u00e9t\u00e9 offertes dans des r\u00f4les peu qualifi\u00e9s avec un potentiel de gain limit\u00e9.<\/p>\n<p>Les changements d\u00e9mographiques posent des d\u00e9fis au march\u00e9 du travail : la population en \u00e2ge de travailler devrait diminuer de 17 millions de personnes au cours des prochaines d\u00e9cennies, principalement en Europe centrale et orientale et dans les Balkans occidentaux. \u00c0 l\u2019inverse, l\u2019Asie centrale et la Turquie conna\u00eetront une croissance de leur population en \u00e2ge de travailler, ce qui exercera diff\u00e9rentes pressions sur leurs march\u00e9s du travail respectifs.<\/p>\n<p>Obstacles structurels<\/p>\n<p>Les obstacles structurels limitent le potentiel de la ECA, notamment la pr\u00e9dominance des petites entreprises qui se d\u00e9veloppent rarement, des march\u00e9s du cr\u00e9dit et du capital-risque sous-d\u00e9velopp\u00e9s, des syst\u00e8mes d\u2019\u00e9ducation et de formation peu performants, une concurrence limit\u00e9e et des entreprises d\u2019\u00c9tat qui entravent le dynamisme des entreprises et l\u2019efficacit\u00e9 du march\u00e9.<\/p>\n<p>Ivailo Izvorski, \u00e9conomiste en chef de la Banque mondiale pour l\u2019Europe et l\u2019Asie centrale, souligne l\u2019importance d\u2019approches adapt\u00e9es \u00e0 chaque pays pour tirer parti de ses atouts uniques \u2013 talents humains, infrastructures physiques, institutions et ressources naturelles.  L\u2019\u00e9largissement des possibilit\u00e9s d\u2019emploi peut profiter \u00e0 la quasi-totalit\u00e9 des travailleurs, car les diverses industries exigent des comp\u00e9tences vari\u00e9es. En se concentrant sur ces domaines, les d\u00e9cideurs politiques peuvent relever le d\u00e9fi de l\u2019emploi et g\u00e9n\u00e9rer de la croissance.<\/p>\n<p><a href=\"https:\/\/news.google.com\/publications\/CAowtseUCw?hl=fr&amp;gl=BE&amp;ceid=BE%3Afr\" target=\"_blank\" rel=\"nofollow noopener\">Suivez \u00e9galement Business AM sur Google Actualit\u00e9s<\/a><\/p>\n<p><a href=\"https:\/\/portalfr.businessam.be\/plans\/business-am-fr-offre-dete\/\" target=\"_blank\" rel=\"nofollow noopener\">Si vous souhaitez acc\u00e9der \u00e0 tous les articles, abonnez-vous ici!<\/a><\/p>\n","protected":false},"excerpt":{"rendered":"Principaux renseignements La croissance en Europe et en Asie centrale (ECA) s\u2019est ralentie mais reste stable si l\u2019on&hellip;\n","protected":false},"author":2,"featured_media":448381,"comment_status":"","ping_status":"","sticky":false,"template":"","format":"standard","meta":{"footnotes":""},"categories":[1586],"tags":[11,2762,1777,674,1011,27,12,25],"class_list":{"0":"post-448380","1":"post","2":"type-post","3":"status-publish","4":"format-standard","5":"has-post-thumbnail","7":"category-europe","8":"tag-actualites","9":"tag-asie-centrale","10":"tag-eu","11":"tag-europe","12":"tag-fr","13":"tag-france","14":"tag-news","15":"tag-republique-francaise"},"share_on_mastodon":{"url":"","error":""},"_links":{"self":[{"href":"https:\/\/www.europesays.com\/fr\/wp-json\/wp\/v2\/posts\/448380","targetHints":{"allow":["GET"]}}],"collection":[{"href":"https:\/\/www.europesays.com\/fr\/wp-json\/wp\/v2\/posts"}],"about":[{"href":"https:\/\/www.europesays.com\/fr\/wp-json\/wp\/v2\/types\/post"}],"author":[{"embeddable":true,"href":"https:\/\/www.europesays.com\/fr\/wp-json\/wp\/v2\/users\/2"}],"replies":[{"embeddable":true,"href":"https:\/\/www.europesays.com\/fr\/wp-json\/wp\/v2\/comments?post=448380"}],"version-history":[{"count":0,"href":"https:\/\/www.europesays.com\/fr\/wp-json\/wp\/v2\/posts\/448380\/revisions"}],"wp:featuredmedia":[{"embeddable":true,"href":"https:\/\/www.europesays.com\/fr\/wp-json\/wp\/v2\/media\/448381"}],"wp:attachment":[{"href":"https:\/\/www.europesays.com\/fr\/wp-json\/wp\/v2\/media?parent=448380"}],"wp:term":[{"taxonomy":"category","embeddable":true,"href":"https:\/\/www.europesays.com\/fr\/wp-json\/wp\/v2\/categories?post=448380"},{"taxonomy":"post_tag","embeddable":true,"href":"https:\/\/www.europesays.com\/fr\/wp-json\/wp\/v2\/tags?post=448380"}],"curies":[{"name":"wp","href":"https:\/\/api.w.org\/{rel}","templated":true}]}}