{"id":44839,"date":"2025-04-22T20:32:08","date_gmt":"2025-04-22T20:32:08","guid":{"rendered":"https:\/\/www.europesays.com\/fr\/44839\/"},"modified":"2025-04-22T20:32:08","modified_gmt":"2025-04-22T20:32:08","slug":"helene-perlant-la-fille-de-francois-bayrou-denonce-des-annees-de-violences-dans-letablissement-et-assure-que-son-pere-nen-savait-rien-liberation","status":"publish","type":"post","link":"https:\/\/www.europesays.com\/fr\/44839\/","title":{"rendered":"H\u00e9l\u00e8ne Perlant, la fille de Fran\u00e7ois Bayrou, d\u00e9nonce des ann\u00e9es de violences dans l\u2019\u00e9tablissement et assure que son p\u00e8re n\u2019en savait rien \u2013 Lib\u00e9ration"},"content":{"rendered":"<p class=\"sc-cPiKLX AiZTS text-element\">\u00abMon p\u00e8re, j\u2019ai peut-\u00eatre voulu le prot\u00e9ger.\u00bb Dans un entretien accord\u00e9 \u00e0 <a href=\"https:\/\/www.parismatch.com\/actu\/societe\/betharram-helene-fille-de-francois-bayrou-pourquoi-je-nai-rien-dit-a-mon-pere-250408\" target=\"_blank\" rel=\"noreferrer noopener\" title=\"https:\/\/www.parismatch.com\/actu\/societe\/betharram-helene-fille-de-francois-bayrou-pourquoi-je-nai-rien-dit-a-mon-pere-250408\">Paris Match<\/a>, H\u00e9l\u00e8ne Perlant, la fille de Fran\u00e7ois Bayrou, a pris la parole ce mardi 22 avril au sujet de sa scolarit\u00e9 \u00e0 B\u00e9tharram. Elle d\u00e9nonce des violences subies lorsqu\u2019elle \u00e9tait elle-m\u00eame \u00e9l\u00e8ve au sein de l\u2019\u00e9tablissement catholique. Et l\u2019assure \u00e0 maintes reprises : son p\u00e8re, d\u00e9sormais Premier ministre, n\u2019\u00e9tait pas au courant, quand bien m\u00eame plusieurs t\u00e9moignages accusent le politique d\u2019avoir couvert l\u2019affaire.<\/p>\n<p class=\"sc-cPiKLX AiZTS text-element\">H\u00e9l\u00e8ne Perlant s\u2019appr\u00eate \u00e0 publier, le 24 avril, un livre intitul\u00e9 le Silence de B\u00e9tharram, dans lequel elle retrace plusieurs ann\u00e9es de s\u00e9vices dont elle a \u00e9t\u00e9 t\u00e9moin \u00e0 B\u00e9tharram. Elle y relate notamment avoir \u00e9t\u00e9 elle-m\u00eame <a href=\"https:\/\/www.liberation.fr\/societe\/education\/derriere-les-murs-du-college-betharram-les-combines-des-pretres-directeurs-pour-maintenir-le-silence-20250407_WI2AP4FFIJCWBEP5NO3NQUUTAQ\/\" target=\"_blank\" rel=\"noreferrer noopener\" title=\"https:\/\/www.liberation.fr\/societe\/education\/derriere-les-murs-du-college-betharram-les-combines-des-pretres-directeurs-pour-maintenir-le-silence-20250407_WI2AP4FFIJCWBEP5NO3NQUUTAQ\/\">\u00abrou\u00e9e de coups de poing, de coups de pied sur tout le corps\u00bb<\/a> par le p\u00e8re Lartiguet, mort en 2000, alors qu\u2019elle n\u2019avait que 14 ans. Une agression la laissant \u00abpleine d\u2019ecchymoses\u00bb et avec des \u00abacouph\u00e8nes s\u00e9v\u00e8res\u00bb.<\/p>\n<p class=\"sc-cPiKLX AiZTS text-element\">A la question de savoir s\u2019il y avait d\u00e9j\u00e0 eu, par le pass\u00e9, des signaux d\u2019alerte, H\u00e9l\u00e8ne Perlant le certifie : \u00abNon.\u00bb \u00abLes victimes de coups et d\u2019agressions sexuelles n\u2019ont pas parl\u00e9\u00bb, dit-elle \u00e9galement, affirmant que \u00abchacun a v\u00e9cu son drame comme s\u2019il \u00e9tait le seul \u00e0 le subir\u00bb.<\/p>\n<p class=\"sc-cPiKLX AiZTS text-element\">Un silence qu\u2019elle explique par le fait que \u00abB\u00e9tharram \u00e9tait organis\u00e9 comme une secte ou un r\u00e9gime totalitaire exer\u00e7ant une pression psychologique sur les \u00e9l\u00e8ves et les enseignants, pour qu\u2019ils se taisent\u00bb. Et la famille ? \u00abDes \u00e9l\u00e8ves se persuadaient que chez eux on les accuserait de mentir, ou que leurs parents allaient se faire du souci\u00bb, explique-t-elle, avant d\u2019assurer encore que son p\u00e8re le premier ne savait rien.<\/p>\n<p class=\"sc-cPiKLX AiZTS text-element\">Pourtant, en avril 1996, alors que <a href=\"https:\/\/www.liberation.fr\/evenement\/1996\/05\/15\/a-l-education-bayrou-est-mis-a-rude-epreuve-il-espere-encore-sauver-ses-effectifs_171654\/\" rel=\"noopener\" target=\"_blank\">Fran\u00e7ois Bayrou \u00e9tait ministre de l\u2019Education nationale<\/a>, une plainte avait d\u00e9j\u00e0 d\u00e9nonc\u00e9 les violences physiques d\u2019un surveillant \u00e0 B\u00e9tharram sur un enfant de la classe d\u2019un de ses fils, condamn\u00e9 par la suite. Puis, en mai 1998, alors qu\u2019il \u00e9tait redevenu d\u00e9put\u00e9 des Pyr\u00e9n\u00e9es-Atlantiques et pr\u00e9sident du conseil g\u00e9n\u00e9ral, un ancien directeur de l\u2019institution avait \u00e9t\u00e9 mis en examen et \u00e9crou\u00e9 <a href=\"https:\/\/www.liberation.fr\/societe\/police-justice\/affaire-betharram-48-nouvelles-plaintes-vont-etre-deposees-pour-un-total-de-200-dossiers-20250401_V7ZYINGFXRBMRJWKCKRP2JT7FE\/\" target=\"_blank\" rel=\"noreferrer noopener\" title=\"https:\/\/www.liberation.fr\/societe\/police-justice\/affaire-betharram-48-nouvelles-plaintes-vont-etre-deposees-pour-un-total-de-200-dossiers-20250401_V7ZYINGFXRBMRJWKCKRP2JT7FE\/\">pour viol<\/a>.<\/p>\n<p class=\"sc-cPiKLX AiZTS text-element\">Des t\u00e9moignages de professeurs et parents d\u2019\u00e9l\u00e8ves prouvent \u00e9galement que le Premier ministre \u00e9tait bien au courant d\u00e8s les ann\u00e9es 90 des violences, bien qu\u2019il ait tent\u00e9 de les minimiser, selon une enqu\u00eate de <a href=\"https:\/\/www.mediapart.fr\/journal\/france\/110225\/viols-betharram-bayrou-menti-mediapart-publie-de-nouveaux-documents\" target=\"_blank\" rel=\"noreferrer noopener\" title=\"https:\/\/www.mediapart.fr\/journal\/france\/110225\/viols-betharram-bayrou-menti-mediapart-publie-de-nouveaux-documents\">Mediapart<\/a> publi\u00e9e en f\u00e9vrier. De son c\u00f4t\u00e9, Bayrou d\u00e9ment fermement avoir \u00e9t\u00e9 au courant de quoi que ce soit.<\/p>\n<p class=\"sc-cPiKLX AiZTS text-element\">Quand bien m\u00eame plusieurs t\u00e9moignages pointent l\u2019inaction de Bayrou, H\u00e9l\u00e8ne Perlant le certifie tout au long de son \u00e9change avec Paris Match : elle n\u2019avait jamais parl\u00e9 de ce qu\u2019elle avait v\u00e9cu \u00e0 son p\u00e8re. \u00abLe Canard encha\u00een\u00e9 a contact\u00e9 [le Premier ministre] il y a un mois pour r\u00e9agir, j\u2019imagine, \u00e0 la sortie du Silence de B\u00e9tharram dans lequel ils lui ont appris que j\u2019intervenais. Il m\u2019a t\u00e9l\u00e9phon\u00e9 : \u00abC\u2019est vrai ?\u00bb me demande-t-il. On en rigole et il reprend : \u00abTu dis quoi ? Tu penses quoi ? J\u2019ai un peu la trouille ! Tu me d\u00e9nonces ? \u2013 Je ne te r\u00e9ponds pas ! Tu verras !\u00bb Il ne sait pas que je suis victime et il ne sait pas que je vais t\u00e9moigner comme victime.\u00bb<\/p>\n<p class=\"sc-cPiKLX AiZTS text-element\">Elle revient \u00e9galement sur le t\u00e9moignage de R., un ancien \u00e9l\u00e8ve de B\u00e9tharram cit\u00e9 anonymement dans un article du journal local Sud-Ouest en f\u00e9vrier, qui a port\u00e9 plainte pour non-d\u00e9nonciation de crimes et d\u00e9lits contre Bayrou. \u00abLors d\u2019une \u00e9tude o\u00f9 R. \u00e9tait assis \u00e0 c\u00f4t\u00e9 de moi, un gamin a \u00e9t\u00e9 violemment frapp\u00e9 par un surveillant. R. a vu mon regard sid\u00e9r\u00e9 et il a pens\u00e9 en toute bonne foi que j\u2019allais forc\u00e9ment raconter la sc\u00e8ne \u00e0 mon p\u00e8re. Jamais !\u00bb, certifie-t-elle, d\u00e9fendant son p\u00e8re bec et ongles. Jusqu\u2019\u00e0 l\u2019exon\u00e9rer de toute responsabilit\u00e9 : \u00abJe pourrais jurer qu\u2019il n\u2019a rien pu comprendre. Sinon, ce serait Dieu ! On ne peut pas comprendre ce syst\u00e8me pervers [\u2026] Il n\u2019a pas couvert, il est juste paum\u00e9 au milieu de ce dispositif pervers.\u00bb<\/p>\n<p class=\"sc-cPiKLX AiZTS text-element\">Fran\u00e7ois Bayrou sera entendu par la <a href=\"https:\/\/www.liberation.fr\/societe\/education\/affaire-betharram-bien-sur-que-monsieur-bayrou-sera-auditionne-par-la-commission-denquete-parlementaire-annonce-sa-presidente-20250312_523GPJZH6BFORLX4PHNCPQ2GTM\/\" rel=\"noopener\" target=\"_blank\">commission d\u2019enqu\u00eate parlementaire<\/a> sur les violences et les contr\u00f4les de l\u2019Etat dans les \u00e9tablissements scolaires le 14 mai en tant qu\u2019ancien ministre de l\u2019Education nationale entre 1993-1997.<\/p>\n","protected":false},"excerpt":{"rendered":"\u00abMon p\u00e8re, j\u2019ai peut-\u00eatre voulu le prot\u00e9ger.\u00bb Dans un entretien accord\u00e9 \u00e0 Paris Match, H\u00e9l\u00e8ne Perlant, la fille&hellip;\n","protected":false},"author":2,"featured_media":44840,"comment_status":"","ping_status":"","sticky":false,"template":"","format":"standard","meta":{"footnotes":""},"categories":[2],"tags":[11,11870,1011,27,431,12],"class_list":{"0":"post-44839","1":"post","2":"type-post","3":"status-publish","4":"format-standard","5":"has-post-thumbnail","7":"category-actualites","8":"tag-actualites","9":"tag-betharram","10":"tag-fr","11":"tag-france","12":"tag-francois-bayrou","13":"tag-news"},"share_on_mastodon":{"url":"https:\/\/pubeurope.com\/@fr\/114383522596895388","error":""},"_links":{"self":[{"href":"https:\/\/www.europesays.com\/fr\/wp-json\/wp\/v2\/posts\/44839","targetHints":{"allow":["GET"]}}],"collection":[{"href":"https:\/\/www.europesays.com\/fr\/wp-json\/wp\/v2\/posts"}],"about":[{"href":"https:\/\/www.europesays.com\/fr\/wp-json\/wp\/v2\/types\/post"}],"author":[{"embeddable":true,"href":"https:\/\/www.europesays.com\/fr\/wp-json\/wp\/v2\/users\/2"}],"replies":[{"embeddable":true,"href":"https:\/\/www.europesays.com\/fr\/wp-json\/wp\/v2\/comments?post=44839"}],"version-history":[{"count":0,"href":"https:\/\/www.europesays.com\/fr\/wp-json\/wp\/v2\/posts\/44839\/revisions"}],"wp:featuredmedia":[{"embeddable":true,"href":"https:\/\/www.europesays.com\/fr\/wp-json\/wp\/v2\/media\/44840"}],"wp:attachment":[{"href":"https:\/\/www.europesays.com\/fr\/wp-json\/wp\/v2\/media?parent=44839"}],"wp:term":[{"taxonomy":"category","embeddable":true,"href":"https:\/\/www.europesays.com\/fr\/wp-json\/wp\/v2\/categories?post=44839"},{"taxonomy":"post_tag","embeddable":true,"href":"https:\/\/www.europesays.com\/fr\/wp-json\/wp\/v2\/tags?post=44839"}],"curies":[{"name":"wp","href":"https:\/\/api.w.org\/{rel}","templated":true}]}}