{"id":448405,"date":"2025-10-08T21:19:11","date_gmt":"2025-10-08T21:19:11","guid":{"rendered":"https:\/\/www.europesays.com\/fr\/448405\/"},"modified":"2025-10-08T21:19:11","modified_gmt":"2025-10-08T21:19:11","slug":"les-vacances-wahou-de-cyril","status":"publish","type":"post","link":"https:\/\/www.europesays.com\/fr\/448405\/","title":{"rendered":"les vacances Wahou de Cyril &#8230;"},"content":{"rendered":"<p>EN BREF<\/p>\n<ul class=\"bloc_resume_post_list\">\n<li>Cyril Hanouna et Raymond Aabou ont pass\u00e9 l\u00a0\u00bb\u00e9t\u00e9 dans la<br \/>\nvilla de Hanouna \u00e0 Saint-Tropez, mais avec des modes de vie tr\u00e8s<br \/>\ndiff\u00e9rents.<\/li>\n<li>Hanouna se levait t\u00f4t pour faire du sport, tandis<br \/>\nqu&rsquo;Aabou profitait de grasses matin\u00e9es et de repas<br \/>\ncopieux.<\/li>\n<li>Le retour \u00e0 Paris a \u00e9t\u00e9 difficile pour Aabou, qui semble<br \/>\nnostalgique de l&rsquo;\u00e9t\u00e9 pass\u00e9 \u00e0 Saint-Tropez.<\/li>\n<\/ul>\n<p>Que fait Cyril Hanouna pendant ses vacances \u00e0 Saint Tropez ?<br \/>\nGr\u00e2ce \u00e0 un chroniqueur, on en sait plus. Mercredi 8 octobre, toute<br \/>\nl&rsquo;\u00e9quipe \u00e9tait r\u00e9unie sur le plateau de <a href=\"https:\/\/www.telestar.fr\/actu_tv\/tout-beau-tout-n9uf-jai-fait-mon-temps-capucine-anav-sans-filtre-sur-lemission-de-cyril-hanouna-1737556\" target=\"_blank\" rel=\"noopener\"><br \/>\nTout beau tout n9uf<\/a>. Comme d&rsquo;habitude, les chroniqueurs ont<br \/>\nplaisant\u00e9 sur toutes sortes de sujets. Notamment sur <strong>les<br \/>\nvacances d&rsquo;\u00e9t\u00e9 du trublion du PAF et de son chauffeur-livreur<br \/>\npr\u00e9f\u00e9r\u00e9, Raymond Aabou.<\/strong><\/p>\n<p>Cet \u00e9t\u00e9, le pr\u00e9sentateur a invit\u00e9 son chroniqueur pr\u00e9f\u00e9r\u00e9 dans<br \/>\nsa villa.\u00a0<strong>Deux (ou trente) salles, deux ambiances pour<br \/>\nles deux amis.<\/strong> Dans l&rsquo;immense maison du pr\u00e9sentateur, ils<br \/>\nne se croisaient pas si souvent. Il faut dire qu&rsquo;ils n&rsquo;avaient pas<br \/>\n(du tout) le m\u00eame mode de vie. Et pour cause. Tandis que le papa de<br \/>\nLino et Bianca \u00e9tait sur un mode, <a href=\"https:\/\/www.telestar.fr\/actu_tv\/temme-tout-le-monde-cyril-hanouna-recadre-matthieu-delormeau-apres-un-clash-avec-raymond-aabou-1740469\" target=\"_blank\" rel=\"noopener\"><br \/>\nRaymond Aabou<\/a> \u00e9tait sur le mode oppos\u00e9.<\/p>\n<p>Matthieu Delormeau \u00e0 Cyril Hanouna : \u00ab\u00a0Cet \u00e9t\u00e9, il vivait<br \/>\nchez vous ?\u00a0\u00bb<\/p>\n<p>Au programme : sport matinal pour <a href=\"https:\/\/www.telestar.fr\/actu_tv\/on-sen-carre-le-c-cyril-hanouna-toujours-mauvais-avec-tf1-et-il-ne-changera-pas-1741001\" target=\"_blank\" rel=\"noopener\"><br \/>\nCyril Hanouna<\/a>, qui \u00ab\u00a0faisait son r\u00e9gime\u00a0\u00bb. Apparemment, son<br \/>\n(long) cong\u00e9 apr\u00e8s l&rsquo;arr\u00eat de C8 lui a donn\u00e9 envie de prendre son<br \/>\ncorps en matin. \u00ab\u00a0Moi, je me l\u00e8ve \u00e0 8h du matin, <strong>je vais<br \/>\nau sport,<\/strong> lui, il se l\u00e8ve \u00e0 10h, il est en train de manger<br \/>\nje sais pas quoi !\u00a0\u00bb a d\u00e9nonc\u00e9 le fan de paddle.<br \/>\n<strong>\u00ab\u00a0Pas 10h, 9h30 !\u00a0\u00bb<\/strong> a corrig\u00e9 Raymond<br \/>\nAabou. Avant de pr\u00e9ciser, qu&rsquo;entre temps, son patron pr\u00e9f\u00e9r\u00e9 avait<br \/>\nd\u00e9j\u00e0 eu le temps de faire pas mal d&rsquo;exercice.<\/p>\n<p>Insistant et un brin jaloux, <a href=\"https:\/\/www.telestar.fr\/actu_tv\/mon-psychiatre-a-matthieu-delormeau-devoile-une-excellente-nouvelle-sur-sa-sante-1740442\" target=\"_blank\" rel=\"noopener\"><br \/>\nMatthieu Delormeau<\/a> a cherch\u00e9 \u00e0 en savoir plus. \u00ab\u00a0Est-ce-que,<br \/>\net c&rsquo;est pas m\u00e9chant, mais est-ce-que cet \u00e9t\u00e9, il vivait chez vous<br \/>\n?\u00a0\u00bb Le principal concern\u00e9 a tout de suite r\u00e9pondu : \u00ab\u00a0Bah,<br \/>\ntu veux que je dorme \u00e0 l&rsquo;arr\u00eat de bus ?!\u00a0\u00bb \u00ab\u00a0Bien s\u00fbr que oui il<br \/>\ndormait dans ma maison ! Mais je ne l&rsquo;ai pas vu !\u00a0\u00bb a lanc\u00e9<br \/>\nCyril Hanouna. Il faut dire que sa <strong>maison offre des<br \/>\ndimensions qui laissent de quoi se perdre.<\/strong> Nich\u00e9e sur un<br \/>\nterrain de <strong>5 000 m\u00b2<\/strong>, la <a href=\"https:\/\/www.closermag.fr\/people\/cyril-hanouna-a-quoi-ressemble-sa-luxueuse-maison-a-saint-tropez-3460760\" target=\"_blank\" rel=\"noopener\"><br \/>\npropri\u00e9t\u00e9 spectaculaire<\/a> dispose de nombreuses chambres, et m\u00eame<br \/>\nd&rsquo;un petit vignoble.<\/p>\n<p>Raymond Aabou d\u00e9prim\u00e9 ? Du \u00ab\u00a0beau gosse<br \/>\nde Saint-Tropez au d\u00e9pressif de Saint Denis\u00a0\u00bb<\/p>\n<p>Apparemment, le retour \u00e0 Paris de Raymond Aabou ne se passe pas<br \/>\nsous les meilleurs auspices. Il s&rsquo;est pr\u00e9sent\u00e9 \u00e0 TBT9 avec un<br \/>\norgelet \u00e0 l&rsquo;oeil.\u00a0\u00ab\u00a0Il est pass\u00e9 du beau gosse de<br \/>\nSaint-Tropez <strong>au d\u00e9pressif de Saint Denis<\/strong>. Sans<br \/>\nd\u00e9conner, cet \u00e9t\u00e9, il \u00e9tait flamboyant, l\u00e0, il est<br \/>\nflan-bois-mort\u00a0\u00bb, a plaisant\u00e9 le trublion du PAF.<\/p>\n<p>Selon les chroniqueurs, cet \u00e9tat serait d\u00fb \u00e0 une tristesse<br \/>\nprovoqu\u00e9e par l&rsquo;abandon de son ami. \u00ab\u00a0Bah oui, il faut \u00eatre l\u00e0<br \/>\npour lui, quand m\u00eame !\u00a0\u00bb a comment\u00e9 <a href=\"https:\/\/www.telestar.fr\/actu_tv\/tbt9-adrien-laurent-drague-geraldine-maillet-et-cest-tout-sauf-subtil-1739396\" target=\"_blank\" rel=\"noopener\"><br \/>\nG\u00e9raldine Maillet<\/a>.<\/p>\n","protected":false},"excerpt":{"rendered":"EN BREF Cyril Hanouna et Raymond Aabou ont pass\u00e9 l\u00a0\u00bb\u00e9t\u00e9 dans la villa de Hanouna \u00e0 Saint-Tropez, mais&hellip;\n","protected":false},"author":2,"featured_media":448406,"comment_status":"","ping_status":"","sticky":false,"template":"","format":"standard","meta":{"footnotes":""},"categories":[1359],"tags":[548,1083,58,59,1011,27,973,43025],"class_list":{"0":"post-448405","1":"post","2":"type-post","3":"status-publish","4":"format-standard","5":"has-post-thumbnail","7":"category-people","8":"tag-article-simple","9":"tag-cyril-hanouna","10":"tag-divertissement","11":"tag-entertainment","12":"tag-fr","13":"tag-france","14":"tag-people","15":"tag-raymond-aabou"},"share_on_mastodon":{"url":"https:\/\/pubeurope.com\/@fr\/115340637925815592","error":""},"_links":{"self":[{"href":"https:\/\/www.europesays.com\/fr\/wp-json\/wp\/v2\/posts\/448405","targetHints":{"allow":["GET"]}}],"collection":[{"href":"https:\/\/www.europesays.com\/fr\/wp-json\/wp\/v2\/posts"}],"about":[{"href":"https:\/\/www.europesays.com\/fr\/wp-json\/wp\/v2\/types\/post"}],"author":[{"embeddable":true,"href":"https:\/\/www.europesays.com\/fr\/wp-json\/wp\/v2\/users\/2"}],"replies":[{"embeddable":true,"href":"https:\/\/www.europesays.com\/fr\/wp-json\/wp\/v2\/comments?post=448405"}],"version-history":[{"count":0,"href":"https:\/\/www.europesays.com\/fr\/wp-json\/wp\/v2\/posts\/448405\/revisions"}],"wp:featuredmedia":[{"embeddable":true,"href":"https:\/\/www.europesays.com\/fr\/wp-json\/wp\/v2\/media\/448406"}],"wp:attachment":[{"href":"https:\/\/www.europesays.com\/fr\/wp-json\/wp\/v2\/media?parent=448405"}],"wp:term":[{"taxonomy":"category","embeddable":true,"href":"https:\/\/www.europesays.com\/fr\/wp-json\/wp\/v2\/categories?post=448405"},{"taxonomy":"post_tag","embeddable":true,"href":"https:\/\/www.europesays.com\/fr\/wp-json\/wp\/v2\/tags?post=448405"}],"curies":[{"name":"wp","href":"https:\/\/api.w.org\/{rel}","templated":true}]}}