{"id":448411,"date":"2025-10-08T21:22:11","date_gmt":"2025-10-08T21:22:11","guid":{"rendered":"https:\/\/www.europesays.com\/fr\/448411\/"},"modified":"2025-10-08T21:22:11","modified_gmt":"2025-10-08T21:22:11","slug":"matthieu-delormeau-en-garde-a-vue-cyril-hanouna-en-fait-encore-ses-gorges-chaudes","status":"publish","type":"post","link":"https:\/\/www.europesays.com\/fr\/448411\/","title":{"rendered":"Matthieu Delormeau en garde \u00e0 vue : Cyril Hanouna en fait encore ses gorges chaudes"},"content":{"rendered":"<p>Dans l\u2019\u00e9mission <a href=\"https:\/\/www.closermag.fr\/people\/matthieu-delormeau-en-garde-a-vue-un-cachot-ses-conditions-de-detentions-a-peine-humaines-3575844\" rel=\"nofollow noopener\" target=\"_blank\"><br \/>\nTout Beau, Tout N9uf<\/a> du 8 octobre, Cyril Hanouna n\u2019a<br \/>\npas manqu\u00e9 une occasion de faire une blague sur son ami Matthieu<br \/>\nDelormeau. Alors que Polska racontait qu\u2019elle avait test\u00e9 son<br \/>\npatron pour voir s\u2019il r\u00e9pondrait \u00e0 ses SMS, l\u2019ancien animateur<br \/>\nd\u2019NRJ 12 a voulu intervenir, et s\u2019est fait gentiment clasher par<br \/>\nl\u2019animateur.\u00a0<\/p>\n<p>Pendant l\u2019\u00e9mission, <a href=\"https:\/\/www.closermag.fr\/people\/la-18e-fois-jai-eu-le-declic-polska-evoque-pour-la-premiere-fois-sa-recente-rupture-avec-son-compagnon-3575894\" rel=\"nofollow noopener\" target=\"_blank\"><br \/>\nPolska<\/a> a taquin\u00e9 l\u2019animateur en affirmant qu\u2019il r\u00e9pondait<br \/>\ntoujours \u00e0 ses messages. \u201cTu m\u2019as r\u00e9pondu dans la seconde<br \/>\n!\u201d lui a-t-elle lanc\u00e9, amus\u00e9e. <a href=\"https:\/\/www.closermag.fr\/people\/cyril-hanouna-complaisant-ses-liens-avec-emmanuel-macron-ne-semblent-plus-faire-de-doute-3585300\" rel=\"nofollow noopener\" target=\"_blank\"><br \/>\nCyril Hanouna<\/a> a confirm\u00e9 dans un sourire, avant que Matthieu<br \/>\nDelormeau ne s\u2019en m\u00eale : \u201c\u00c0 chaque fois que je vous \u00e9cris, vous<br \/>\nme r\u00e9pondez dans les 5 secondes.\u201d<\/p>\n<p>\u201cJ\u2019ai toujours peur que \u00e7a soit le dernier coup de fil\u201d<\/p>\n<p>L\u2019animateur n\u2019a pas manqu\u00e9 de rebondir. \u201cVous savez pourquoi<br \/>\nje vous r\u00e9ponds ? Parce qu\u2019apr\u00e8s, j\u2019ai peur que vous n\u2019ayez plus<br \/>\nvotre portable parce que vous \u00eates en taule !\u201d a-t-il l\u00e2ch\u00e9,<br \/>\nd\u00e9clenchant un fou rire g\u00e9n\u00e9ral sur le plateau. L\u2019animateur a<br \/>\najout\u00e9 : \u201cJ\u2019ai toujours peur que \u00e7a soit le dernier coup de<br \/>\nfil.\u201d<\/p>\n<p>Une remarque qui faisait \u00e9videmment r\u00e9f\u00e9rence aux d\u00e9boires de<br \/>\nl\u2019ancien chroniqueur, arr\u00eat\u00e9 \u00e0 deux reprises en 2025 pour des<br \/>\naffaires de drogue. Depuis, Matthieu Delormeau en parle avec recul,<br \/>\nsans cacher la duret\u00e9 de ces exp\u00e9riences. Dans la nouvelle \u00e9mission<br \/>\nTout beau tout Ne9uf, l\u2019ex-animateur de <a href=\"https:\/\/www.closermag.fr\/people\/matthieu-delormeau-en-garde-a-vue-un-cachot-ses-conditions-de-detentions-a-peine-humaines-3575844\" rel=\"nofollow noopener\" target=\"_blank\"><br \/>\nNRJ12<\/a> est revenu sur ses gardes \u00e0 vue. Il a racont\u00e9 : \u201cUn<br \/>\njour, y a quelqu\u2019un qui est venu chez moi. Ils l\u2019ont suivi. Et au<br \/>\nmoment de la transaction, la police est arriv\u00e9e.\u201d Plaqu\u00e9 au<br \/>\nsol, il a pass\u00e9 pr\u00e8s de vingt heures dans un petit cachot.<br \/>\n\u201cQuand je te dis un cachot, c\u2019est un vrai cachot, hein\u201d,<br \/>\na-t-il pr\u00e9cis\u00e9, avant de d\u00e9crire les conditions difficiles :<br \/>\n\u201cIl y a une toilette turque, une cam\u00e9ra devant, donc si tu es<br \/>\naux toilettes tout le monde te regarde.\u201d\u00a0<\/p>\n<p>Un retour plein d\u2019autod\u00e9rision<\/p>\n<p>Malgr\u00e9 ce pass\u00e9 tumultueux, <a href=\"https:\/\/www.closermag.fr\/people\/matthieu-delormeau-en-garde-a-vue-un-cachot-ses-conditions-de-detentions-a-peine-humaines-3575844\" rel=\"nofollow noopener\" target=\"_blank\"><br \/>\nMatthieu Delormeau<\/a> a d\u00e9cid\u00e9 de revenir \u00e0 la t\u00e9l\u00e9vision. Plus<br \/>\napais\u00e9, il s\u2019exprime aujourd\u2019hui sans d\u00e9tours sur ses erreurs.<br \/>\n\u201cLes policiers sont des gens bien\u201d, a-t-il reconnu, tout<br \/>\nen soulignant la duret\u00e9 du syst\u00e8me.<\/p>\n<p>Cyril Hanouna, lui, pr\u00e9f\u00e8re tourner ces \u00e9pisodes en d\u00e9rision.<br \/>\nEntre moqueries et bienveillance, il a prouv\u00e9 qu\u2019il n\u2019avait rien<br \/>\nperdu de son sens de l\u2019humour.\u00a0<\/p>\n","protected":false},"excerpt":{"rendered":"Dans l\u2019\u00e9mission Tout Beau, Tout N9uf du 8 octobre, Cyril Hanouna n\u2019a pas manqu\u00e9 une occasion de faire&hellip;\n","protected":false},"author":2,"featured_media":448412,"comment_status":"","ping_status":"","sticky":false,"template":"","format":"standard","meta":{"footnotes":""},"categories":[1356],"tags":[1083,58,59,1011,27,7830,252,1364,2395],"class_list":{"0":"post-448411","1":"post","2":"type-post","3":"status-publish","4":"format-standard","5":"has-post-thumbnail","7":"category-television","8":"tag-cyril-hanouna","9":"tag-divertissement","10":"tag-entertainment","11":"tag-fr","12":"tag-france","13":"tag-matthieu-delormeau","14":"tag-television","15":"tag-tv","16":"tag-w9"},"share_on_mastodon":{"url":"https:\/\/pubeurope.com\/@fr\/115340649813347036","error":""},"_links":{"self":[{"href":"https:\/\/www.europesays.com\/fr\/wp-json\/wp\/v2\/posts\/448411","targetHints":{"allow":["GET"]}}],"collection":[{"href":"https:\/\/www.europesays.com\/fr\/wp-json\/wp\/v2\/posts"}],"about":[{"href":"https:\/\/www.europesays.com\/fr\/wp-json\/wp\/v2\/types\/post"}],"author":[{"embeddable":true,"href":"https:\/\/www.europesays.com\/fr\/wp-json\/wp\/v2\/users\/2"}],"replies":[{"embeddable":true,"href":"https:\/\/www.europesays.com\/fr\/wp-json\/wp\/v2\/comments?post=448411"}],"version-history":[{"count":0,"href":"https:\/\/www.europesays.com\/fr\/wp-json\/wp\/v2\/posts\/448411\/revisions"}],"wp:featuredmedia":[{"embeddable":true,"href":"https:\/\/www.europesays.com\/fr\/wp-json\/wp\/v2\/media\/448412"}],"wp:attachment":[{"href":"https:\/\/www.europesays.com\/fr\/wp-json\/wp\/v2\/media?parent=448411"}],"wp:term":[{"taxonomy":"category","embeddable":true,"href":"https:\/\/www.europesays.com\/fr\/wp-json\/wp\/v2\/categories?post=448411"},{"taxonomy":"post_tag","embeddable":true,"href":"https:\/\/www.europesays.com\/fr\/wp-json\/wp\/v2\/tags?post=448411"}],"curies":[{"name":"wp","href":"https:\/\/api.w.org\/{rel}","templated":true}]}}