{"id":448417,"date":"2025-10-08T21:25:12","date_gmt":"2025-10-08T21:25:12","guid":{"rendered":"https:\/\/www.europesays.com\/fr\/448417\/"},"modified":"2025-10-08T21:25:12","modified_gmt":"2025-10-08T21:25:12","slug":"le-cannabis-therapeutique-est-il-efficace-contre-les-insomnies","status":"publish","type":"post","link":"https:\/\/www.europesays.com\/fr\/448417\/","title":{"rendered":"Le cannabis th\u00e9rapeutique est-il efficace contre les insomnies\u00a0?"},"content":{"rendered":"<p>Guillermo L\u00f3pez Lluch, biologiste \u00e0 l\u2019universit\u00e9 Pablo de Olavide (S\u00e9ville) d\u00e9taille les r\u00e9sultats d\u2019une nouvelle \u00e9tude sur les effets du cannabis th\u00e9rapeutique contre l\u2019insomnie.<\/p>\n<p>Le <a href=\"https:\/\/www.20minutes.fr\/dossier\/cannabis\" class=\"c-link c-link--is-underlined\" target=\"_blank\" rel=\"noopener\">cannabis<\/a>, ou chanvre, est connu pour ses effets sur le syst\u00e8me nerveux. Aujourd\u2019hui, une \u00e9tude publi\u00e9e par le chercheur Arushika Aggarwal et ses collaborateurs, <a href=\"https:\/\/doi.org\/10.1371\/journal.pmen.0000390\" target=\"_blank\" class=\"c-link c-link--is-underlined\" rel=\"noopener\">dans la revue scientifique Plos Mental Health<\/a>, analyse son utilisation dans le traitement de l\u2019insomnie.<\/p>\n<p>Ce travail s\u2019appuie sur des informations provenant du <a href=\"https:\/\/ukmedicalcannabisregistry.com\/\" rel=\"nofollow noopener\" target=\"_blank\" class=\"c-link c-link--is-underlined\">registre m\u00e9dical britannique sur le cannabis<\/a>. Concr\u00e8tement, il s\u2019agit de donn\u00e9es concernant des personnes qui ont \u00e9t\u00e9 trait\u00e9es avec des produits d\u00e9riv\u00e9s du Cannabis sativa et qui ont r\u00e9pondu \u00e0 une s\u00e9rie de questionnaires visant \u00e0 d\u00e9terminer leur effet sur la qualit\u00e9 du sommeil, sur l\u2019anxi\u00e9t\u00e9, sur les habitudes de vie ou sur l\u2019\u00e9tat de sant\u00e9 g\u00e9n\u00e9ral.<\/p>\n<\/p>\n<p>Bien que l\u2019utilisation de produits d\u00e9riv\u00e9s de cette plante, comme le haschisch ou la marijuana, puisse attirer l\u2019attention dans le but de traiter l\u2019insomnie, les r\u00e9sultats de l\u2019\u00e9tude en eux-m\u00eames sont peu prometteurs et mettent en \u00e9vidence certains probl\u00e8mes li\u00e9s \u00e0 l\u2019utilisation de ces compos\u00e9s. Le plus \u00e9vident de ces probl\u00e8mes est le d\u00e9veloppement d\u2019une tol\u00e9rance par le syst\u00e8me nerveux, c\u2019est-\u00e0-dire une diminution de la sensibilit\u00e9 des cellules aux mol\u00e9cules actives du cannabis.<\/p>\n<p>Les compos\u00e9s actifs du cannabis<\/p>\n<p>Pour comprendre l\u2019effet sur l\u2019\u00eatre humain des compos\u00e9s pharmacologiques provenant d\u2019autres organismes, par exemple de bact\u00e9ries, champignons, plantes ou issus d\u2019animaux, nous devons tenir compte de la relation entre un compos\u00e9 et son r\u00e9cepteur.<\/p>\n<p>Nos cellules expriment des r\u00e9cepteurs pour les compos\u00e9s d\u00e9riv\u00e9s du cannabis connus sous le nom de cannabino\u00efdes. Le r\u00e9cepteur pr\u00e9sent dans les cellules du syst\u00e8me nerveux est le <a href=\"https:\/\/www.sciencedirect.com\/topics\/pharmacology-toxicology-and-pharmaceutical-science\/cannabinoid-1-receptor\" rel=\"nofollow noopener\" target=\"_blank\" class=\"c-link c-link--is-underlined\">CB1R<\/a>. Le CB2R, lui, est associ\u00e9 au syst\u00e8me immunitaire.<\/p>\n<p>L\u2019anandamide, notre propre cannabino\u00efde<\/p>\n<p>Ces r\u00e9cepteurs existent parce que notre organisme produit d\u00e9j\u00e0 un compos\u00e9 de la famille des cannabino\u00efdes appel\u00e9 \u00ab\u00a0<a href=\"https:\/\/pubchem.ncbi.nlm.nih.gov\/compound\/Anandamide\" rel=\"nofollow noopener\" target=\"_blank\" class=\"c-link c-link--is-underlined\">anandamide<\/a>\u00a0\u00bb. L\u2019anandamide est un <a href=\"https:\/\/theconversation.com\/topics\/neurotransmetteurs-71121\" rel=\"nofollow noopener\" target=\"_blank\" class=\"c-link c-link--is-underlined\">neurotransmetteur<\/a>, c\u2019est-\u00e0-dire qu\u2019il transmet des signaux entre les neurones, et il est produit par nos cellules. C\u2019est notre cannabino\u00efde endog\u00e8ne.<\/p>\n<p>Entre autres fonctions, l\u2019anandamide r\u00e9gule l\u2019humeur, la m\u00e9moire et la perception de la douleur, et agit comme un vasodilatateur. Bien que notre corps synth\u00e9tise naturellement l\u2019anandamide, nous pouvons \u00e9galement l\u2019obtenir \u00e0 partir de certains nutriments tels que le chocolat, la truffe noire, les oursins et les \u0153ufs de certains poissons. C\u2019est peut-\u00eatre gr\u00e2ce \u00e0 elle et \u00e0 <a href=\"https:\/\/www.science.org.au\/curious\/people-medicine\/can-chocolate-make-you-happy\" rel=\"nofollow noopener\" target=\"_blank\" class=\"c-link c-link--is-underlined\">d\u2019autres compos\u00e9s pr\u00e9sents dans le chocolat<\/a> que nous trouvons sa consommation si agr\u00e9able et relaxante.<\/p>\n<p>Le THC et le syst\u00e8me nerveux<\/p>\n<p>Les composants actifs du cannabis sont le <a href=\"https:\/\/www.ameli.fr\/assure\/sante\/medicaments\/cannabidiol-cbd-non-medical-definition-et-precautions-d-utilisation\" rel=\"nofollow noopener\" target=\"_blank\" class=\"c-link c-link--is-underlined\">cannabidiol<\/a> ou CBD et le <a href=\"https:\/\/www.ofdt.fr\/glossaire\/thc-tetrahydrocannabinol\" rel=\"nofollow noopener\" target=\"_blank\" class=\"c-link c-link--is-underlined\">delta9-t\u00e9trahydrocannabinol<\/a> ou THC. Des deux compos\u00e9s, le THC est celui qui pr\u00e9sente la plus grande activit\u00e9 psychoactive, car il active le r\u00e9cepteur CB1R. Le CBD semble agir comme un inhibiteur, bien qu\u2019il puisse <a href=\"https:\/\/www.frontiersin.org\/journals\/pharmacology\/articles\/10.3389\/fphar.2016.00370\/full\" rel=\"nofollow noopener\" target=\"_blank\" class=\"c-link c-link--is-underlined\">augmenter les niveaux d\u2019anandamide<\/a>, ce qui produit un effet paradoxal puisqu\u2019il inhibe le r\u00e9cepteur tout en augmentant les niveaux du stimulateur naturel en <a href=\"https:\/\/www.nature.com\/articles\/s41398-023-02410-9\" rel=\"nofollow noopener\" target=\"_blank\" class=\"c-link c-link--is-underlined\">emp\u00eachant sa d\u00e9gradation<\/a>. Le CBD nous d\u00e9tendrait donc parce que son effet inhibiteur sur le r\u00e9cepteur serait annul\u00e9 par l\u2019augmentation de l\u2019anandamide.<\/p>\n<p>La tol\u00e9rance, \u00e0 l\u2019origine de la d\u00e9pendance<\/p>\n<p>Bien que la <a href=\"https:\/\/www.addictaide.fr\/cannabis\/\" rel=\"nofollow noopener\" target=\"_blank\" class=\"c-link c-link--is-underlined\">d\u00e9pendance aux cannabino\u00efdes<\/a> ait fait l\u2019objet de <a href=\"https:\/\/americanaddictioncenters.org\/marijuana-rehab\/is-it-addictive\" rel=\"nofollow noopener\" target=\"_blank\" class=\"c-link c-link--is-underlined\">nombreux d\u00e9bats<\/a>, il est certain qu\u2019ils induisent \u00e9galement une <a href=\"https:\/\/my.clevelandclinic.org\/health\/diseases\/cannabis-use-disorder\" rel=\"nofollow noopener\" target=\"_blank\" class=\"c-link c-link--is-underlined\">tol\u00e9rance<\/a>, c\u2019est-\u00e0-dire une diminution de la sensibilit\u00e9 des cellules aux cannabino\u00efdes qui s\u2019aggrave avec le temps. Cet effet oblige \u00e0 recourir \u00e0 une plus grande quantit\u00e9 de compos\u00e9s pour produire le m\u00eame effet, ce qui est la <a href=\"https:\/\/link.springer.com\/article\/10.1007\/s00406-024-01880-2\" rel=\"nofollow noopener\" target=\"_blank\" class=\"c-link c-link--is-underlined\">cl\u00e9 de la d\u00e9pendance aux drogues<\/a>.<\/p>\n<p>Les travaux r\u00e9cemment publi\u00e9s montrent clairement cette augmentation de la tol\u00e9rance. Tous les questionnaires utilis\u00e9s aupr\u00e8s de la population \u00e9tudi\u00e9e ont r\u00e9v\u00e9l\u00e9 un effet plus important des cannabino\u00efdes apr\u00e8s un mois de traitement, qui s\u2019est ensuite att\u00e9nu\u00e9 pour atteindre des niveaux ant\u00e9rieurs au traitement au bout de 18 mois. En d\u2019autres termes, \u00e0 la fin de l\u2019\u00e9tude, la perception des participants \u00e9tait la m\u00eame qu\u2019avant le traitement, bien qu\u2019ils aient pris les compos\u00e9s pendant cette p\u00e9riode et que la dose ait \u00e9t\u00e9 augment\u00e9e.<\/p>\n<p><a href=\"https:\/\/www.20minutes.fr\/dossier\/drogue\" class=\"c-link c-btn c-btn--primary\" target=\"_blank\" rel=\"noopener\">Notre dossier sur les drogues<\/a><\/p>\n<p>Bien que les auteurs tentent d\u2019expliquer ce processus par un \u00e9ventuel effet placebo ou par un nombre limit\u00e9 de participants, 124 au total, on ne peut exclure l\u2019effet d\u00fb \u00e0 la tol\u00e9rance. De fait, ils affirment eux-m\u00eames qu\u2019on ne peut l\u2019exclure.<\/p>\n<p>Les bases mol\u00e9culaires de la tol\u00e9rance aux m\u00e9dicaments<\/p>\n<p>Toute personne qui d\u00e9pend d\u2019un m\u00e9dicament de mani\u00e8re chronique peut constater que son corps d\u00e9veloppe une tol\u00e9rance. C\u2019est particuli\u00e8rement le cas lors de traitements par anxiolytiques ou analg\u00e9siques. Les cellules ont besoin de stimuli pour pouvoir agir de mani\u00e8re coordonn\u00e9e avec le reste du corps. Ces stimuli d\u00e9pendent de l\u2019activation de leurs r\u00e9cepteurs.<\/p>\n<p>Les neurones ont besoin de neurotransmetteurs pour envoyer leurs signaux \u00e0 d\u2019autres neurones ou aux organes. Les r\u00e9cepteurs de ces neurotransmetteurs peuvent \u00eatre stimul\u00e9s par des substances, telles que les compos\u00e9s du cannabis, qui sont similaires \u00e0 celles que l\u2019on trouve naturellement dans notre cerveau, mais ils peuvent subir des modifications si le signal est intense ou durable.<\/p>\n<p>L\u2019une de ces modifications est <a href=\"https:\/\/doi.org\/10.1016\/j.neuron.2019.01.016\" rel=\"nofollow noopener\" target=\"_blank\" class=\"c-link c-link--is-underlined\">l\u2019insensibilit\u00e9 des r\u00e9cepteurs<\/a> ou leur r\u00e9duction face \u00e0 un stimulus continu et intense. C\u2019est ce que l\u2019on appelle la tol\u00e9rance par diminution des r\u00e9cepteurs. Cette tol\u00e9rance est bien connue dans le cas des opio\u00efdes et <a href=\"https:\/\/www.mdpi.com\/1422-0067\/24\/6\/5981\" rel=\"nofollow noopener\" target=\"_blank\" class=\"c-link c-link--is-underlined\">constitue le principe de la d\u00e9pendance \u00e0 ces substances<\/a>. Les cellules r\u00e9duisent le nombre de r\u00e9cepteurs car le stimulus est anormalement \u00e9lev\u00e9, de sorte que pour produire le m\u00eame signal et donc le m\u00eame effet, elles ont besoin d\u2019un stimulus de plus en plus fort.<\/p>\n<p>Ainsi, au fil du temps, le corps s\u2019habitue aux <a href=\"https:\/\/www.20minutes.fr\/sante\/4112119-20240926-opioides-quoi-consiste-ordonnance-infalsifiable-contrer-mauvais-usages-codeine-tramadol\" target=\"_blank\" class=\"c-link c-link--is-underlined\" rel=\"noopener\">opio\u00efdes<\/a>, qui perdent alors de leur efficacit\u00e9, ce qui oblige les patients \u00e0 en prendre de plus en plus. Ce probl\u00e8me s\u2019est pos\u00e9, par exemple aux \u00c9tats-Unis, avec la consommation excessive <a href=\"https:\/\/www.20minutes.fr\/sante\/4038091-20230524-apres-crise-opioides-etats-unis-pourquoi-centre-pharmacovigilance-bordeaux-alerte-oxycodone\" target=\"_blank\" class=\"c-link c-link--is-underlined\" rel=\"noopener\">d\u2019oxycodone<\/a>.<\/p>\n<p>La recherche pr\u00e9sent\u00e9e ici semble mettre en avant l\u2019id\u00e9e d\u2019un traitement possible contre l\u2019insomnie \u00e0 base de produits d\u00e9riv\u00e9s du cannabis. Cependant, m\u00eame si les participants ont initialement constat\u00e9 un effet positif, l\u2019absence d\u2019effet observ\u00e9e \u00e0 la fin de la p\u00e9riode d\u2019\u00e9tude, malgr\u00e9 l\u2019augmentation des doses de CBD ou de THC, semble indiquer clairement que les neurones perdaient leur sensibilit\u00e9 aux cannabino\u00efdes et qu\u2019une d\u00e9pendance risquerait de se d\u00e9velopper.<\/p>\n<p>Peut-\u00eatre que les th\u00e9rapies bas\u00e9es sur l\u2019augmentation du cannabino\u00efde endog\u00e8ne, l\u2019anandamide, seraient plus int\u00e9ressantes pour traiter les troubles du sommeil.<\/p>\n<p><img loading=\"lazy\" decoding=\"async\" src=\"https:\/\/www.europesays.com\/fr\/wp-content\/uploads\/2025\/10\/count.gif\" alt=\"The Conversation\" width=\"1\" height=\"1\" style=\"border:none !important;box-shadow:none !important;margin:0 !important;max-height:1px !important;max-width:1px !important;min-height:1px !important;min-width:1px !important;opacity:0 !important;outline:none !important;padding:0 !important\" referrerpolicy=\"no-referrer-when-downgrade\"\/> <\/p>\n","protected":false},"excerpt":{"rendered":"Guillermo L\u00f3pez Lluch, biologiste \u00e0 l\u2019universit\u00e9 Pablo de Olavide (S\u00e9ville) d\u00e9taille les r\u00e9sultats d\u2019une nouvelle \u00e9tude sur les&hellip;\n","protected":false},"author":2,"featured_media":448418,"comment_status":"","ping_status":"","sticky":false,"template":"","format":"standard","meta":{"footnotes":""},"categories":[10],"tags":[47,3675,1011,27,72,57414,71,279],"class_list":{"0":"post-448417","1":"post","2":"type-post","3":"status-publish","4":"format-standard","5":"has-post-thumbnail","7":"category-sante","8":"tag-actualite","9":"tag-cannabis","10":"tag-fr","11":"tag-france","12":"tag-health","13":"tag-legalisation-du-cannabis","14":"tag-sante","15":"tag-sommeil"},"share_on_mastodon":{"url":"https:\/\/pubeurope.com\/@fr\/115340661520534969","error":""},"_links":{"self":[{"href":"https:\/\/www.europesays.com\/fr\/wp-json\/wp\/v2\/posts\/448417","targetHints":{"allow":["GET"]}}],"collection":[{"href":"https:\/\/www.europesays.com\/fr\/wp-json\/wp\/v2\/posts"}],"about":[{"href":"https:\/\/www.europesays.com\/fr\/wp-json\/wp\/v2\/types\/post"}],"author":[{"embeddable":true,"href":"https:\/\/www.europesays.com\/fr\/wp-json\/wp\/v2\/users\/2"}],"replies":[{"embeddable":true,"href":"https:\/\/www.europesays.com\/fr\/wp-json\/wp\/v2\/comments?post=448417"}],"version-history":[{"count":0,"href":"https:\/\/www.europesays.com\/fr\/wp-json\/wp\/v2\/posts\/448417\/revisions"}],"wp:featuredmedia":[{"embeddable":true,"href":"https:\/\/www.europesays.com\/fr\/wp-json\/wp\/v2\/media\/448418"}],"wp:attachment":[{"href":"https:\/\/www.europesays.com\/fr\/wp-json\/wp\/v2\/media?parent=448417"}],"wp:term":[{"taxonomy":"category","embeddable":true,"href":"https:\/\/www.europesays.com\/fr\/wp-json\/wp\/v2\/categories?post=448417"},{"taxonomy":"post_tag","embeddable":true,"href":"https:\/\/www.europesays.com\/fr\/wp-json\/wp\/v2\/tags?post=448417"}],"curies":[{"name":"wp","href":"https:\/\/api.w.org\/{rel}","templated":true}]}}