{"id":448421,"date":"2025-10-08T21:27:10","date_gmt":"2025-10-08T21:27:10","guid":{"rendered":"https:\/\/www.europesays.com\/fr\/448421\/"},"modified":"2025-10-08T21:27:10","modified_gmt":"2025-10-08T21:27:10","slug":"elle-na-fait-que-vomir-gilles-lellouche-en-a-t-il-trop-dit-dans-quotidien-sur-adele-exarchopoulos","status":"publish","type":"post","link":"https:\/\/www.europesays.com\/fr\/448421\/","title":{"rendered":"\u00ab\u00a0Elle n\u2019a fait que vomir\u00a0\u00bb, Gilles Lellouche en a-t-il trop dit dans \u00ab\u00a0Quotidien\u00a0\u00bb sur Ad\u00e8le Exarchopoulos ?"},"content":{"rendered":"<p><strong>De nombreux vomissements <\/strong>\u00e0 cause des cascades\u2026 ou de la conduite de Gilles Lellouche. Ce mercredi 8 octobre 2025, <a href=\"https:\/\/www.public.fr\/tag\/yann-barthes\" rel=\"nofollow noopener\" target=\"_blank\">Yann Barth\u00e8s<\/a> recevait <a href=\"https:\/\/www.public.fr\/tag\/gilles-lellouche\" rel=\"nofollow noopener\" target=\"_blank\">Gilles Lellouche<\/a>, <a href=\"https:\/\/vsd.fr\/62574-il-se-moque-de-nous-les-revelations-de-louis-garrel-sur-ce-celebre-realisateur-francais\/\" rel=\"nofollow noopener\" target=\"_blank\">Louis Garrel<\/a>, et <a href=\"https:\/\/www.public.fr\/tag\/adele-exarchopoulos\" rel=\"nofollow noopener\" target=\"_blank\">Ad\u00e8le Exarchopoulos<\/a>. Les trois acteurs \u00e0 l\u2019affiche du nouveau film de C\u00e9dric Jimenez : <strong>Chien 51<\/strong>.<\/p>\n<p>Un nouveau polar de l&rsquo;homme \u00e0 qui nous devons notamment <strong>Novembre<\/strong> et <strong>Bac Nord<\/strong>. N\u00e9anmoins, si le r\u00e9alisateur garde l\u2019esprit policier et thriller dans ce nouveau projet, il se lance dans un domaine auquel ses fans ne sont pas habitu\u00e9s : la science-fiction.<\/p>\n<p>En effet, l\u2019histoire de <strong>Chien 51<\/strong> se d\u00e9roule dans un \u00ab\u00a0futur proche\u00a0\u00bb. \u00ab\u00a0Paris se retrouve divis\u00e9e en 3 zones qui s\u00e9parent les classes sociales et o\u00f9 l\u2019intelligence artificielle ALMA a r\u00e9volutionn\u00e9 le travail de la police. Jusqu\u2019\u00e0 ce que son inventeur se fasse assassiner et que Salia et Zem, deux policiers que tout oppose, soient forc\u00e9s \u00e0 collaborer pour mener l\u2019enqu\u00eate\u00a0\u00bb, indiquent nos confr\u00e8res d\u2019Allocin\u00e9 au sujet du synopsis.<\/p>\n<p>Gilles Lellouche a eu du mal avec les sc\u00e8nes de combats<\/p>\n<p>Un film qu\u2019Ad\u00e8le Exarchopoulos, Gilles Lellouche, et Louis Garrel, ont accept\u00e9 d\u2019\u00e9voquer sur le plateau de <strong>Quotidien<\/strong> ce mercredi soir. Au cours de l\u2019entretien, Yann Barth\u00e8s a souhait\u00e9 interroger ses invit\u00e9s au sujet des cascades, tr\u00e8s nombreuses, dans le nouveau film de C\u00e9dric Jimenez.\u00a0<\/p>\n<p>Un th\u00e8me qui a suscit\u00e9 quelques rires sur le plateau de la quotidienne de TMC, notamment lorsque l\u2019acteur de 53 ans a racont\u00e9 une anecdote avec la compagne de <a href=\"https:\/\/www.public.fr\/tag\/francois-civil\" rel=\"nofollow noopener\" target=\"_blank\">Fran\u00e7ois Civil<\/a>. Gilles Lellouche avait fait croire \u00e0 sa partenaire \u00e0 l\u2019\u00e9cran qu\u2019il avait suivi un entra\u00eenement intensif pour les sc\u00e8nes de combat. Un mensonge r\u00e9v\u00e9l\u00e9 d\u00e8s la premi\u00e8re sc\u00e8ne.\u00a0<\/p>\n<p>\u00ab\u00a0Premi\u00e8re sc\u00e8ne de combat, je mets un coup de pied, je tombe par terre comme une tortue. Elle s&rsquo;est foutue de ma gueule pendant un mois\u00a0\u00bb, a r\u00e9v\u00e9l\u00e9 l\u2019acolyte de Jean Dujardin, hilare avec la com\u00e9dienne situ\u00e9e \u00e0 quelques centim\u00e8tres de lui.<\/p>\n<p>Ad\u00e8le Exarchopoulos prise de vomissements sur le tournage de \u00ab\u00a0Chien 51\u00a0\u00bb<\/p>\n<p>Yann Barth\u00e8s, est alors venu \u00e0 la rescousse de Gilles Lellouche en l\u00e2chant un \u00ab\u00a0dossier\u00a0\u00bb sur Ad\u00e8le Exarchopoulos : <strong>\u00ab\u00a0Ad\u00e8le, elle a vomi ?\u00a0\u00bb<\/strong>, a-t-il demand\u00e9. \u00c0 quoi le com\u00e9dien de 53 ans a r\u00e9pondu et a confirm\u00e9 : <strong>\u00ab\u00a0Elle fait que \u00e7a, on l&rsquo;appelle Vomita\u00a0\u00bb<\/strong>. \u00ab\u00a0Parce qu\u2019il roule \u00e0 deux cents et que parfois, il fait les propres cascades aussi de voiture parce que je le charrie\u00a0\u00bb, a alors r\u00e9pondu la principale int\u00e9ress\u00e9e pour se d\u00e9fendre.<\/p>\n<p>\u00c9tonn\u00e9, le pr\u00e9sentateur de <strong>Quotidien<\/strong> a souhait\u00e9 creuser le sujet : \u00ab\u00a0C\u2019est lui qui conduit ? La voiture va hyper vite comme \u00e7a sur les quais de Seine. C&rsquo;est vous qui conduisez ? La voiture n&rsquo;est pas sur un camion comme \u00e7a ?\u00a0\u00bb<\/p>\n<p>\u00ab\u00a0Parfois, c&rsquo;est des cascadeurs\u00a0\u00bb, a avou\u00e9 Ad\u00e8le Exarchopoulos avant que Gilles Lellouche n\u2019apporte quelques pr\u00e9cisions concernant ses cascades : \u00ab\u00a0Non, mais en fait, c&rsquo;est tr\u00e8s coordonn\u00e9. Je veux dire, il y a un chemin qu&rsquo;on fait plusieurs fois lentement, puis apr\u00e8s, on le fait plus rapidement jusqu&rsquo;\u00e0 ma\u00eetriser le truc\u00a0\u00bb.<\/p>\n<p>La preuve que, m\u00eame apr\u00e8s avoir pass\u00e9 la cinquantaine, les acteurs peuvent continuer de r\u00e9aliser leurs cascades et, ce, m\u00eame si elles sont dangereuses.\u00a0<\/p>\n<p>      Mentionn\u00e9s dans cet article<\/p>\n<p>      Sur le m\u00eame sujet<\/p>\n","protected":false},"excerpt":{"rendered":"De nombreux vomissements \u00e0 cause des cascades\u2026 ou de la conduite de Gilles Lellouche. Ce mercredi 8 octobre&hellip;\n","protected":false},"author":2,"featured_media":448422,"comment_status":"","ping_status":"","sticky":false,"template":"","format":"standard","meta":{"footnotes":""},"categories":[8],"tags":[34114,58,59,1011,27,5684,42738,1404,1405],"class_list":{"0":"post-448421","1":"post","2":"type-post","3":"status-publish","4":"format-standard","5":"has-post-thumbnail","7":"category-divertissement","8":"tag-adele-exarchopoulos","9":"tag-divertissement","10":"tag-entertainment","11":"tag-fr","12":"tag-france","13":"tag-gilles-lellouche","14":"tag-louis-garrel","15":"tag-quotidien","16":"tag-yann-barthes"},"share_on_mastodon":{"url":"https:\/\/pubeurope.com\/@fr\/115340669376203746","error":""},"_links":{"self":[{"href":"https:\/\/www.europesays.com\/fr\/wp-json\/wp\/v2\/posts\/448421","targetHints":{"allow":["GET"]}}],"collection":[{"href":"https:\/\/www.europesays.com\/fr\/wp-json\/wp\/v2\/posts"}],"about":[{"href":"https:\/\/www.europesays.com\/fr\/wp-json\/wp\/v2\/types\/post"}],"author":[{"embeddable":true,"href":"https:\/\/www.europesays.com\/fr\/wp-json\/wp\/v2\/users\/2"}],"replies":[{"embeddable":true,"href":"https:\/\/www.europesays.com\/fr\/wp-json\/wp\/v2\/comments?post=448421"}],"version-history":[{"count":0,"href":"https:\/\/www.europesays.com\/fr\/wp-json\/wp\/v2\/posts\/448421\/revisions"}],"wp:featuredmedia":[{"embeddable":true,"href":"https:\/\/www.europesays.com\/fr\/wp-json\/wp\/v2\/media\/448422"}],"wp:attachment":[{"href":"https:\/\/www.europesays.com\/fr\/wp-json\/wp\/v2\/media?parent=448421"}],"wp:term":[{"taxonomy":"category","embeddable":true,"href":"https:\/\/www.europesays.com\/fr\/wp-json\/wp\/v2\/categories?post=448421"},{"taxonomy":"post_tag","embeddable":true,"href":"https:\/\/www.europesays.com\/fr\/wp-json\/wp\/v2\/tags?post=448421"}],"curies":[{"name":"wp","href":"https:\/\/api.w.org\/{rel}","templated":true}]}}