{"id":448423,"date":"2025-10-08T21:28:12","date_gmt":"2025-10-08T21:28:12","guid":{"rendered":"https:\/\/www.europesays.com\/fr\/448423\/"},"modified":"2025-10-08T21:28:12","modified_gmt":"2025-10-08T21:28:12","slug":"prime-day-du-7-au-8-octobre-2025-le-ssd-interne-samsung-990-evo-plus-2-to-5-etoiles-a-10999-e-14","status":"publish","type":"post","link":"https:\/\/www.europesays.com\/fr\/448423\/","title":{"rendered":"Prime Day du 7 au 8 octobre 2025 \u2013 Le SSD interne Samsung 990 Evo Plus 2 To \u00ab\u00a05 \u00e9toiles\u00a0\u00bb \u00e0 109,99\u00a0\u20ac (-14%)"},"content":{"rendered":"<p>Mod\u00e8le concern\u00e9<\/p>\n<p class=\"ed__a-p ed__bdy__l\">Ce contenu porte sp\u00e9cifiquement sur le mod\u00e8le : 2 To. D&rsquo;autres d\u00e9clinaisons existent et leurs prix sont indiqu\u00e9s dans les onglets du tableau ci-dessous.<\/p>\n<p class=\"ed__a-p ed__bdy__l\">Le Samsung 990 Evo Plus est un SSD au format M2 NVMe compatible PCIe\u00a04 et\u00a05. Situ\u00e9 entre les gammes Evo et Pro, il promet des d\u00e9bits pouvant atteindre 7,2\u00a0Go\/s en lecture et 6,3\u00a0Go\/s en \u00e9criture.<\/p>\n<p>Points forts<\/p>\n<ul class=\"is--plus\">\n<li>Performances honorables.<br \/>&#13;<\/li>\n<li>Tr\u00e8s bons d\u00e9bits en copie manuelle.<br \/>&#13;<\/li>\n<li>Logiciel Samsung Magician r\u00e9ussi.<br \/>&#13;<\/li>\n<li>Garantie 5 ans.<\/li>\n<\/ul>\n<p>\nPoints faibles<\/p>\n<ul class=\"is--minus\">\n<li>D\u00e9bits en \u00e9criture s\u00e9quentielle en de\u00e7\u00e0 des annonces.<br \/>&#13;<\/li>\n<li>Temp\u00e9ratures \u00e9lev\u00e9es sans radiateur.<\/li>\n<\/ul>\n<p>            Publicit\u00e9, votre contenu continue ci-dessous<\/p>\n<p>        Publicit\u00e9<\/p>\n<p class=\"ed__a-p ed__bdy__l\">Parfois plus performant que ses \u00e9quivalents haut de gamme, le Samsung 990 Evo Plus est une tr\u00e8s bonne pioche sur le march\u00e9 concurrentiel des SSD. Polyvalent gr\u00e2ce \u00e0 ses d\u00e9bits importants en lecture, il p\u00e8che l\u00e9g\u00e8rement par une surchauffe lorsqu&rsquo;il est sollicit\u00e9 sans radiateur de dissipation. Nous le recommandons n\u00e9anmoins sans sourciller pour son tr\u00e8s bon rapport qualit\u00e9\/prix.<\/p>\n<p>Offre Amazon Prime<\/p>\n<p class=\"ed__a-p ed__bdy__l\">Attention, ces offres sont exclusivement r\u00e9serv\u00e9es aux membres Amazon Prime. Mais le g\u00e9ant de la distribution donne aux acheteurs potentiels la possibilit\u00e9 de b\u00e9n\u00e9ficier d&rsquo;un <a href=\"https:\/\/www.amazon.fr\/amazonprime?_encoding=UTF8&amp;tag=lmdn-21\" target=\"_blank\" rel=\"nofollow noopener\">essai gratuit de 30 jours<\/a>, utilisable durant les deux jours du Prime Day, pour ceux qui n&rsquo;en ont jamais b\u00e9n\u00e9fici\u00e9.<\/p>\n<p class=\"ed__a-p ed__bdy__l\">NB : La baisse de prix rapport\u00e9e est calcul\u00e9e en comparant le prix le plus bas du jour avec la moyenne des prix les plus bas pratiqu\u00e9s par tous les marchands pour le produit le mois dernier, avec des r\u00e8gles de s\u00e9curit\u00e9 pour \u00e9carter les prix des boutiques dont la politique en mati\u00e8re de TVA n\u2019est pas claire (dites boutiques \u201cgrises\u201d, typiquement en cas d\u2019import de Chine).<\/p>\n<p>En alternative<\/p>\n<p class=\"ed__a-p ed__bdy__l\">Le Kioxia Exceria Plus G3 correspond tout \u00e0 fait aux attentes d&rsquo;un SSD dans son segment tarifaire. Il r\u00e9pond parfaitement aux performances annonc\u00e9es par son fabricant, mais souffre de d\u00e9bits brid\u00e9s par l&rsquo;absence de cache SLC, tandis que sa temp\u00e9rature monte faute d&rsquo;un radiateur de dissipation.<\/p>\n<p>            Publicit\u00e9, votre contenu continue ci-dessous<\/p>\n<p>        Publicit\u00e9<\/p>\n","protected":false},"excerpt":{"rendered":"Mod\u00e8le concern\u00e9 Ce contenu porte sp\u00e9cifiquement sur le mod\u00e8le : 2 To. D&rsquo;autres d\u00e9clinaisons existent et leurs prix&hellip;\n","protected":false},"author":2,"featured_media":448424,"comment_status":"","ping_status":"","sticky":false,"template":"","format":"standard","meta":{"footnotes":""},"categories":[7],"tags":[1011,27,43,40,41,39,42,44],"class_list":{"0":"post-448423","1":"post","2":"type-post","3":"status-publish","4":"format-standard","5":"has-post-thumbnail","7":"category-sciences-et-technologies","8":"tag-fr","9":"tag-france","10":"tag-science","11":"tag-science-and-technology","12":"tag-sciences","13":"tag-sciences-et-technologies","14":"tag-technologies","15":"tag-technology"},"share_on_mastodon":{"url":"https:\/\/pubeurope.com\/@fr\/115340673410148729","error":""},"_links":{"self":[{"href":"https:\/\/www.europesays.com\/fr\/wp-json\/wp\/v2\/posts\/448423","targetHints":{"allow":["GET"]}}],"collection":[{"href":"https:\/\/www.europesays.com\/fr\/wp-json\/wp\/v2\/posts"}],"about":[{"href":"https:\/\/www.europesays.com\/fr\/wp-json\/wp\/v2\/types\/post"}],"author":[{"embeddable":true,"href":"https:\/\/www.europesays.com\/fr\/wp-json\/wp\/v2\/users\/2"}],"replies":[{"embeddable":true,"href":"https:\/\/www.europesays.com\/fr\/wp-json\/wp\/v2\/comments?post=448423"}],"version-history":[{"count":0,"href":"https:\/\/www.europesays.com\/fr\/wp-json\/wp\/v2\/posts\/448423\/revisions"}],"wp:featuredmedia":[{"embeddable":true,"href":"https:\/\/www.europesays.com\/fr\/wp-json\/wp\/v2\/media\/448424"}],"wp:attachment":[{"href":"https:\/\/www.europesays.com\/fr\/wp-json\/wp\/v2\/media?parent=448423"}],"wp:term":[{"taxonomy":"category","embeddable":true,"href":"https:\/\/www.europesays.com\/fr\/wp-json\/wp\/v2\/categories?post=448423"},{"taxonomy":"post_tag","embeddable":true,"href":"https:\/\/www.europesays.com\/fr\/wp-json\/wp\/v2\/tags?post=448423"}],"curies":[{"name":"wp","href":"https:\/\/api.w.org\/{rel}","templated":true}]}}