{"id":448425,"date":"2025-10-08T21:29:17","date_gmt":"2025-10-08T21:29:17","guid":{"rendered":"https:\/\/www.europesays.com\/fr\/448425\/"},"modified":"2025-10-08T21:29:17","modified_gmt":"2025-10-08T21:29:17","slug":"du-changement-dans-vos-virements-a-partir-de-ce-jeudi","status":"publish","type":"post","link":"https:\/\/www.europesays.com\/fr\/448425\/","title":{"rendered":"Du changement dans vos virements \u00e0 partir de ce jeudi"},"content":{"rendered":"<p>Il faudra d\u00e9sormais \u00e9viter de libeller les virements <a href=\"https:\/\/www.20minutes.fr\/economie\/banque\/\" class=\"c-link c-link--is-underlined\" target=\"_blank\" rel=\"noopener\">bancaires <\/a>vers sa m\u00e8re ou un artisan par simplement \u00ab\u00a0Maman\u00a0\u00bb ou \u00ab\u00a0\u00c9lectricien\u00a0\u00bb, mais pr\u00e9ciser l\u2019identit\u00e9 exacte de vos b\u00e9n\u00e9ficiaires. A partir de jeudi, un service de v\u00e9rification du b\u00e9n\u00e9ficiaire d\u00e9cid\u00e9 au niveau <a href=\"https:\/\/www.20minutes.fr\/dossier\/ue\" class=\"c-link c-link--is-underlined\" target=\"_blank\" rel=\"noopener\">europ\u00e9en <\/a>va \u00eatre appliqu\u00e9. 20 Minutes fait le point sur ce qu\u2019il faut savoir.<\/p>\n<p>Qu\u2019est-ce qui change\u00a0?<\/p>\n<p>\u00c0 partir du 9\u00a0octobre et en application d\u2019un r\u00e8glement europ\u00e9en, toutes les banques de la zone euro mettront en \u0153uvre ce nouveau service qui exigera d\u2019entrer un nom pour tout virement.<\/p>\n<p>\u00ab\u00a0Ce dispositif vise \u00e0 s\u00e9curiser les virements bancaires en v\u00e9rifiant que le nom du b\u00e9n\u00e9ficiaire renseign\u00e9 par le client correspond bien \u00e0 l\u2019IBAN [num\u00e9ro de compte] du compte destinataire\u00a0\u00bb, pour apporter \u00ab\u00a0une protection renforc\u00e9e contre les fraudes\u00a0\u00bb, a pr\u00e9cis\u00e9 la f\u00e9d\u00e9ration bancaire fran\u00e7aise (FFB) fin septembre.<\/p>\n<\/p>\n<p>Lorsqu\u2019un particulier effectuera un virement (instantan\u00e9 ou classique), sa banque interrogera automatiquement la banque du b\u00e9n\u00e9ficiaire pour v\u00e9rifier en temps r\u00e9el la concordance entre le nom saisi et le num\u00e9ro IBAN. Si l\u2019IBAN et le nom du titulaire du compte ne correspondent pas du tout ou pas tout \u00e0 fait, l\u2019\u00e9metteur du virement en sera imm\u00e9diatement inform\u00e9 et pourra alors apporter les corrections n\u00e9cessaires.<\/p>\n<p>Le client pourra \u00ab\u00a0d\u00e9cider de corriger ou confirmer son virement\u00a0\u00bb, et \u00ab\u00a0en cas de non-concordance, le client conserve la libert\u00e9 d\u2019ex\u00e9cuter le virement, mais en toute connaissance de cause\u00a0\u00bb, souligne la FBF.<\/p>\n<p>A quoi \u00e7a sert\u00a0?<\/p>\n<p>Ce service gratuit doit permettre d\u2019\u00e9viter les <a href=\"https:\/\/www.20minutes.fr\/dossier\/fraude\" class=\"c-link c-link--is-underlined\" target=\"_blank\" rel=\"noopener\">fraudes<\/a>, \u00ab\u00a0notamment celles li\u00e9es \u00e0 l\u2019usurpation d\u2019identit\u00e9 ou \u00e0 la manipulation de RIB\u00a0\u00bb, ajoute la f\u00e9d\u00e9ration. La Banque de France estime le pr\u00e9judice \u00e0 183\u00a0millions d\u2019euros en\u00a02024.<\/p>\n<p>Il permet \u00e9galement de r\u00e9duire les erreurs de saisie lors de l\u2019ajout d\u2019un nouveau b\u00e9n\u00e9ficiaire. Ainsi, ce dispositif sert aussi \u00e0 \u00ab\u00a0alerter\u00a0\u00bb, et \u00ab\u00a0responsabiliser l\u2019utilisateur\u00a0\u00bb qui doit v\u00e9rifier aupr\u00e8s du b\u00e9n\u00e9ficiaire du virement que les informations le concernant sont correctes, avant de le valider, ou bien y renoncer, selon Julien Lasalle, secr\u00e9taire du Comit\u00e9 national des moyens de paiements, au sein de la Banque de France.<\/p>\n<p>Pour les b\u00e9n\u00e9ficiaires d\u00e9j\u00e0 enregistr\u00e9s, les banques vont demander de compl\u00e9ter ou corriger le nom et le pr\u00e9nom. La FBF recommande donc \u00ab\u00a0d\u2019utiliser des noms complets et exacts pour les b\u00e9n\u00e9ficiaires\u00a0\u00bb, et de \u00ab\u00a0v\u00e9rifier les alertes de non-concordance avant de valider un virement\u00a0\u00bb.<\/p>\n<p>Est-ce partout dans l\u2019Union europ\u00e9enne\u00a0?<\/p>\n<p>Attention cependant\u00a0: les pays de l\u2019espace SEPA situ\u00e9s en dehors de l\u2019espace \u00e9conomique europ\u00e9en, tels que le Royaume-Uni et la Suisse, ne sont pour l\u2019instant pas soumis \u00e0 l\u2019obligation d\u2019effectuer une v\u00e9rification du b\u00e9n\u00e9ficiaire.<\/p>\n<p><a href=\"https:\/\/www.20minutes.fr\/economie\/banque\/\" class=\"c-link c-btn c-btn--primary\" target=\"_blank\" rel=\"noopener\">Tous nos sujets li\u00e9s \u00e0 la banque<\/a><\/p>\n<p>Celle-ci n\u2019est \u00e9galement pas pr\u00e9vue dans le cas d\u2019un virement entre les territoires fran\u00e7ais relevant de la zone euro et les collectivit\u00e9s fran\u00e7aises du Pacifique (Nouvelle-Cal\u00e9donie, Polyn\u00e9sie fran\u00e7aise et les Iles Wallis-et-Futuna) relevant de la zone Franc Pacifique.<\/p>\n","protected":false},"excerpt":{"rendered":"Il faudra d\u00e9sormais \u00e9viter de libeller les virements bancaires vers sa m\u00e8re ou un artisan par simplement \u00ab\u00a0Maman\u00a0\u00bb&hellip;\n","protected":false},"author":2,"featured_media":448426,"comment_status":"","ping_status":"","sticky":false,"template":"","format":"standard","meta":{"footnotes":""},"categories":[6],"tags":[47,523,24240,35,33,34,1011,27,420,555,8408],"class_list":{"0":"post-448425","1":"post","2":"type-post","3":"status-publish","4":"format-standard","5":"has-post-thumbnail","7":"category-economie","8":"tag-actualite","9":"tag-banque","10":"tag-banque-de-france","11":"tag-business","12":"tag-economie","13":"tag-economy","14":"tag-fr","15":"tag-france","16":"tag-loi","17":"tag-union-europeenne-ue","18":"tag-zone-euro"},"share_on_mastodon":{"url":"https:\/\/pubeurope.com\/@fr\/115340677489793029","error":""},"_links":{"self":[{"href":"https:\/\/www.europesays.com\/fr\/wp-json\/wp\/v2\/posts\/448425","targetHints":{"allow":["GET"]}}],"collection":[{"href":"https:\/\/www.europesays.com\/fr\/wp-json\/wp\/v2\/posts"}],"about":[{"href":"https:\/\/www.europesays.com\/fr\/wp-json\/wp\/v2\/types\/post"}],"author":[{"embeddable":true,"href":"https:\/\/www.europesays.com\/fr\/wp-json\/wp\/v2\/users\/2"}],"replies":[{"embeddable":true,"href":"https:\/\/www.europesays.com\/fr\/wp-json\/wp\/v2\/comments?post=448425"}],"version-history":[{"count":0,"href":"https:\/\/www.europesays.com\/fr\/wp-json\/wp\/v2\/posts\/448425\/revisions"}],"wp:featuredmedia":[{"embeddable":true,"href":"https:\/\/www.europesays.com\/fr\/wp-json\/wp\/v2\/media\/448426"}],"wp:attachment":[{"href":"https:\/\/www.europesays.com\/fr\/wp-json\/wp\/v2\/media?parent=448425"}],"wp:term":[{"taxonomy":"category","embeddable":true,"href":"https:\/\/www.europesays.com\/fr\/wp-json\/wp\/v2\/categories?post=448425"},{"taxonomy":"post_tag","embeddable":true,"href":"https:\/\/www.europesays.com\/fr\/wp-json\/wp\/v2\/tags?post=448425"}],"curies":[{"name":"wp","href":"https:\/\/api.w.org\/{rel}","templated":true}]}}