{"id":448427,"date":"2025-10-08T21:30:16","date_gmt":"2025-10-08T21:30:16","guid":{"rendered":"https:\/\/www.europesays.com\/fr\/448427\/"},"modified":"2025-10-08T21:30:16","modified_gmt":"2025-10-08T21:30:16","slug":"une-reunion-organisee-a-paris-sur-les-modalites-dapres-guerre-suscite-la-colere-israelienne","status":"publish","type":"post","link":"https:\/\/www.europesays.com\/fr\/448427\/","title":{"rendered":"Une r\u00e9union organis\u00e9e \u00e0 Paris sur les modalit\u00e9s d\u2019apr\u00e8s-guerre suscite la col\u00e8re isra\u00e9lienne"},"content":{"rendered":"<p> \u00abUne tentative d\u2019internationalisation du conflit.\u00a0\u00bb Une r\u00e9union pr\u00e9vue jeudi \u00e0 Paris des ministres de pays europ\u00e9ens et arabes pour discuter des \u00ab\u00a0modalit\u00e9s d\u2019un engagement collectif\u00a0\u00bb pour l\u2019apr\u00e8s-guerre dans la bande de <a href=\"https:\/\/www.20minutes.fr\/monde\/gaza\/\" class=\"c-link c-link--is-underlined\" target=\"_blank\" rel=\"noopener\">Gaza<\/a> a suscit\u00e9, avant m\u00eame sa tenue, l\u2019agacement d\u2019<a href=\"https:\/\/www.20minutes.fr\/monde\/israel\/\" class=\"c-link c-link--is-underlined\" target=\"_blank\" rel=\"noopener\">Isra\u00ebl<\/a>.<\/p>\n<p>\u00ab\u00a0Cette r\u00e9union est une nouvelle \u00e9tape dans la poursuite des efforts men\u00e9s par la France depuis de longs mois pour mettre fin \u00e0 la <a href=\"https:\/\/www.20minutes.fr\/monde\/conflit_israelo-palestinien\/\" class=\"c-link c-link--is-underlined\" target=\"_blank\" rel=\"noopener\">guerre \u00e0 Gaza<\/a> et ouvrir un chemin vers la paix\u00a0\u00bb, a affirm\u00e9 une source diplomatique fran\u00e7aise, indiquant qu\u2019elle aborderait \u00ab\u00a0les principaux param\u00e8tres\u00a0\u00bb d\u2019apr\u00e8s-guerre, \u00e0 savoir la s\u00e9curit\u00e9, la gouvernance et la reconstruction.<\/p>\n<p>Une initiative jug\u00e9e \u00ab\u00a0superflue et pr\u00e9judiciable\u00a0\u00bb<\/p>\n<p>Mais pour le ministre isra\u00e9lien des Affaires \u00e9trang\u00e8res Gideon Saar, \u00ab\u00a0la nouvelle initiative du gouvernement fran\u00e7ais, \u00e0 un moment aussi sensible des n\u00e9gociations \u00e0 Charm el-Cheikh, est superflue et pr\u00e9judiciable\u00a0\u00bb, selon un message post\u00e9 sur X. <a href=\"https:\/\/www.20minutes.fr\/monde\/israel\/4177910-20251008-gaza-israel-hamas-rapprochent-toujours-accord-paix-signe\" class=\"c-link c-link--is-underlined\" target=\"_blank\" rel=\"noopener\">Des n\u00e9gociations se d\u00e9roulent cette semaine<\/a> en Egypte pour parvenir \u00e0 un cessez-le-feu dans le petit territoire ravag\u00e9 par deux ans de guerre entre le <a href=\"https:\/\/www.20minutes.fr\/monde\/hamas\/\" class=\"c-link c-link--is-underlined\" target=\"_blank\" rel=\"noopener\">Hamas<\/a> et Isra\u00ebl.<\/p>\n<p>Les ministres du \u00ab\u00a0Quint europ\u00e9en\u00a0\u00bb (Allemagne, Espagne, France, Italie, Royaume Uni), du \u00ab\u00a0Quint arabe\u00a0\u00bb (Arabie saoudite, Egypte, Emirats Arabes Unis, Jordanie, Qatar) ainsi que ceux de l\u2019Union europ\u00e9enne, du Canada et de Turquie, entendent pr\u00e9cis\u00e9ment marquer \u00ab\u00a0leur soutien\u00a0\u00bb jeudi aux n\u00e9gociations en cours sur la base du <a href=\"https:\/\/www.20minutes.fr\/monde\/israel\/4177817-20251007-plan-paix-gaza-reelle-chance-conclure-accord-selon-trump\" class=\"c-link c-link--is-underlined\" target=\"_blank\" rel=\"noopener\">plan propos\u00e9 par le pr\u00e9sident am\u00e9ricain Donald Trump<\/a>, ont pourtant soulign\u00e9 mercredi des sources diplomatiques fran\u00e7aises.<\/p>\n<\/p>\n<p>Co\u00efncidence ou pas, peu avant le message du ministre isra\u00e9lien, la participation du secr\u00e9taire d\u2019Etat am\u00e9ricain <a href=\"https:\/\/www.20minutes.fr\/monde\/4173313-20250916-gaza-alors-gaza-brule-marco-rubio-evoque-fenetre-tres-courte-hamas\" class=\"c-link c-link--is-underlined\" target=\"_blank\" rel=\"noopener\">Marco Rubio<\/a> a \u00e9t\u00e9 annul\u00e9e, officiellement en raison de probl\u00e8mes logistiques.<\/p>\n<p>\u00ab\u00a0Journ\u00e9e importante\u00a0\u00bb<\/p>\n<p>Pour les Isra\u00e9liens, la r\u00e9union de jeudi est \u00ab\u00a0une tentative suppl\u00e9mentaire du pr\u00e9sident <a href=\"https:\/\/www.20minutes.fr\/politique\/emmanuel-macron\/\" class=\"c-link c-link--is-underlined\" target=\"_blank\" rel=\"noopener\">Macron<\/a> de d\u00e9tourner l\u2019attention de ses probl\u00e8mes int\u00e9rieurs au d\u00e9triment d\u2019Isra\u00ebl\u00a0\u00bb, a soulign\u00e9 Gideon Saar, en r\u00e9f\u00e9rence \u00e0 la nouvelle crise politique dans laquelle la France est plong\u00e9e depuis la d\u00e9mission surprise lundi du Premier ministre S\u00e9bastien Lecornu.<\/p>\n<p>\u00ab\u00a0Bien entendu, les participants peuvent aborder les sujets qu\u2019ils souhaitent, mais aucun accord \u00e0 Gaza ne pourra \u00eatre conclu sans le consentement d\u2019Isra\u00ebl\u00a0\u00bb, a insist\u00e9 le ministre isra\u00e9lien. \u00ab\u00a0Rien ne sera d\u00e9cid\u00e9 sur Isra\u00ebl sans Isra\u00ebl. Isra\u00ebl n\u2019acceptera pas l\u2019internationalisation du conflit\u00a0!\u00a0\u00bb<\/p>\n<p>Le ministre italien des Affaires \u00e9trang\u00e8res Antonio Tajani a pour sa part estim\u00e9 que jeudi sera \u00ab\u00a0une journ\u00e9e importante\u00a0\u00bb. \u00ab\u00a0Notre pays est pr\u00eat \u00e0 participer au processus politique d\u2019apr\u00e8s-guerre pour la reconstruction et la r\u00e9unification de la Palestine\u00a0\u00bb, a indiqu\u00e9 une source diplomatique italienne, estimant que le Plan Trump \u00e9tait \u00ab\u00a0le seul possible\u00a0\u00bb.<\/p>\n<p>Annonc\u00e9 le 29\u00a0septembre, le plan du pr\u00e9sident am\u00e9ricain pr\u00e9voit un cessez-le-feu, la lib\u00e9ration dans les 72 heures des otages retenus \u00e0 Gaza, le retrait par \u00e9tapes de l\u2019arm\u00e9e isra\u00e9lienne et le d\u00e9sarmement du Hamas.<\/p>\n<p>\u00ab\u00a0Le gouvernement italien est \u00e9galement pr\u00eat \u00e0 envisager, y compris comme contribution \u00e0 la Force internationale de stabilisation (ISF) pr\u00e9vue par le plan du Pr\u00e9sident Trump, le d\u00e9ploiement potentiel de Carabinieri (gendarmes) pour former les nouvelles forces de police dans la bande de Gaza et en Cisjordanie, o\u00f9 les Carabinieri sont d\u00e9j\u00e0 pr\u00e9sents\u00a0\u00bb, a ajout\u00e9 cette source.<\/p>\n<p>\u00ab\u00a0Agir ensemble\u00a0\u00bb<\/p>\n<p>\u00ab\u00a0En ces heures et ces jours de diplomatie, il est essentiel d\u2019agir ensemble et de s\u2019atteler \u00e0 la t\u00e2che\u00a0\u00bb, a soulign\u00e9 pour sa part mercredi le ministre allemand des Affaires \u00e9trang\u00e8res Johann Wadephul. \u00ab\u00a0De nombreux \u00c9tats sont pr\u00eats \u00e0 s\u2019engager pour que le plan de paix am\u00e9ricain aboutisse et que l\u2019espoir de paix devienne rapidement r\u00e9alit\u00e9\u00a0\u00bb, a-t-il ajout\u00e9. \u00ab\u00a0Pour cela, Gaza ne doit plus repr\u00e9senter une menace pour Isra\u00ebl. Et pour cela, les habitants de la bande de Gaza ont avant tout besoin, outre l\u2019aide humanitaire urgente, de perspectives politiques et \u00e9conomiques\u00a0\u00bb.<\/p>\n<p>Cette r\u00e9union s\u2019inscrit dans la continuit\u00e9 de l\u2019initiative franco-saoudienne en faveur de la solution \u00e0 deux Etats, qui a abouti \u00e0 la d\u00e9claration de New York l\u2019\u00e9t\u00e9 dernier et \u00ab\u00a0a facilit\u00e9 l\u2019adoption du plan am\u00e9ricain\u00a0\u00bb, ont expliqu\u00e9 les sources diplomatiques fran\u00e7aises.<\/p>\n<p>Mais le gouvernement isra\u00e9lien est particuli\u00e8rement irrit\u00e9 par l\u2019invitation de gouvernements jug\u00e9s \u00ab\u00a0ouvertement hostiles \u00e0 Isra\u00ebl, comme celui de (l\u2019Espagnol Pedro) Sanchez\u00a0\u00bb. C\u2019est \u00ab\u00a0particuli\u00e8rement inacceptable\u00a0\u00bb, \u00e9crit-il. Le minist\u00e8re fran\u00e7ais des Affaires \u00e9trang\u00e8res s\u2019est refus\u00e9 \u00e0 tout commentaire sur ces critiques.<\/p>\n","protected":false},"excerpt":{"rendered":"\u00abUne tentative d\u2019internationalisation du conflit.\u00a0\u00bb Une r\u00e9union pr\u00e9vue jeudi \u00e0 Paris des ministres de pays europ\u00e9ens et arabes&hellip;\n","protected":false},"author":2,"featured_media":448428,"comment_status":"","ping_status":"","sticky":false,"template":"","format":"standard","meta":{"footnotes":""},"categories":[5],"tags":[47,11,3259,1011,27,3519,662,14,664,74,12,3518,626,28],"class_list":{"0":"post-448427","1":"post","2":"type-post","3":"status-publish","4":"format-standard","5":"has-post-thumbnail","7":"category-international","8":"tag-actualite","9":"tag-actualites","10":"tag-conflit-israelo-palestinien","11":"tag-fr","12":"tag-france","13":"tag-hamas","14":"tag-ile-de-france","15":"tag-international","16":"tag-israel","17":"tag-monde","18":"tag-news","19":"tag-palestine","20":"tag-paris","21":"tag-world"},"share_on_mastodon":{"url":"https:\/\/pubeurope.com\/@fr\/115340681217905307","error":""},"_links":{"self":[{"href":"https:\/\/www.europesays.com\/fr\/wp-json\/wp\/v2\/posts\/448427","targetHints":{"allow":["GET"]}}],"collection":[{"href":"https:\/\/www.europesays.com\/fr\/wp-json\/wp\/v2\/posts"}],"about":[{"href":"https:\/\/www.europesays.com\/fr\/wp-json\/wp\/v2\/types\/post"}],"author":[{"embeddable":true,"href":"https:\/\/www.europesays.com\/fr\/wp-json\/wp\/v2\/users\/2"}],"replies":[{"embeddable":true,"href":"https:\/\/www.europesays.com\/fr\/wp-json\/wp\/v2\/comments?post=448427"}],"version-history":[{"count":0,"href":"https:\/\/www.europesays.com\/fr\/wp-json\/wp\/v2\/posts\/448427\/revisions"}],"wp:featuredmedia":[{"embeddable":true,"href":"https:\/\/www.europesays.com\/fr\/wp-json\/wp\/v2\/media\/448428"}],"wp:attachment":[{"href":"https:\/\/www.europesays.com\/fr\/wp-json\/wp\/v2\/media?parent=448427"}],"wp:term":[{"taxonomy":"category","embeddable":true,"href":"https:\/\/www.europesays.com\/fr\/wp-json\/wp\/v2\/categories?post=448427"},{"taxonomy":"post_tag","embeddable":true,"href":"https:\/\/www.europesays.com\/fr\/wp-json\/wp\/v2\/tags?post=448427"}],"curies":[{"name":"wp","href":"https:\/\/api.w.org\/{rel}","templated":true}]}}