{"id":448429,"date":"2025-10-08T21:31:10","date_gmt":"2025-10-08T21:31:10","guid":{"rendered":"https:\/\/www.europesays.com\/fr\/448429\/"},"modified":"2025-10-08T21:31:10","modified_gmt":"2025-10-08T21:31:10","slug":"apres-avoir-joue-avec-le-feu-la-droite-tente-deviter-limplosion","status":"publish","type":"post","link":"https:\/\/www.europesays.com\/fr\/448429\/","title":{"rendered":"apr\u00e8s avoir jou\u00e9 avec le feu, la droite tente d\u2019\u00e9viter l\u2019implosion"},"content":{"rendered":"<p>\n    <strong>D\u00c9CRYPTAGE &#8211;<\/strong> Les divergences entre Bruno Retailleau et Laurent Wauquiez sur les conditions du soutien au prochain gouvernement ont cr\u00e9\u00e9 des dissensions internes chez les R\u00e9publicains.<\/p>\n<p class=\"fig-paragraph\">Une r\u00e9action en cha\u00eene. Dimanche,\u00a0<a href=\"http:\/\/www.lefigaro.fr\/politique\/bruno-retailleau-l-homme-par-qui-la-rupture-est-arrivee-20251006\" data-fig-type=\"Article\" data-gtm-custom-categorie=\"navigation\" data-gtm-custom-action=\"crossclick\" data-gtm-custom-label=\"Contextuel\" data-gtm-event=\"customEventSPE\" data-fig-domain=\"LEFIGARO\" target=\"_blank\" rel=\"noopener\">Bruno Retailleau a ferm\u00e9 la porte au gouvernement propos\u00e9 par S\u00e9bastien Lecornu<\/a>, estimant que les conditions n\u2019\u00e9taient pas r\u00e9unies pour que Les R\u00e9publicains (LR) y participent. Une d\u00e9flagration qui a boulevers\u00e9 les plans de l\u2019ex-premier ministre, qui a depuis multipli\u00e9 les rendez-vous avec les forces dites \u00ab\u200ar\u00e9publicaines\u00a0\u00bb afin d\u2019\u00e9tablir la \u00ab\u200aplateforme d\u2019action et de stabilit\u00e9\u00a0\u00bb r\u00e9clam\u00e9e par Emmanuel Macron. L\u2019occasion pour une partie du camp pr\u00e9sidentiel d\u2019ouvrir la porte\u00a0<a href=\"http:\/\/www.lefigaro.fr\/conjoncture\/age-legal-carrieres-longues-ce-qu-impliquerait-concretement-une-suspension-de-la-reforme-des-retraites-20251008\" data-fig-type=\"Article\" data-gtm-custom-categorie=\"navigation\" data-gtm-custom-action=\"crossclick\" data-gtm-custom-label=\"Contextuel\" data-gtm-event=\"customEventSPE\" data-fig-domain=\"LEFIGARO\" target=\"_blank\" rel=\"noopener\">\u00e0 la suspension de la r\u00e9forme des retraites<\/a>.<\/p>\n<p class=\"fig-paragraph\">De quoi ulc\u00e9rer Bruno Retailleau, qui, apr\u00e8s avoir bataill\u00e9 pendant des ann\u00e9es pour relever\u00a0<a href=\"http:\/\/www.lefigaro.fr\/social\/retraite-a-quel-age-partent-vraiment-les-francais-20250617\" data-fig-type=\"NewsFlash\" data-gtm-custom-categorie=\"navigation\" data-gtm-custom-action=\"crossclick\" data-gtm-custom-label=\"Contextuel\" data-gtm-event=\"customEventSPE\" data-fig-domain=\"LEFIGARO\" target=\"_blank\" rel=\"noopener\">l\u2019\u00e2ge de d\u00e9part \u00e0 la retraite<\/a>\u00a0afin de redresser les finances publiques, a refus\u00e9 de soutenir une telle mesure, d\u00e8s son entretien avec S\u00e9bastien \u00acLecornu, mardi. Le soir m\u00eame,<a href=\"http:\/\/www.lefigaro.fr\/politique\/laurent-wauquiez-n-entre-pas-au-gouvernement-mais-son-ambition-presidentielle-reste-intacte-20251005\" data-fig-type=\"Article\" data-gtm-custom-categorie=\"navigation\" data-gtm-custom-action=\"crossclick\" data-gtm-custom-label=\"Contextuel\" data-gtm-event=\"customEventSPE\" data-fig-domain=\"LEFIGARO\" target=\"_blank\" rel=\"noopener\">\u00a0Laurent Wauquiez<\/a>\u00a0(qui lui aussi a eu le droit \u00e0 son rendez-vous \u00e0 Matignon) r\u00e9unissait les d\u00e9put\u00e9s Droite r\u00e9publicaine (DR). Et les t\u00e9l\u00e9phones ont chauff\u00e9. Si bien que\u2026<\/p>\n<p class=\"fig-premium-paywall__infos\">\n        Cet article est r\u00e9serv\u00e9 aux abonn\u00e9s.        Il vous reste 89% \u00e0 d\u00e9couvrir.\n    <\/p>\n<p>                <img  data- alt=\"Le Figaro\" class=\"fig-img--complete fig-img\"\/><\/p>\n<p class=\"fig-premium-paywall__title\">J-100, Le Figaro f\u00eate ses 200 ans<\/p>\n<p class=\"fig-premium-paywall__subtitle\">Offre anniversaire : 2\u20ac\/mois pendant 200 semaines<\/p>\n<p class=\"fig-premium-paywall__connect\">\n                D\u00e9j\u00e0 abonn\u00e9\u00a0?                <a class=\"fig-premium-paywall__connect-link\" href=\"https:\/\/connect.lefigaro.fr\/login?client=horizon_web&amp;type=main&amp;redirect_uri=https%3A%2F%2Fwww.lefigaro.fr%2Fpolitique%2Fcrise-politique-au-bord-de-l-implosion-la-droite-joue-avec-le-feu-20251008\" data-js-gtm=\"{&quot;customCategorie&quot;: &quot;conversion&quot;, &quot;customAction&quot;: &quot;before_Landing_Connexion_paywall_auto&quot;, &quot;customLabel&quot;: &quot;bGVmaWdhcm8uZnJfXzFmMGE0MzM0LTZhNmEtNjA4YS05NGQ0LTUzZTYxZGUwMDBlNF9fQXJ0aWNsZQ==_Crise politique\u00a0: apr\u00e8s avoir jou\u00e9 avec le feu, la droite tente d\u2019\u00e9viter l\u2019implosion_432&quot;, &quot;customIDSPE&quot;: &quot;bGVmaWdhcm8uZnJfXzFmMGE0MzM0LTZhNmEtNjA4YS05NGQ0LTUzZTYxZGUwMDBlNF9fQXJ0aWNsZQ==&quot;, &quot;event&quot;: &quot;customEventSPE&quot;}\" target=\"_blank\" rel=\"noopener\"><br \/>\n                    Connectez-vous<br \/>\n                <\/a>\n            <\/p>\n","protected":false},"excerpt":{"rendered":"D\u00c9CRYPTAGE &#8211; Les divergences entre Bruno Retailleau et Laurent Wauquiez sur les conditions du soutien au prochain gouvernement&hellip;\n","protected":false},"author":2,"featured_media":448430,"comment_status":"","ping_status":"","sticky":false,"template":"","format":"standard","meta":{"footnotes":""},"categories":[4],"tags":[11,1013,1011,27,5639,6319,12,25,11067],"class_list":{"0":"post-448429","1":"post","2":"type-post","3":"status-publish","4":"format-standard","5":"has-post-thumbnail","7":"category-france","8":"tag-actualites","9":"tag-bruno-retailleau","10":"tag-fr","11":"tag-france","12":"tag-laurent-wauquiez","13":"tag-les-republicains","14":"tag-news","15":"tag-republique-francaise","16":"tag-sebastien-lecornu"},"share_on_mastodon":{"url":"https:\/\/pubeurope.com\/@fr\/115340685079623479","error":""},"_links":{"self":[{"href":"https:\/\/www.europesays.com\/fr\/wp-json\/wp\/v2\/posts\/448429","targetHints":{"allow":["GET"]}}],"collection":[{"href":"https:\/\/www.europesays.com\/fr\/wp-json\/wp\/v2\/posts"}],"about":[{"href":"https:\/\/www.europesays.com\/fr\/wp-json\/wp\/v2\/types\/post"}],"author":[{"embeddable":true,"href":"https:\/\/www.europesays.com\/fr\/wp-json\/wp\/v2\/users\/2"}],"replies":[{"embeddable":true,"href":"https:\/\/www.europesays.com\/fr\/wp-json\/wp\/v2\/comments?post=448429"}],"version-history":[{"count":0,"href":"https:\/\/www.europesays.com\/fr\/wp-json\/wp\/v2\/posts\/448429\/revisions"}],"wp:featuredmedia":[{"embeddable":true,"href":"https:\/\/www.europesays.com\/fr\/wp-json\/wp\/v2\/media\/448430"}],"wp:attachment":[{"href":"https:\/\/www.europesays.com\/fr\/wp-json\/wp\/v2\/media?parent=448429"}],"wp:term":[{"taxonomy":"category","embeddable":true,"href":"https:\/\/www.europesays.com\/fr\/wp-json\/wp\/v2\/categories?post=448429"},{"taxonomy":"post_tag","embeddable":true,"href":"https:\/\/www.europesays.com\/fr\/wp-json\/wp\/v2\/tags?post=448429"}],"curies":[{"name":"wp","href":"https:\/\/api.w.org\/{rel}","templated":true}]}}