{"id":448437,"date":"2025-10-08T21:35:17","date_gmt":"2025-10-08T21:35:17","guid":{"rendered":"https:\/\/www.europesays.com\/fr\/448437\/"},"modified":"2025-10-08T21:35:17","modified_gmt":"2025-10-08T21:35:17","slug":"urbain-lefevre-juge-des-vendredi-devant-les-assises-de-nancy-pour-lassassinat-de-larlonaise-france-gerard-en-novembre-2020","status":"publish","type":"post","link":"https:\/\/www.europesays.com\/fr\/448437\/","title":{"rendered":"Urbain Lef\u00e8vre jug\u00e9 d\u00e8s vendredi devant les assises de Nancy pour l&rsquo;assassinat de l&rsquo;Arlonaise France G\u00e9rard en novembre 2020"},"content":{"rendered":"<p class=\"text-left ap-StoryElement ap-StoryElement--mb ap-StoryText\">\u00c0 cette \u00e9poque, France G\u00e9rard s&rsquo;\u00e9tait s\u00e9par\u00e9e d&rsquo;Urbain Lef\u00e8vre avec qui elle avait v\u00e9cu une relation d&rsquo;une quinzaine d&rsquo;ann\u00e9es. Ensemble, ils ont eu une fille.<\/p>\n<p class=\"text-left ap-StoryElement ap-StoryElement--mb ap-StoryText\">Ce dernier, un Belge vivant \u00e0 Mont-Saint-Martin, en France, vivait mal la rupture. Tr\u00e8s vite les soup\u00e7ons se sont port\u00e9s sur lui. Mis en examen et plac\u00e9 sous mandat d&rsquo;arr\u00eat par la justice fran\u00e7aise pour assassinat (donc meurtre avec pr\u00e9m\u00e9ditation) et s\u00e9questration, il niera dans un premier temps toute implication.<\/p>\n<p class=\"text-left ap-StoryElement ap-StoryElement--mb ap-StoryText\">Puis il a parl\u00e9 d&rsquo;un coup de feu accidentel qui aurait touch\u00e9 France G\u00e9rard dans son habitation de Mont-Saint-Martin. La mort de la victime remonterait au 16 novembre 2020.<\/p>\n<p>L&rsquo;accus\u00e9 a de nouveau chang\u00e9 de version<\/p>\n<p class=\"text-left ap-StoryElement ap-StoryElement--mb ap-StoryText\">Avant son proc\u00e8s, il a de nouveau chang\u00e9 de version.<\/p>\n<p class=\"text-left ap-StoryElement ap-StoryElement--mb ap-StoryText\">\u00ab\u00a0Il dit d\u00e9sormais qu&rsquo;il n&rsquo;\u00e9tait pas pr\u00e9sent\u00a0\u00bb, indique, en effet, l&rsquo;avocate arlonaise Me Doroth\u00e9e Kauten qui assurera la d\u00e9fense de la fille de France G\u00e9rard, et fille aussi de l&rsquo;accus\u00e9, partie civile lors de ce proc\u00e8s d&rsquo;assises.<\/p>\n<p class=\"text-left ap-StoryElement ap-StoryElement--mb ap-StoryText\">La jeune fille, adolescente au moment des faits, est d\u00e9sormais majeure.<\/p>\n<p class=\"text-left ap-StoryElement ap-StoryElement--mb ap-StoryText\">\u00ab\u00a0Ma cliente attend du proc\u00e8s que chacun soit honn\u00eate et franc\u200a; et que la v\u00e9rit\u00e9 soit dite, confie Me Kauten, qui l&rsquo;assistera donc aussi pour ce proc\u00e8s de l&rsquo;autre c\u00f4t\u00e9 de la fronti\u00e8re. Vu la situation, elle s&rsquo;interroge sur la suite pour son p\u00e8re vu qu&rsquo;il a d\u00e9j\u00e0 plus de 70 ans.\u00a0\u00bb<\/p>\n<p class=\"text-left ap-StoryElement ap-StoryElement--mb ap-StoryText\">\u00c0 noter que d&rsquo;autres parties civiles seront d\u00e9fendues par d&rsquo;autres conseils\u200a; \u00e0 savoir le fils de France G\u00e9rard n\u00e9 d&rsquo;une pr\u00e9c\u00e9dente union ainsi que les proches de la victime.<\/p>\n<p>Un proc\u00e8s en France cinq apr\u00e8s les faits<\/p>\n<p class=\"text-left ap-StoryElement ap-StoryElement--mb ap-StoryText\">Le proc\u00e8s se d\u00e9roulera cinq apr\u00e8s les faits soit un d\u00e9lai pouvant \u00eatre consid\u00e9r\u00e9 comme long. Mais qui peut s&rsquo;expliquer par plusieurs facteurs. Selon les \u00e9l\u00e9ments du dossier, France G\u00e9rard aurait \u00e9t\u00e9 tu\u00e9e \u00e0 Mont-Saint-Martin en France avant que son corps soit transport\u00e9 en Belgique o\u00f9 il avait \u00e9t\u00e9 retrouv\u00e9. Autorit\u00e9s judiciaires belges et fran\u00e7aises ont donc d\u00fb s&rsquo;accorder alors que les faits et les premiers devoirs d&rsquo;enqu\u00eate ont eu lieu de plus en p\u00e9riode de Covid. Par ailleurs, trois juges d&rsquo;instruction se sont succ\u00e9d\u00e9 dans ce dossier en France, ce qui a pu retarder le d\u00e9roulement de la proc\u00e9dure.<\/p>\n<p class=\"text-left ap-StoryElement ap-StoryElement--mb ap-StoryText\">Une semaine de proc\u00e8s est pr\u00e9vue devant la cour d&rsquo;assises \u00e0 Nancy.<\/p>\n<p>Une proc\u00e9dure un peu diff\u00e9rente en France par rapport \u00e0 la Belgique<img loading=\"lazy\" decoding=\"async\" class=\"w-full lazyload lazyload--opacity object-contain\" style=\"aspect-ratio:80 \/ 100;opacity:1\" alt=\"Doroth\u00e9e Kauten\" width=\"768\" height=\"961\" fetchpriority=\"auto\" src=\"https:\/\/www.europesays.com\/fr\/wp-content\/uploads\/2025\/05\/S5VKD3X55FFF3BW6V4SEHXNP7I.png\"  data- data-optimumx=\"1\"\/>L&rsquo;avocate Doroth\u00e9e Kauten franchira la fronti\u00e8re pour assurer la d\u00e9fense de la partie civile au proc\u00e8s \u00e0 Nancy. \u00a9EDA &#8211; Claudy Petit<\/p>\n<p class=\"ap-StoryElement ap-StoryElement--mb ap-StoryText\">Urbain Lef\u00e8vre devra donc r\u00e9pondre d&rsquo;assassinat devant une cour d&rsquo;assises, juridiction compos\u00e9e, comme en Belgique, de magistrats professionnels et de jur\u00e9s, \u00e0 savoir des citoyens tir\u00e9s au sort pour assurer cette fonction. Mais la proc\u00e9dure en France est simplifi\u00e9e pour certains aspects par rapport \u00e0 une cour d&rsquo;assises belge.<\/p>\n<p class=\"ap-StoryElement ap-StoryElement--mb ap-StoryText\">Tout d&rsquo;abord, l&rsquo;avocat g\u00e9n\u00e9ral \u2013 repr\u00e9sentant le minist\u00e8re public \u2013 ne lit pas d&rsquo;acte d&rsquo;accusation \u00e0 l&rsquo;ouverture du proc\u00e8s afin de r\u00e9sumer les faits reproch\u00e9s \u00e0 l&rsquo;accus\u00e9 et les \u00e9l\u00e9ments de l&rsquo;instruction. Les jur\u00e9s sont vite plong\u00e9s dans l&rsquo;examen du dossier avec l&rsquo;audition du directeur d&rsquo;enqu\u00eate (et non du juge d&rsquo;instruction, des premiers intervenants ou des enqu\u00eateurs de la police judiciaire ensemble comme chez nous).<\/p>\n<p class=\"ap-StoryElement ap-StoryElement--mb ap-StoryText\">L&rsquo;accus\u00e9 est aussi invit\u00e9 \u00e0 livrer sa position \u00e0 l&rsquo;entame du proc\u00e8s, et est par la suite interrog\u00e9 \u00e0 plusieurs moments.<\/p>\n<p>Un seul d\u00e9bat pour la culpabilit\u00e9 et la peine<\/p>\n<p class=\"ap-StoryElement ap-StoryElement--mb ap-StoryText\">Contrairement \u00e0 la proc\u00e9dure belge, des t\u00e9moins de moralit\u00e9, connaissant l&rsquo;accus\u00e9 ou la victime, mais non li\u00e9s directement aux faits, ne sont pas entendus devant la cour d&rsquo;assises en France.<\/p>\n<p class=\"ap-StoryElement ap-StoryElement--mb ap-StoryText\">Lors des plaidoiries, les parties civiles ont la parole en dernier contrairement \u00e0 la proc\u00e9dure belge dans laquelle elles d\u00e9butent.<\/p>\n<p class=\"ap-StoryElement ap-StoryElement--mb ap-StoryText\">Le d\u00e9bat \u00e0 la fois sur la culpabilit\u00e9 et sur la peine \u00e9ventuelle a lieu \u00e9galement en un temps, et non en deux phases comme chez nous. Un seul verdict \u00e0 la fois sur la culpabilit\u00e9 et la peine est donc prononc\u00e9 \u00e0 l&rsquo;issue de la d\u00e9lib\u00e9ration de la cour et du jury.<\/p>\n<p class=\"ap-StoryElement ap-StoryElement--mb ap-StoryText\">Enfin, diff\u00e9rence de taille, les d\u00e9cisions d&rsquo;une cour d&rsquo;assises peuvent donner lieu \u00e0 un appel en France, et le dossier est donc susceptible d&rsquo;\u00eatre rejug\u00e9.<\/p>\n<p class=\"ap-StoryElement ap-StoryElement--mb ap-StoryText\"><b>L&rsquo;Avenir couvrira quotidiennement ce proc\u00e8s dans ses pages et sur www.lavenir.net.<\/b><\/p>\n","protected":false},"excerpt":{"rendered":"\u00c0 cette \u00e9poque, France G\u00e9rard s&rsquo;\u00e9tait s\u00e9par\u00e9e d&rsquo;Urbain Lef\u00e8vre avec qui elle avait v\u00e9cu une relation d&rsquo;une quinzaine&hellip;\n","protected":false},"author":2,"featured_media":448438,"comment_status":"","ping_status":"","sticky":false,"template":"","format":"standard","meta":{"footnotes":"","_share_on_mastodon":"0"},"categories":[9635],"tags":[1111,11,56116,1777,674,1011,27,775,1702,12,25],"class_list":["post-448437","post","type-post","status-publish","format-standard","has-post-thumbnail","category-nancy","tag-actu","tag-actualites","tag-arlon","tag-eu","tag-europe","tag-fr","tag-france","tag-grand-est","tag-nancy","tag-news","tag-republique-francaise"],"share_on_mastodon":{"url":"https:\/\/pubeurope.com\/@fr\/115340701398080704","error":""},"_links":{"self":[{"href":"https:\/\/www.europesays.com\/fr\/wp-json\/wp\/v2\/posts\/448437","targetHints":{"allow":["GET"]}}],"collection":[{"href":"https:\/\/www.europesays.com\/fr\/wp-json\/wp\/v2\/posts"}],"about":[{"href":"https:\/\/www.europesays.com\/fr\/wp-json\/wp\/v2\/types\/post"}],"author":[{"embeddable":true,"href":"https:\/\/www.europesays.com\/fr\/wp-json\/wp\/v2\/users\/2"}],"replies":[{"embeddable":true,"href":"https:\/\/www.europesays.com\/fr\/wp-json\/wp\/v2\/comments?post=448437"}],"version-history":[{"count":0,"href":"https:\/\/www.europesays.com\/fr\/wp-json\/wp\/v2\/posts\/448437\/revisions"}],"wp:featuredmedia":[{"embeddable":true,"href":"https:\/\/www.europesays.com\/fr\/wp-json\/wp\/v2\/media\/448438"}],"wp:attachment":[{"href":"https:\/\/www.europesays.com\/fr\/wp-json\/wp\/v2\/media?parent=448437"}],"wp:term":[{"taxonomy":"category","embeddable":true,"href":"https:\/\/www.europesays.com\/fr\/wp-json\/wp\/v2\/categories?post=448437"},{"taxonomy":"post_tag","embeddable":true,"href":"https:\/\/www.europesays.com\/fr\/wp-json\/wp\/v2\/tags?post=448437"}],"curies":[{"name":"wp","href":"https:\/\/api.w.org\/{rel}","templated":true}]}}