{"id":448439,"date":"2025-10-08T21:36:27","date_gmt":"2025-10-08T21:36:27","guid":{"rendered":"https:\/\/www.europesays.com\/fr\/448439\/"},"modified":"2025-10-08T21:36:27","modified_gmt":"2025-10-08T21:36:27","slug":"14-personnes-evacuees-le-secteur-boucle-ce-que-lon-sait","status":"publish","type":"post","link":"https:\/\/www.europesays.com\/fr\/448439\/","title":{"rendered":"14 personnes \u00e9vacu\u00e9es, le secteur boucl\u00e9, ce que l&rsquo;on sait"},"content":{"rendered":"<p>            Par<br \/>\n        <strong><br \/>\n            <a href=\"https:\/\/actu.fr\/auteur\/melissa-keller\" title=\"Consulter tous les articles de Melissa Keller\" rel=\"nofollow noopener\" target=\"_blank\">Melissa Keller<\/a><br \/>\n        <\/strong><\/p>\n<p>        Publi\u00e9 le<\/p>\n<p>            8 oct. 2025 \u00e0 18h54        <\/p>\n<p>Un <a href=\"https:\/\/actu.fr\/tag\/incendie\" rel=\"nofollow noopener\" target=\"_blank\">incendie<\/a> s\u2019est d\u00e9clench\u00e9 ce mercredi en d\u00e9but d\u2019apr\u00e8s-midi <strong>avenue de Nancy<\/strong>, dans le <a href=\"https:\/\/actu.fr\/grand-est\/metz_57463\/ce-quartier-de-metz-ne-compte-aucune-cellule-commerciale-vacante-c-est-dynamique-et-convivial_63237808.html\" rel=\"nofollow noopener\" target=\"_blank\">quartier Sainte Th\u00e9r\u00e8se<\/a>, \u00e0 <strong>Metz<\/strong> (Moselle). <strong>Une quinzaine de personnes ont \u00e9t\u00e9 \u00e9vacu\u00e9es<\/strong>, dont des enfants. Le feu est d\u00e9sormais \u00e9teint, mais les <a href=\"https:\/\/actu.fr\/tag\/pompiers\" rel=\"nofollow noopener\" target=\"_blank\">pompiers<\/a> sont toujours sur place. Les habitants n\u2019ont pas encore pu regagner leur logement. Voici ce que l\u2019on sait.<\/p>\n<p>Tout le secteur de l\u2019avenue de Nancy toujours boucl\u00e9<\/p>\n<p class=\" wall-content\">Un incendie s\u2019est d\u00e9clar\u00e9 dans <strong>les combles non habit\u00e9s<\/strong> d\u2019un immeuble situ\u00e9 \u00e0 hauteur de l\u2019avenue de Nancy et de la rue Charles Abel. L\u2019\u00e9tage juste en dessous est \u00e9galement inoccup\u00e9. La toiture est largement endommag\u00e9e. <strong>45 pompiers ont \u00e9t\u00e9 mobilis\u00e9s<\/strong>.<\/p>\n<p>    <img   decoding=\"async\" loading=\"lazy\" src=\"https:\/\/www.europesays.com\/fr\/wp-content\/uploads\/2025\/10\/avenue-de-nancy-2-960x640.jpg\" alt=\"45 pompiers ont \u00e9t\u00e9 mobilis\u00e9s.\" width=\"960\" height=\"640\"\/><br \/>\n    45 pompiers ont \u00e9t\u00e9 mobilis\u00e9s. (\u00a9Ninon Oget \/ Lorraine Actu)<\/p>\n<p class=\" wall-content\">14\u00a0personnes \u2013 <strong>dont 4\u00a0enfants<\/strong> \u2013 pr\u00e9sentes dans l\u2019immeuble ont \u00e9t\u00e9 \u00e9vacu\u00e9es pour le moment. Elles devraient pouvoir regagner leur logement dans quelques heures. Une \u00e9tudiante en m\u00e9decine, qui devait passer son concours blanc et habitant l\u2019immeuble, a \u00e9t\u00e9 accueillie dans la mairie de quartier pour le passer en toute s\u00e9r\u00e9nit\u00e9. <strong>Aucun bless\u00e9 n\u2019est \u00e0 d\u00e9plorer<\/strong> selon Julien Husson, premier adjoint \u00e0 la Ville de Metz.<\/p>\n<p>    <img   decoding=\"async\" loading=\"lazy\" src=\"https:\/\/www.europesays.com\/fr\/wp-content\/uploads\/2025\/10\/avenue-de-nancy-1-960x640.jpg\" alt=\"14 personnes ont \u00e9t\u00e9 \u00e9vacu\u00e9es, dont 4 enfants.\" width=\"960\" height=\"640\"\/><br \/>\n    14\u00a0personnes ont \u00e9t\u00e9 \u00e9vacu\u00e9es, dont 4\u00a0enfants. (\u00a9Ninon Oget \/ Lorraine Actu)<\/p>\n<p class=\" wall-content\">Les lev\u00e9es de doute ont \u00e9t\u00e9 faites. Vers 18h30 ce mercredi, tout le secteur \u00e9tait encore boucl\u00e9 mais un sens de circulation, avenue de Nancy, vient de rouvrir.<\/p>\n<p class=\" wall-content\"><strong>Avec Ninon Oget.<\/strong><\/p>\n<p class=\" wall-content\">Personnalisez votre actualit\u00e9 en ajoutant vos villes et m\u00e9dias en favori avec <a href=\"https:\/\/moncompte.actu.fr\" title=\"D\u00e9couvez Mon Actu\" rel=\"nofollow noopener\" data-trk=\"{&quot;cta&quot;:{&quot;action&quot;:&quot;https:\\\/\\\/moncompte.actu.fr&quot;,&quot;category&quot;:&quot;mon compte&quot;,&quot;from&quot;:&quot;article footer&quot;,&quot;name&quot;:&quot;Mon actu&quot;,&quot;type&quot;:&quot;cta&quot;}}\" target=\"_blank\">Mon Actu<\/a>.<\/p>\n","protected":false},"excerpt":{"rendered":"Par Melissa Keller Publi\u00e9 le 8 oct. 2025 \u00e0 18h54 Un incendie s\u2019est d\u00e9clench\u00e9 ce mercredi en d\u00e9but&hellip;\n","protected":false},"author":2,"featured_media":448440,"comment_status":"","ping_status":"","sticky":false,"template":"","format":"standard","meta":{"footnotes":""},"categories":[9635],"tags":[1111,11,1777,674,118,1011,27,775,1310,1702,12,1311,25],"class_list":{"0":"post-448439","1":"post","2":"type-post","3":"status-publish","4":"format-standard","5":"has-post-thumbnail","7":"category-nancy","8":"tag-actu","9":"tag-actualites","10":"tag-eu","11":"tag-europe","12":"tag-faits-divers","13":"tag-fr","14":"tag-france","15":"tag-grand-est","16":"tag-incendie","17":"tag-nancy","18":"tag-news","19":"tag-pompiers","20":"tag-republique-francaise"},"share_on_mastodon":{"url":"https:\/\/pubeurope.com\/@fr\/115340705321043766","error":""},"_links":{"self":[{"href":"https:\/\/www.europesays.com\/fr\/wp-json\/wp\/v2\/posts\/448439","targetHints":{"allow":["GET"]}}],"collection":[{"href":"https:\/\/www.europesays.com\/fr\/wp-json\/wp\/v2\/posts"}],"about":[{"href":"https:\/\/www.europesays.com\/fr\/wp-json\/wp\/v2\/types\/post"}],"author":[{"embeddable":true,"href":"https:\/\/www.europesays.com\/fr\/wp-json\/wp\/v2\/users\/2"}],"replies":[{"embeddable":true,"href":"https:\/\/www.europesays.com\/fr\/wp-json\/wp\/v2\/comments?post=448439"}],"version-history":[{"count":0,"href":"https:\/\/www.europesays.com\/fr\/wp-json\/wp\/v2\/posts\/448439\/revisions"}],"wp:featuredmedia":[{"embeddable":true,"href":"https:\/\/www.europesays.com\/fr\/wp-json\/wp\/v2\/media\/448440"}],"wp:attachment":[{"href":"https:\/\/www.europesays.com\/fr\/wp-json\/wp\/v2\/media?parent=448439"}],"wp:term":[{"taxonomy":"category","embeddable":true,"href":"https:\/\/www.europesays.com\/fr\/wp-json\/wp\/v2\/categories?post=448439"},{"taxonomy":"post_tag","embeddable":true,"href":"https:\/\/www.europesays.com\/fr\/wp-json\/wp\/v2\/tags?post=448439"}],"curies":[{"name":"wp","href":"https:\/\/api.w.org\/{rel}","templated":true}]}}