{"id":448449,"date":"2025-10-08T21:41:16","date_gmt":"2025-10-08T21:41:16","guid":{"rendered":"https:\/\/www.europesays.com\/fr\/448449\/"},"modified":"2025-10-08T21:41:16","modified_gmt":"2025-10-08T21:41:16","slug":"a-rouen-un-institut-de-bronzage-incendie-avant-son-ouverture","status":"publish","type":"post","link":"https:\/\/www.europesays.com\/fr\/448449\/","title":{"rendered":"A Rouen, un institut de bronzage incendi\u00e9 avant son ouverture"},"content":{"rendered":"\n<p style=\"text-align: left;\" align=\"justify\">L&rsquo;\u00e9tablissement \u00ab\u00a0Coco Sun\u00a0\u00bb devait ouvrir dans moins d&rsquo;une semaine, \u00e0 Rouen, \u00e0 proximit\u00e9 du th\u00e9\u00e2tre des arts. Mais il n&rsquo;en sera rien, car un incendie, survenu dans la nuit du 5 au 6 octobre, a d\u00e9truit ou rendu inutilisable le mat\u00e9riel dans lequel avait investi Nastasia Lefran\u00e7ois. La responsable qui nous fait part de son d\u00e9sarroi\u00a0: \u00ab\u00a0C&rsquo;est de la tristesse, de la col\u00e8re. Je me doute bien que&#8230; (elle s&rsquo;interrompt) C&rsquo;est dur. <strong>J&rsquo;arrivais avec des machines tr\u00e8s performantes, \u00e0 des prix tr\u00e8s attractifs. Je ne sais pas ce qui s&rsquo;est pass\u00e9, on m&rsquo;a juste confirm\u00e9 que c\u2019\u00e9tait criminel\u00a0\u00bb<\/strong>.<\/p>\n<p>\u00ab\u00a0Il n&rsquo;y a plus rien\u00a0\u00bb<\/p>\n<p style=\"text-align: left;\" align=\"justify\">Le montant du pr\u00e9judice li\u00e9 aux d\u00e9g\u00e2ts s&rsquo;\u00e9l\u00e8ve \u00e0 plusieurs dizaines de milliers d&rsquo;euros. Les flammes n&rsquo;ont \u00e9pargn\u00e9 ni les machines \u00e0 UV, ni le mobilier. <strong>\u00ab\u00a0Le faux plafond s&rsquo;est compl\u00e8tement effondr\u00e9, la clim est fondue, les canap\u00e9s et le bureau sont br\u00fbl\u00e9s. Il n&rsquo;y a plus rien&#8230;\u00a0\u00bb <\/strong>constate la responsable, am\u00e8re. L&rsquo;incendie n&rsquo;a toutefois fait aucun bless\u00e9 parmi les occupants des appartements situ\u00e9s au-dessus de l&rsquo;\u00e9tablissement et aliment\u00e9s au gaz.<\/p>\n<p> \u00ab\u00a0Je vais rouvrir\u00a0\u00bb<\/p>\n<p style=\"text-align: left;\" align=\"justify\">Et quelques heures apr\u00e8s le sinistre et ce violent coup encaiss\u00e9, Nastasia Lefran\u00e7ois, dont ce projet \u00e9tait le fruit d&rsquo;une reconversion professionnelle, ne s&rsquo;avoue pas vaincue et annonce qu&rsquo;elle va tr\u00e8s vite repartir de l&rsquo;avant. \u00ab\u00a0La suite pour moi, c&rsquo;est de dire \u00e0 ces personnes qui ne veulent pas que j&rsquo;ouvre, car c&rsquo;est clairement \u00e7a, que je ne vais pas me laisser abattre. Je suis tr\u00e8s triste, il va falloir que je me remette, mais je suis forte et les proc\u00e9dures sont d\u00e9j\u00e0 en cours. <strong>J<\/strong><strong>&lsquo;ai d\u00e9j\u00e0 fait ma d\u00e9claration de sinistre \u00e0 mon assurance, j&rsquo;ai un expert qui va passer dans la semaine. Je vais rouvrir, j&rsquo;arrive\u00a0!\u00a0\u00bb <\/strong>pr\u00e9vient Nastasia Lefran\u00e7ois, qui esp\u00e8re une r\u00e9ouverture de \u00ab\u00a0Coco Sun\u00a0\u00bb avant l&rsquo;\u00e9t\u00e9 2026.<\/p>\n","protected":false},"excerpt":{"rendered":"L&rsquo;\u00e9tablissement \u00ab\u00a0Coco Sun\u00a0\u00bb devait ouvrir dans moins d&rsquo;une semaine, \u00e0 Rouen, \u00e0 proximit\u00e9 du th\u00e9\u00e2tre des arts. Mais&hellip;\n","protected":false},"author":2,"featured_media":448450,"comment_status":"","ping_status":"","sticky":false,"template":"","format":"standard","meta":{"footnotes":""},"categories":[9587],"tags":[1111,11,1777,674,57420,1011,27,57418,23559,57417,57415,57416,22461,57419,12,5161,25,9590,5163],"class_list":{"0":"post-448449","1":"post","2":"type-post","3":"status-publish","4":"format-standard","5":"has-post-thumbnail","7":"category-rouen","8":"tag-actu","9":"tag-actualites","10":"tag-eu","11":"tag-europe","12":"tag-feu-criminel","13":"tag-fr","14":"tag-france","15":"tag-incendie-coco-sun","16":"tag-incendie-criminel","17":"tag-incendie-institut","18":"tag-incendie-rouen","19":"tag-incendie-salon-de-bronzage","20":"tag-infos-rouen","21":"tag-nastasia-lefrancois","22":"tag-news","23":"tag-normandie","24":"tag-republique-francaise","25":"tag-rouen","26":"tag-seine-maritime"},"share_on_mastodon":{"url":"https:\/\/pubeurope.com\/@fr\/115340724473451503","error":""},"_links":{"self":[{"href":"https:\/\/www.europesays.com\/fr\/wp-json\/wp\/v2\/posts\/448449","targetHints":{"allow":["GET"]}}],"collection":[{"href":"https:\/\/www.europesays.com\/fr\/wp-json\/wp\/v2\/posts"}],"about":[{"href":"https:\/\/www.europesays.com\/fr\/wp-json\/wp\/v2\/types\/post"}],"author":[{"embeddable":true,"href":"https:\/\/www.europesays.com\/fr\/wp-json\/wp\/v2\/users\/2"}],"replies":[{"embeddable":true,"href":"https:\/\/www.europesays.com\/fr\/wp-json\/wp\/v2\/comments?post=448449"}],"version-history":[{"count":0,"href":"https:\/\/www.europesays.com\/fr\/wp-json\/wp\/v2\/posts\/448449\/revisions"}],"wp:featuredmedia":[{"embeddable":true,"href":"https:\/\/www.europesays.com\/fr\/wp-json\/wp\/v2\/media\/448450"}],"wp:attachment":[{"href":"https:\/\/www.europesays.com\/fr\/wp-json\/wp\/v2\/media?parent=448449"}],"wp:term":[{"taxonomy":"category","embeddable":true,"href":"https:\/\/www.europesays.com\/fr\/wp-json\/wp\/v2\/categories?post=448449"},{"taxonomy":"post_tag","embeddable":true,"href":"https:\/\/www.europesays.com\/fr\/wp-json\/wp\/v2\/tags?post=448449"}],"curies":[{"name":"wp","href":"https:\/\/api.w.org\/{rel}","templated":true}]}}