{"id":448453,"date":"2025-10-08T21:44:10","date_gmt":"2025-10-08T21:44:10","guid":{"rendered":"https:\/\/www.europesays.com\/fr\/448453\/"},"modified":"2025-10-08T21:44:10","modified_gmt":"2025-10-08T21:44:10","slug":"video-le-programme-des-rencontres-cinemontagne-de-grenoble-2025","status":"publish","type":"post","link":"https:\/\/www.europesays.com\/fr\/448453\/","title":{"rendered":"VID\u00c9O &#8211; Le programme des Rencontres Cin\u00e9montagne de Grenoble 2025"},"content":{"rendered":"<p>Les Rencontres du cin\u00e9ma de montagne de Grenoble auront lieu du 4 au 8 novembre. La programmation a \u00e9t\u00e9 annonc\u00e9e ce jeudi. <\/p>\n<p>Toutes les disciplines de montagne ou presque sont repr\u00e9sent\u00e9es aux Rencontres du cin\u00e9ma de montagne qui se tiendront au Palais des Sports de Grenoble du 4 au 8 novembre prochain. La ville de Grenoble, organisatrice de l&rsquo;\u00e9v\u00e9nement, a d\u00e9voil\u00e9 la programmation ce mercredi. On pourra notamment voir le film de Liv Sansoz et Bertrand \u00ab\u00a0Zeb\u00a0\u00bb Roche sur leur premi\u00e8re au K2 (8.612 m) dans le massif du Karakoram\u00a0: le d\u00e9collage depuis le sommet en parapente biplace. Ou encore l&rsquo;aventure \u00e0 ski de Benjamin V\u00e9drines et Nicolas Jean sur les pentes les plus raides du massif des Ecrins.<\/p>\n<p><a target=\"_blank\" rel=\"nofollow noopener noreferrer\" class=\"IciLink ici-link IciArticleLink g-ici-body-regular-1 underline brand svelte-lu7k6w\" href=\"https:\/\/www.grenoble.fr\/384-rencontres-cine-montagne.htm\"><strong>Le programme des Rencontres Cin\u00e9montagne de Grenoble<\/strong><\/a><\/p>\n<p>Celles et ceux qui aiment m\u00ealer aventure et sciences trouveront leur bonheur dans la programmation des Rencontres Montagnes et Sciences qui se d\u00e9roulent la m\u00eame semaine, \u00e9galement au Palais des Sports, avec notamment la projection d&rsquo;un documentaire sur Joseph Vallot, ce scientifique qui, d\u00e8s la fin du XIXe si\u00e8cle a install\u00e9 un observatoire sur les pentes du mont Blanc.<\/p>\n<p><a href=\"https:\/\/www.youtube.com\/watch?v=4pJroPeW3ms\" target=\"_blank\" rel=\"noopener noreferrer nofollow\" class=\"Youtube svelte-15adm43\" style=\"background-image: url(https:\/\/i.ytimg.com\/vi\/4pJroPeW3ms\/sddefault.jpg);\"><\/p>\n<p>Teaser 12es Rencontres Montagnes &amp; Sciences &#8211; Grenoble, 7 &amp; 8 nov. 2025<\/p>\n<p> <\/a> <\/p>\n","protected":false},"excerpt":{"rendered":"Les Rencontres du cin\u00e9ma de montagne de Grenoble auront lieu du 4 au 8 novembre. La programmation a&hellip;\n","protected":false},"author":2,"featured_media":448454,"comment_status":"","ping_status":"","sticky":false,"template":"","format":"standard","meta":{"footnotes":""},"categories":[9566],"tags":[1111,11,2430,1777,674,1011,27,2731,12,25],"class_list":{"0":"post-448453","1":"post","2":"type-post","3":"status-publish","4":"format-standard","5":"has-post-thumbnail","7":"category-grenoble","8":"tag-actu","9":"tag-actualites","10":"tag-auvergne-rhone-alpes","11":"tag-eu","12":"tag-europe","13":"tag-fr","14":"tag-france","15":"tag-grenoble","16":"tag-news","17":"tag-republique-francaise"},"share_on_mastodon":{"url":"","error":""},"_links":{"self":[{"href":"https:\/\/www.europesays.com\/fr\/wp-json\/wp\/v2\/posts\/448453","targetHints":{"allow":["GET"]}}],"collection":[{"href":"https:\/\/www.europesays.com\/fr\/wp-json\/wp\/v2\/posts"}],"about":[{"href":"https:\/\/www.europesays.com\/fr\/wp-json\/wp\/v2\/types\/post"}],"author":[{"embeddable":true,"href":"https:\/\/www.europesays.com\/fr\/wp-json\/wp\/v2\/users\/2"}],"replies":[{"embeddable":true,"href":"https:\/\/www.europesays.com\/fr\/wp-json\/wp\/v2\/comments?post=448453"}],"version-history":[{"count":0,"href":"https:\/\/www.europesays.com\/fr\/wp-json\/wp\/v2\/posts\/448453\/revisions"}],"wp:featuredmedia":[{"embeddable":true,"href":"https:\/\/www.europesays.com\/fr\/wp-json\/wp\/v2\/media\/448454"}],"wp:attachment":[{"href":"https:\/\/www.europesays.com\/fr\/wp-json\/wp\/v2\/media?parent=448453"}],"wp:term":[{"taxonomy":"category","embeddable":true,"href":"https:\/\/www.europesays.com\/fr\/wp-json\/wp\/v2\/categories?post=448453"},{"taxonomy":"post_tag","embeddable":true,"href":"https:\/\/www.europesays.com\/fr\/wp-json\/wp\/v2\/tags?post=448453"}],"curies":[{"name":"wp","href":"https:\/\/api.w.org\/{rel}","templated":true}]}}