{"id":448457,"date":"2025-10-08T21:46:20","date_gmt":"2025-10-08T21:46:20","guid":{"rendered":"https:\/\/www.europesays.com\/fr\/448457\/"},"modified":"2025-10-08T21:46:20","modified_gmt":"2025-10-08T21:46:20","slug":"lopera-de-rennes-obtient-le-label-theatre-lyrique-dinteret-national","status":"publish","type":"post","link":"https:\/\/www.europesays.com\/fr\/448457\/","title":{"rendered":"L\u2019OP\u00c9RA DE RENNES obtient le label Th\u00e9\u00e2tre lyrique d\u2019int\u00e9r\u00eat national"},"content":{"rendered":"<p><a href=\"https:\/\/www.theatremontansier.com\/event\/ombres-et-lumieres\/\" aria-label=\"montansier_250X602px\" rel=\"nofollow noopener\" target=\"_blank\"><img loading=\"lazy\" decoding=\"async\" src=\"https:\/\/www.europesays.com\/fr\/wp-content\/uploads\/2025\/10\/montansier_250X602px.gif\" alt=\"\" width=\"1203\" height=\"500\"\/><\/a>Le Minist\u00e8re de la Culture a annonc\u00e9 le conventionnement comme Th\u00e9\u00e2tre lyrique d\u2019int\u00e9r\u00eat national de <strong>l\u2019Op\u00e9ra de Rennes<\/strong>, pour une dur\u00e9e de 5 ans renouvelable. Belle reconnaissance pour l\u2019\u00e9tablissement rennais que dirige de fa\u00e7on exemplaire son dire teur actuel,<strong> Matthieu Rietzler.<\/strong><\/p>\n<p>\u00a0\n<\/p>\n<p>\u00a0\n<\/p>\n<p>\u00a0\n<\/p>\n<p>Le label et son conventionnement reconnaissent et accompagnent les maisons d\u2019op\u00e9ra fran\u00e7aises qui, du fait de leur activit\u00e9 et des choix de programmation, de saisons en saisons, offrent un int\u00e9r\u00eat g\u00e9n\u00e9ral pour la cr\u00e9ation, le renouvellement, la valorisation, la d\u00e9mocratisation du genre lyrique et de toutes les formes artistiques qui lui sont associ\u00e9es.\n<\/p>\n<p><strong>Le Minist\u00e8re de la Culture salue et souligne ainsi le travail des \u00e9quipes de l\u2019Op\u00e9ra de Rennes<\/strong>, plac\u00e9es sous la direction de<strong>\u00a0Matthieu Rietzler<\/strong>. Le Th\u00e9\u00e2tre devenu une institution de r\u00e9f\u00e9rence, est aujourd\u2019hui reconnue \u00a0\u00bb pour la qualit\u00e9 de sa programmation, son dynamisme et son ouverture. L\u2019\u00e9tablissement contribue au rayonnement de l\u2019art lyrique et de la musique en Bretagne comme sur l\u2019ensemble du territoire national.\u00a0\u00a0\u00bb\n<\/p>\n<p><a href=\"https:\/\/www.classiquenews.com\/opera-de-rennes-nouvelle-saison-2025-2026-rinaldo-la-calisto-comedy-cendrillon-lucia-di-lammermoor-curlew-river-robinson-crusoe\/\" target=\"_blank\" rel=\"noopener nofollow\"><img fetchpriority=\"high\" decoding=\"async\" class=\"alignleft size-medium wp-image-80468\" src=\"https:\/\/www.europesays.com\/fr\/wp-content\/uploads\/2025\/10\/opera-de-rennes-theatre-interet-national-opera-de-rennes-classiquenews-300x295.png\" alt=\"\" width=\"300\" height=\"295\"  \/><\/a>Plus que jamais, <strong>l\u2019Op\u00e9ra de Rennes fait m\u00eame figure de mod\u00e8le<\/strong> autant pour la programmation artistique que pour toutes les actions et formes de concerts propos\u00e9es en compl\u00e9mentarit\u00e9 tout au long de chaque nouvelle saison : l\u2019Op\u00e9ra de Rennes a ainsi contribu\u00e9 \u00e0 \u00e9largir, diversifier, fid\u00e9liser, les profils des publics, renouvelant l\u2019image et la perception d\u2019une maison d\u2019op\u00e9ra et du genre lyrique de fa\u00e7on g\u00e9n\u00e9rale.<br \/>Il a cr\u00e9\u00e9 des rendez-vous musicaux ouverts \u00e0 tous comme \u00a0\u00bb Objectif ch\u0153urs \u00ab\u00a0, op\u00e9ration annuelle \u00e0 l\u2019\u00e9chelle du territoire breton fusionnant \u00e9ducation et cr\u00e9ation artistique. Il favorise les coproductions avec entre autres Angers Nantes Op\u00e9ra.\n<\/p>\n<p>L\u2019Op\u00e9ra de Rennes rejoint ainsi le r\u00e9seau hexagonal des maisons d\u2019op\u00e9ra aux c\u00f4t\u00e9s des 6 \u00e9tablissements labellis\u00e9s \u00ab Op\u00e9ra national en r\u00e9gion \u00bb et des 4 autres \u00ab Th\u00e9\u00e2tres lyriques d\u2019int\u00e9r\u00eat national \u00bb.\n<\/p>\n<p>\u00a0\n<\/p>\n<p><a href=\"https:\/\/www.classiquenews.com\/opera-de-rennes-nouvelle-saison-2025-2026-rinaldo-la-calisto-comedy-cendrillon-lucia-di-lammermoor-curlew-river-robinson-crusoe\/\" target=\"_blank\" rel=\"noopener nofollow\"><img loading=\"lazy\" decoding=\"async\" class=\"alignleft wp-image-80469\" src=\"https:\/\/www.europesays.com\/fr\/wp-content\/uploads\/2025\/10\/logo-opera-de-rennes-theatre-national-classiquenews-critiques-opera-300x150.png\" alt=\"\" width=\"212\" height=\"106\"  \/><\/a><strong>LIRE<\/strong> aussi <strong>notre pr\u00e9sentation de la nouvelle saison 2025-2026 de l\u2019Op\u00e9ra de Rennes<\/strong> : <a href=\"https:\/\/www.classiquenews.com\/opera-de-rennes-nouvelle-saison-2025-2026-rinaldo-la-calisto-comedy-cendrillon-lucia-di-lammermoor-curlew-river-robinson-crusoe\/\" rel=\"nofollow noopener\" target=\"_blank\">https:\/\/www.classiquenews.com\/opera-de-rennes-nouvelle-saison-2025-2026-rinaldo-la-calisto-comedy-cendrillon-lucia-di-lammermoor-curlew-river-robinson-crusoe\/<\/a>\n<\/p>\n<p>\u00a0\n<\/p>\n<p>\u00a0\n<\/p>\n<p>\u00a0\n<\/p>\n<p><strong><a href=\"https:\/\/www.classiquenews.com\/entretien-avec-matthieu-rietzler-directeur-de-lopera-de-rennes-a-propos-de-la-nouvelle-saison-2025-2026\/\" target=\"_blank\" rel=\"noopener nofollow\"><img loading=\"lazy\" decoding=\"async\" class=\"alignleft size-medium wp-image-69311\" src=\"https:\/\/www.europesays.com\/fr\/wp-content\/uploads\/2025\/07\/mathieu-rietzler-opera-de-rennes-saison-24-25-annonces-concerts-operas-critiques-classiquenews-300x2.jpeg\" alt=\"\" width=\"300\" height=\"293\"  \/><\/a>LIRE<\/strong> aussi <strong>notre entretien avec Matthieu Rietzler \u00e0 propos de la nouvelle saison 2025-2026 de l\u2019Op\u00e9ra de Rennes<\/strong> : <a href=\"https:\/\/www.classiquenews.com\/entretien-avec-matthieu-rietzler-directeur-de-lopera-de-rennes-a-propos-de-la-nouvelle-saison-2025-2026\/\" rel=\"nofollow noopener\" target=\"_blank\">https:\/\/www.classiquenews.com\/entretien-avec-matthieu-rietzler-directeur-de-lopera-de-rennes-a-propos-de-la-nouvelle-saison-2025-2026\/<\/a>\n<\/p>\n<p>Offre g\u00e9n\u00e9reuse et accessible, lieu ouvert et f\u00e9d\u00e9rateur, formats innovants et participatifs\u2026 L\u2019Op\u00e9ra de Rennes fait figure d\u2019exemple \u00e0 l\u2019\u00e9chelle hexagonale : l\u2019\u00e9tablissement sous l\u2019impulsion de son directeur Matthieu Rietzler ne cesse d\u2019innover, de surprendre et convaincre. Sous sa direction, l\u2019Op\u00e9ra \u00e0 d\u00e9finitivement perdu son image \u00e9litiste, de centre inaccessible r\u00e9serv\u00e9 \u00e0 une \u00e9lite..<\/p>\n<p>\u00a0\n<\/p>\n<p style=\"text-align: center;\">_____________________________________\n<\/p>\n<p>\u00a0\n<\/p>\n<p>\u00a0\n<\/p>\n<p>\u00a0\n<\/p>\n<p><a href=\"https:\/\/aparte.lnk.to\/Constellation-VirgilBoutelisTaft\" aria-label=\"BOUTEILLIS CD 602\u00d7250-ap382\" rel=\"nofollow noopener\" target=\"_blank\"><img loading=\"lazy\" decoding=\"async\" src=\"https:\/\/www.europesays.com\/fr\/wp-content\/uploads\/2025\/10\/BOUTEILLIS-CD-602x250-ap382.jpg\" alt=\"\"   width=\"602\" height=\"250\"\/><\/a><\/p>\n","protected":false},"excerpt":{"rendered":"Le Minist\u00e8re de la Culture a annonc\u00e9 le conventionnement comme Th\u00e9\u00e2tre lyrique d\u2019int\u00e9r\u00eat national de l\u2019Op\u00e9ra de Rennes,&hellip;\n","protected":false},"author":2,"featured_media":448458,"comment_status":"","ping_status":"","sticky":false,"template":"","format":"standard","meta":{"footnotes":""},"categories":[2821],"tags":[1111,11,829,1777,674,1011,27,12,584,25],"class_list":{"0":"post-448457","1":"post","2":"type-post","3":"status-publish","4":"format-standard","5":"has-post-thumbnail","7":"category-rennes","8":"tag-actu","9":"tag-actualites","10":"tag-bretagne","11":"tag-eu","12":"tag-europe","13":"tag-fr","14":"tag-france","15":"tag-news","16":"tag-rennes","17":"tag-republique-francaise"},"share_on_mastodon":{"url":"https:\/\/pubeurope.com\/@fr\/115340745189234101","error":""},"_links":{"self":[{"href":"https:\/\/www.europesays.com\/fr\/wp-json\/wp\/v2\/posts\/448457","targetHints":{"allow":["GET"]}}],"collection":[{"href":"https:\/\/www.europesays.com\/fr\/wp-json\/wp\/v2\/posts"}],"about":[{"href":"https:\/\/www.europesays.com\/fr\/wp-json\/wp\/v2\/types\/post"}],"author":[{"embeddable":true,"href":"https:\/\/www.europesays.com\/fr\/wp-json\/wp\/v2\/users\/2"}],"replies":[{"embeddable":true,"href":"https:\/\/www.europesays.com\/fr\/wp-json\/wp\/v2\/comments?post=448457"}],"version-history":[{"count":0,"href":"https:\/\/www.europesays.com\/fr\/wp-json\/wp\/v2\/posts\/448457\/revisions"}],"wp:featuredmedia":[{"embeddable":true,"href":"https:\/\/www.europesays.com\/fr\/wp-json\/wp\/v2\/media\/448458"}],"wp:attachment":[{"href":"https:\/\/www.europesays.com\/fr\/wp-json\/wp\/v2\/media?parent=448457"}],"wp:term":[{"taxonomy":"category","embeddable":true,"href":"https:\/\/www.europesays.com\/fr\/wp-json\/wp\/v2\/categories?post=448457"},{"taxonomy":"post_tag","embeddable":true,"href":"https:\/\/www.europesays.com\/fr\/wp-json\/wp\/v2\/tags?post=448457"}],"curies":[{"name":"wp","href":"https:\/\/api.w.org\/{rel}","templated":true}]}}