{"id":448467,"date":"2025-10-08T21:52:44","date_gmt":"2025-10-08T21:52:44","guid":{"rendered":"https:\/\/www.europesays.com\/fr\/448467\/"},"modified":"2025-10-08T21:52:44","modified_gmt":"2025-10-08T21:52:44","slug":"marre-de-spotify-et-du-virtuel-le-dj-fakear-se-produit-en-concert-dans-un-supermarche","status":"publish","type":"post","link":"https:\/\/www.europesays.com\/fr\/448467\/","title":{"rendered":"Marre de Spotify et du virtuel\u00a0: le DJ Fakear se produit en concert dans un supermarch\u00e9"},"content":{"rendered":"<p>Danser entre les c\u00e9r\u00e9ales et les fruits et l\u00e9gumes\u00a0! Militante, l\u2019exp\u00e9rience s\u2019annonce pour le moins originale et se d\u00e9roulera ce week-end \u00e0 Nantes. L\u2019artiste caennais Fakear vient samedi se produire gratuitement dans les rayons de la biocoop Les Hameaux bio, rue Barbara, dans le quartier de Saint-Joseph-de-Porterie. Il aura fait le m\u00eame type de concert la veille \u00e0 Rennes.<\/p>\n<p>Il s\u2019agit d\u2019un format intimiste avec une jauge de 60\u00a0personnes, sur r\u00e9servation obligatoire (lien ci-dessous). Fakear, auteur et musicien de 34\u00a0ans n\u00e9 \u00e0 Caen est une figure de l\u2019\u00e9lectro en vogue qui fait le tour du monde depuis une dizaine d\u2019ann\u00e9es gr\u00e2ce \u00e0 ses compos. Il a voulu cette d\u00e9marche qui sort de l\u2019ordinaire et qui s\u2019inspire des \u00a0pocket sessions\u00a0 de Thom Yorke, le chanteur de Radiohead. L\u2019occasion pour ce fils d\u2019enseignants en musique d\u2019exprimer son besoin de rupture, m\u00eame provisoire, avec le fonctionnement des plateformes et le rythme de l\u2019industrie musicale actuelle.<\/p>\n<p>\u00ab\u00a0Besoin de r\u00e9el\u00a0\u00bb<\/p>\n<p>\u00a0J\u2019ai fait ma valise, pris quelques machines et deux-trois v\u00eatements, explique l\u2019artiste sur ses r\u00e9seaux. J\u2019ai besoin de vous voir. Qu\u2019on \u00e9coute des choses, qu\u2019on en parle apr\u00e8s, qu\u2019on rit et qu\u2019on soit ensemble. Pas \u00e0 travers l\u2019\u00e9cran, pas \u00e0 travers un commentaire virtuel empil\u00e9 sur les autres, pas \u00e0 travers une \u00e9coute Spotify soigneusement enregistr\u00e9e, barom\u00e8tre de notre valeur artistique sur le march\u00e9\u00a0.<\/p>\n<p>\u00a0J\u2019ai besoin de r\u00e9el, confesse-t-il ensuite, de contact, d\u2019un endroit cool pour exister, pour passer du temps aupr\u00e8s de vous. le monde est un jeu open world o\u00f9 nous sommes libres de choisir o\u00f9 aller, et ma qu\u00eate principale, c\u2019est de faire de la musique pour vous. Les qu\u00eates secondaires attendront. J\u2019arrive.\u00a0 Sur instagram, Th\u00e9o Le Vigoureux de son vrai nom annonce ses sets pour Caen (sa ville d\u2019origine), Rennes et Nantes dans des locations secr\u00e8tes et invite ses fans \u00e0 commenter leur ville pour un tirage au sort de quelques places.<\/p>\n<blockquote class=\"instagram-media\" data-instgrm-captioned=\"\" data-instgrm-permalink=\"https:\/\/www.instagram.com\/p\/DPbj9UTjMmo\/?utm_source=ig_embed&amp;utm_campaign=loading\" data-instgrm-version=\"14\" style=\" background:#FFF; border:0; border-radius:3px; box-shadow:0 0 1px 0 rgba(0,0,0,0.5),0 1px 10px 0 rgba(0,0,0,0.15); margin: 1px; max-width:540px; min-width:326px; padding:0; width:99.375%; width:-webkit-calc(100% - 2px); width:calc(100% - 2px);\" wp_automatic_readability=\"-0.23863636363636\"\/>\n<p>Les g\u00e9rants de l\u2019\u00e9picerie, qui l\u2019ont invit\u00e9, sont ravis\u00a0: \u00a0cet instant musical unique se d\u00e9roulera en petit comit\u00e9 au milieu des rayons de notre magasin pour favoriser la proximit\u00e9 entre l\u2019artiste et le public. Il symbolise aussi notre volont\u00e9 de faire de notre magasin plus qu\u2019un lieu de commerce\u00a0: un v\u00e9ritable espace de vie et de rencontres, o\u00f9 habitants, artistes et acteurs du territoire peuvent se retrouver autrement.\u00a0 L\u2019exp\u00e9rience, soutenue par leur r\u00e9seau, se veut \u00a0sensible\u00a0 et \u00a0humaine\u00a0.<\/p>\n<p>Samedi 11\u00a0octobre, \u00e0 19h30. Sur r\u00e9servation uniquement, \u00e0 faire en ligne <a href=\"https:\/\/shotgun.live\/fr\/events\/fakear-nantes-biocoop-les-hameaux\" target=\"_blank\" rel=\"noopener\">ici<\/a>.<\/p>\n<p>\u00a0<\/p>\n<p>\t\t<script async src=\"\/\/www.instagram.com\/embed.js\"><\/script><\/p>\n","protected":false},"excerpt":{"rendered":"Danser entre les c\u00e9r\u00e9ales et les fruits et l\u00e9gumes\u00a0! Militante, l\u2019exp\u00e9rience s\u2019annonce pour le moins originale et se&hellip;\n","protected":false},"author":2,"featured_media":448468,"comment_status":"","ping_status":"","sticky":false,"template":"","format":"standard","meta":{"footnotes":""},"categories":[2818],"tags":[1111,11,1697,12666,1777,674,57424,1011,27,43246,766,12,2636,9199,25,6852,397,42425],"class_list":{"0":"post-448467","1":"post","2":"type-post","3":"status-publish","4":"format-standard","5":"has-post-thumbnail","7":"category-nantes","8":"tag-actu","9":"tag-actualites","10":"tag-concert","11":"tag-dj","12":"tag-eu","13":"tag-europe","14":"tag-fakear","15":"tag-fr","16":"tag-france","17":"tag-marre","18":"tag-nantes","19":"tag-news","20":"tag-pays-de-la-loire","21":"tag-produit","22":"tag-republique-francaise","23":"tag-spotify","24":"tag-supermarche","25":"tag-virtuel"},"share_on_mastodon":{"url":"https:\/\/pubeurope.com\/@fr\/115340767679391861","error":""},"_links":{"self":[{"href":"https:\/\/www.europesays.com\/fr\/wp-json\/wp\/v2\/posts\/448467","targetHints":{"allow":["GET"]}}],"collection":[{"href":"https:\/\/www.europesays.com\/fr\/wp-json\/wp\/v2\/posts"}],"about":[{"href":"https:\/\/www.europesays.com\/fr\/wp-json\/wp\/v2\/types\/post"}],"author":[{"embeddable":true,"href":"https:\/\/www.europesays.com\/fr\/wp-json\/wp\/v2\/users\/2"}],"replies":[{"embeddable":true,"href":"https:\/\/www.europesays.com\/fr\/wp-json\/wp\/v2\/comments?post=448467"}],"version-history":[{"count":0,"href":"https:\/\/www.europesays.com\/fr\/wp-json\/wp\/v2\/posts\/448467\/revisions"}],"wp:featuredmedia":[{"embeddable":true,"href":"https:\/\/www.europesays.com\/fr\/wp-json\/wp\/v2\/media\/448468"}],"wp:attachment":[{"href":"https:\/\/www.europesays.com\/fr\/wp-json\/wp\/v2\/media?parent=448467"}],"wp:term":[{"taxonomy":"category","embeddable":true,"href":"https:\/\/www.europesays.com\/fr\/wp-json\/wp\/v2\/categories?post=448467"},{"taxonomy":"post_tag","embeddable":true,"href":"https:\/\/www.europesays.com\/fr\/wp-json\/wp\/v2\/tags?post=448467"}],"curies":[{"name":"wp","href":"https:\/\/api.w.org\/{rel}","templated":true}]}}